{"id":983,"date":"2016-05-07T07:46:27","date_gmt":"2016-05-07T07:46:27","guid":{"rendered":"http:\/\/europa-forum.org\/pl\/?p=983"},"modified":"2016-05-07T07:53:06","modified_gmt":"2016-05-07T07:53:06","slug":"interaktywne-spotkanie-medialne-teleportacja-high-tech-300-km-z-wroclawia-do-berlina-i-z-powrotem","status":"publish","type":"post","link":"https:\/\/europa-forum.org\/pl\/2016\/05\/interaktywne-spotkanie-medialne-teleportacja-high-tech-300-km-z-wroclawia-do-berlina-i-z-powrotem\/","title":{"rendered":"Interaktywne spotkanie medialne: teleportacja High-Tech 300 km z Wroc\u0142awia do Berlina i z powrotem"},"content":{"rendered":"<p>Szanowni Cz\u0142onkowie Europa Forum,<br \/>\nSzanowni Pa\u0144stwo,<\/p>\n<p>serdecznie zapraszamy w imieniu organizator\u00f3w i w\u0142asnym 12 maja w godzinach 11:30 do 13:30 na mi\u0119dzynarodowe spotkanie technologii i prasy w multimedialnej instalacji &#8222;Luneta&#8221;. <!--more--><\/p>\n<p>Data: wt., 12 maj 2016<br \/>\nGodzina: 11:30 \u2013 13:30<br \/>\nMiejsce: Instalacja &#8222;Luneta&#8221; \u2013 Dworzec G\u0142\u00f3wny we Wroc\u0142awiu<br \/>\nStrona internetowa: http:\/\/www.wroclaw.berlin\/kalendarz-wydarzen\/luneta-2016\/<\/p>\n<p>Naszymi partnerami po stronie niemieckiej s\u0105:<\/p>\n<ul>\n<li>Georg Kauert, Dyrektor Wydzia\u0142u ds. Gospodarki &#8211; Senatsverwaltung f\u00fcr Wirtschaft, Technologie und Forschung<\/li>\n<li>Jacek Robak, Dyrektor Wydzia\u0142u Promocji Handlu i Inwestycji &#8211; Ambasada RP w Berlinie<\/li>\n<li>Przedstawiciele Stiftung Zukunft Berlin<\/li>\n<li>Volkmar Umlauft, Artysta \u2013 idea oraz realizacja instalacji &#8222;Luneta&#8221;<\/li>\n<li>Ren\u00e9 Ebert, Dyrektor SIBB e.V. \u2013 ICT &#038; Digital Business Association Berlin &#038; Brandenburg<\/li>\n<li>Przedsi\u0119biorstwa z Berlina i Brandenburgii: ICE Gateway, Movingimage, b-gis, 3yourmind<\/li>\n<\/ul>\n<p>Partnerami po stronie polskiej s\u0105:<\/p>\n<ul>\n<li>Maciej Bluj &#8211; Wiceprezydent Miasta Wroc\u0142awia<\/li>\n<li>Christiane Botschen, Referat Gospodarczy &#8211; Konsulat Generalny RFN we Wroc\u0142awiu<\/li>\n<li>Claus Frank \/ Aleksandra Ciecierzy\u0144ska, Zarz\u0105d \u2013 EUROPA FORUM Polsko-Niemieckie Ko\u0142o Gospodarcze<\/li>\n<li>\u0141ukasz Czajkowski, Dyrektor Centrum Wspierania Biznesu &#8211; Agencja Rozwoju Aglomeracji Wroc\u0142awskiej<\/li>\n<li>Piotr Stawi\u0144ski, cz\u0142onek Zarz\u0105du &#8211; ITCorner<\/li>\n<li>Przedsi\u0119biorstwa z Wroc\u0142awia i Dolnego \u015al\u0105ska: Fream, Neurosoft, EARP, 3yourmind<\/li>\n<\/ul>\n<p>Dalsze szczeg\u00f3\u0142y w <a href=\"http:\/\/europa-forum.org\/wp-content\/uploads\/2016\/05\/Program.PL_12.05.2016_Luneta.pdf\">za\u0142\u0105czeniu<\/a>. Moderacja oraz t\u0142umaczenie: Adam Formanek \u2013 Project Manager SIBB e.V.<\/p>\n<p>Ilo\u015b\u0107 miejsc jest ograniczona \u2013 prosimy o zg\u0142oszenia do dn. 9 maja na adres info@ef.com.pl<\/p>\n","protected":false},"excerpt":{"rendered":"<p>Szanowni Cz\u0142onkowie Europa Forum, Szanowni Pa\u0144stwo, serdecznie zapraszamy w imieniu organizator\u00f3w i w\u0142asnym 12 maja w godzinach 11:30 do 13:30 na mi\u0119dzynarodowe spotkanie technologii i prasy w multimedialnej instalacji &#8222;Luneta&#8221;.<\/p>\n","protected":false},"author":34,"featured_media":252,"comment_status":"closed","ping_status":"open","sticky":false,"template":"","format":"image","meta":{"ngg_post_thumbnail":0,"footnotes":""},"categories":[48],"tags":[95,53,182,94],"class_list":["post-983","post","type-post","status-publish","format-image","has-post-thumbnail","hentry","category-wydarzenia-partnerow","tag-2016-pl","tag-europa-forum-wroclaw","tag-kolo-gospodarcze-pl","tag-luneta-pl","post_format-post-format-image"],"yoast_head":"<!-- This site is optimized with the Yoast SEO plugin v27.3 - https:\/\/yoast.com\/product\/yoast-seo-wordpress\/ -->\n<title>Interaktywne spotkanie medialne: teleportacja High-Tech 300 km z Wroc\u0142awia do Berlina i z powrotem - EUROPA FORUM<\/title>\n<meta name=\"robots\" content=\"index, follow, max-snippet:-1, max-image-preview:large, max-video-preview:-1\" \/>\n<link rel=\"canonical\" href=\"https:\/\/europa-forum.org\/2016\/05\/einladung-zum-interaktiven-pressegespraech-berlin-beamt-high-tech-ins-300-km-entfernte-breslau-breslau-beamt-high-tech-ins-300-km-entfernte-berlin\/\" \/>\n<meta property=\"og:locale\" content=\"pl_PL\" \/>\n<meta property=\"og:type\" content=\"article\" \/>\n<meta property=\"og:title\" content=\"Interaktywne spotkanie medialne: teleportacja High-Tech 300 km z Wroc\u0142awia do Berlina i z powrotem - EUROPA FORUM\" \/>\n<meta property=\"og:description\" content=\"Szanowni Cz\u0142onkowie Europa Forum, Szanowni Pa\u0144stwo, serdecznie zapraszamy w imieniu organizator\u00f3w i w\u0142asnym 12 maja w godzinach 11:30 do 13:30 na mi\u0119dzynarodowe spotkanie technologii i prasy w multimedialnej instalacji &#8222;Luneta&#8221;.\" \/>\n<meta property=\"og:url\" content=\"https:\/\/europa-forum.org\/2016\/05\/einladung-zum-interaktiven-pressegespraech-berlin-beamt-high-tech-ins-300-km-entfernte-breslau-breslau-beamt-high-tech-ins-300-km-entfernte-berlin\/\" \/>\n<meta property=\"og:site_name\" content=\"EUROPA FORUM\" \/>\n<meta property=\"article:publisher\" content=\"https:\/\/www.facebook.com\/EuropaForum\/\" \/>\n<meta property=\"article:published_time\" content=\"2016-05-07T07:46:27+00:00\" \/>\n<meta property=\"article:modified_time\" content=\"2016-05-07T07:53:06+00:00\" \/>\n<meta property=\"og:image\" content=\"https:\/\/storage.googleapis.com\/media-cloud-test-ef\/2016\/04\/pl\/event-luneta.png\" \/>\n\t<meta property=\"og:image:width\" content=\"800\" \/>\n\t<meta property=\"og:image:height\" content=\"400\" \/>\n\t<meta property=\"og:image:type\" content=\"image\/png\" \/>\n<meta name=\"author\" content=\"Web EUROPA FORUM\" \/>\n<meta name=\"twitter:card\" content=\"summary_large_image\" \/>\n<meta name=\"twitter:label1\" content=\"Napisane przez\" \/>\n\t<meta name=\"twitter:data1\" content=\"Web EUROPA FORUM\" \/>\n\t<meta name=\"twitter:label2\" content=\"Szacowany czas czytania\" \/>\n\t<meta name=\"twitter:data2\" content=\"1 minuta\" \/>\n<script type=\"application\/ld+json\" class=\"yoast-schema-graph\">{\"@context\":\"https:\\\/\\\/schema.org\",\"@graph\":[{\"@type\":\"Article\",\"@id\":\"https:\\\/\\\/europa-forum.org\\\/2016\\\/05\\\/einladung-zum-interaktiven-pressegespraech-berlin-beamt-high-tech-ins-300-km-entfernte-breslau-breslau-beamt-high-tech-ins-300-km-entfernte-berlin\\\/#article\",\"isPartOf\":{\"@id\":\"https:\\\/\\\/europa-forum.org\\\/2016\\\/05\\\/einladung-zum-interaktiven-pressegespraech-berlin-beamt-high-tech-ins-300-km-entfernte-breslau-breslau-beamt-high-tech-ins-300-km-entfernte-berlin\\\/\"},\"author\":{\"name\":\"Web EUROPA FORUM\",\"@id\":\"https:\\\/\\\/europa-forum.org\\\/#\\\/schema\\\/person\\\/78941253d03fdc931167811f69ae5afc\"},\"headline\":\"Interaktywne spotkanie medialne: teleportacja High-Tech 300 km z Wroc\u0142awia do Berlina i z powrotem\",\"datePublished\":\"2016-05-07T07:46:27+00:00\",\"dateModified\":\"2016-05-07T07:53:06+00:00\",\"mainEntityOfPage\":{\"@id\":\"https:\\\/\\\/europa-forum.org\\\/2016\\\/05\\\/einladung-zum-interaktiven-pressegespraech-berlin-beamt-high-tech-ins-300-km-entfernte-breslau-breslau-beamt-high-tech-ins-300-km-entfernte-berlin\\\/\"},\"wordCount\":241,\"publisher\":{\"@id\":\"https:\\\/\\\/europa-forum.org\\\/#organization\"},\"image\":{\"@id\":\"https:\\\/\\\/europa-forum.org\\\/2016\\\/05\\\/einladung-zum-interaktiven-pressegespraech-berlin-beamt-high-tech-ins-300-km-entfernte-breslau-breslau-beamt-high-tech-ins-300-km-entfernte-berlin\\\/#primaryimage\"},\"thumbnailUrl\":\"https:\\\/\\\/storage.googleapis.com\\\/media-cloud-test-ef\\\/2016\\\/04\\\/pl\\\/event-luneta.png\",\"keywords\":[\"2016\",\"Europa Forum Wroc\u0142aw\",\"Ko\u0142o gospodarcze\",\"Luneta\"],\"articleSection\":[\"Wydarzenia partner\u00f3w\"],\"inLanguage\":\"pl-PL\"},{\"@type\":\"WebPage\",\"@id\":\"https:\\\/\\\/europa-forum.org\\\/2016\\\/05\\\/einladung-zum-interaktiven-pressegespraech-berlin-beamt-high-tech-ins-300-km-entfernte-breslau-breslau-beamt-high-tech-ins-300-km-entfernte-berlin\\\/\",\"url\":\"https:\\\/\\\/europa-forum.org\\\/2016\\\/05\\\/einladung-zum-interaktiven-pressegespraech-berlin-beamt-high-tech-ins-300-km-entfernte-breslau-breslau-beamt-high-tech-ins-300-km-entfernte-berlin\\\/\",\"name\":\"Interaktywne spotkanie medialne: teleportacja High-Tech 300 km z Wroc\u0142awia do Berlina i z powrotem - EUROPA FORUM\",\"isPartOf\":{\"@id\":\"https:\\\/\\\/europa-forum.org\\\/#website\"},\"primaryImageOfPage\":{\"@id\":\"https:\\\/\\\/europa-forum.org\\\/2016\\\/05\\\/einladung-zum-interaktiven-pressegespraech-berlin-beamt-high-tech-ins-300-km-entfernte-breslau-breslau-beamt-high-tech-ins-300-km-entfernte-berlin\\\/#primaryimage\"},\"image\":{\"@id\":\"https:\\\/\\\/europa-forum.org\\\/2016\\\/05\\\/einladung-zum-interaktiven-pressegespraech-berlin-beamt-high-tech-ins-300-km-entfernte-breslau-breslau-beamt-high-tech-ins-300-km-entfernte-berlin\\\/#primaryimage\"},\"thumbnailUrl\":\"https:\\\/\\\/storage.googleapis.com\\\/media-cloud-test-ef\\\/2016\\\/04\\\/pl\\\/event-luneta.png\",\"datePublished\":\"2016-05-07T07:46:27+00:00\",\"dateModified\":\"2016-05-07T07:53:06+00:00\",\"breadcrumb\":{\"@id\":\"https:\\\/\\\/europa-forum.org\\\/2016\\\/05\\\/einladung-zum-interaktiven-pressegespraech-berlin-beamt-high-tech-ins-300-km-entfernte-breslau-breslau-beamt-high-tech-ins-300-km-entfernte-berlin\\\/#breadcrumb\"},\"inLanguage\":\"pl-PL\",\"potentialAction\":[{\"@type\":\"ReadAction\",\"target\":[\"https:\\\/\\\/europa-forum.org\\\/2016\\\/05\\\/einladung-zum-interaktiven-pressegespraech-berlin-beamt-high-tech-ins-300-km-entfernte-breslau-breslau-beamt-high-tech-ins-300-km-entfernte-berlin\\\/\"]}]},{\"@type\":\"ImageObject\",\"inLanguage\":\"pl-PL\",\"@id\":\"https:\\\/\\\/europa-forum.org\\\/2016\\\/05\\\/einladung-zum-interaktiven-pressegespraech-berlin-beamt-high-tech-ins-300-km-entfernte-breslau-breslau-beamt-high-tech-ins-300-km-entfernte-berlin\\\/#primaryimage\",\"url\":\"https:\\\/\\\/storage.googleapis.com\\\/media-cloud-test-ef\\\/2016\\\/04\\\/pl\\\/event-luneta.png\",\"contentUrl\":\"https:\\\/\\\/storage.googleapis.com\\\/media-cloud-test-ef\\\/2016\\\/04\\\/pl\\\/event-luneta.png\",\"width\":800,\"height\":400},{\"@type\":\"BreadcrumbList\",\"@id\":\"https:\\\/\\\/europa-forum.org\\\/2016\\\/05\\\/einladung-zum-interaktiven-pressegespraech-berlin-beamt-high-tech-ins-300-km-entfernte-breslau-breslau-beamt-high-tech-ins-300-km-entfernte-berlin\\\/#breadcrumb\",\"itemListElement\":[{\"@type\":\"ListItem\",\"position\":1,\"name\":\"Home\",\"item\":\"https:\\\/\\\/europa-forum.org\\\/pl\\\/\"},{\"@type\":\"ListItem\",\"position\":2,\"name\":\"Interaktywne spotkanie medialne: teleportacja High-Tech 300 km z Wroc\u0142awia do Berlina i z powrotem\"}]},{\"@type\":\"WebSite\",\"@id\":\"https:\\\/\\\/europa-forum.org\\\/#website\",\"url\":\"https:\\\/\\\/europa-forum.org\\\/\",\"name\":\"EUROPA FORUM\",\"description\":\"Polsko-Niemieckie Ko\u0142o Gospodarcze we Wroc\u0142awiu\",\"publisher\":{\"@id\":\"https:\\\/\\\/europa-forum.org\\\/#organization\"},\"potentialAction\":[{\"@type\":\"SearchAction\",\"target\":{\"@type\":\"EntryPoint\",\"urlTemplate\":\"https:\\\/\\\/europa-forum.org\\\/?s={search_term_string}\"},\"query-input\":{\"@type\":\"PropertyValueSpecification\",\"valueRequired\":true,\"valueName\":\"search_term_string\"}}],\"inLanguage\":\"pl-PL\"},{\"@type\":\"Organization\",\"@id\":\"https:\\\/\\\/europa-forum.org\\\/#organization\",\"name\":\"EUROPA FORUM\",\"url\":\"https:\\\/\\\/europa-forum.org\\\/\",\"logo\":{\"@type\":\"ImageObject\",\"inLanguage\":\"pl-PL\",\"@id\":\"https:\\\/\\\/europa-forum.org\\\/#\\\/schema\\\/logo\\\/image\\\/\",\"url\":\"https:\\\/\\\/storage.googleapis.com\\\/media-cloud-test-ef\\\/2024\\\/12\\\/logo-square.png\",\"contentUrl\":\"https:\\\/\\\/storage.googleapis.com\\\/media-cloud-test-ef\\\/2024\\\/12\\\/logo-square.png\",\"width\":240,\"height\":240,\"caption\":\"EUROPA FORUM\"},\"image\":{\"@id\":\"https:\\\/\\\/europa-forum.org\\\/#\\\/schema\\\/logo\\\/image\\\/\"},\"sameAs\":[\"https:\\\/\\\/www.facebook.com\\\/EuropaForum\\\/\",\"https:\\\/\\\/www.linkedin.com\\\/company\\\/europa-forum\"]},{\"@type\":\"Person\",\"@id\":\"https:\\\/\\\/europa-forum.org\\\/#\\\/schema\\\/person\\\/78941253d03fdc931167811f69ae5afc\",\"name\":\"Web EUROPA FORUM\",\"image\":{\"@type\":\"ImageObject\",\"inLanguage\":\"pl-PL\",\"@id\":\"https:\\\/\\\/secure.gravatar.com\\\/avatar\\\/a0d9522a5e276ed089f6a92e55c96a108f9d763254edaa18f45f2cae401cb51d?s=96&d=mm&r=g\",\"url\":\"https:\\\/\\\/secure.gravatar.com\\\/avatar\\\/a0d9522a5e276ed089f6a92e55c96a108f9d763254edaa18f45f2cae401cb51d?s=96&d=mm&r=g\",\"contentUrl\":\"https:\\\/\\\/secure.gravatar.com\\\/avatar\\\/a0d9522a5e276ed089f6a92e55c96a108f9d763254edaa18f45f2cae401cb51d?s=96&d=mm&r=g\",\"caption\":\"Web EUROPA FORUM\"}}]}<\/script>\n<!-- \/ Yoast SEO plugin. -->","yoast_head_json":{"title":"Interaktywne spotkanie medialne: teleportacja High-Tech 300 km z Wroc\u0142awia do Berlina i z powrotem - EUROPA FORUM","robots":{"index":"index","follow":"follow","max-snippet":"max-snippet:-1","max-image-preview":"max-image-preview:large","max-video-preview":"max-video-preview:-1"},"canonical":"https:\/\/europa-forum.org\/2016\/05\/einladung-zum-interaktiven-pressegespraech-berlin-beamt-high-tech-ins-300-km-entfernte-breslau-breslau-beamt-high-tech-ins-300-km-entfernte-berlin\/","og_locale":"pl_PL","og_type":"article","og_title":"Interaktywne spotkanie medialne: teleportacja High-Tech 300 km z Wroc\u0142awia do Berlina i z powrotem - EUROPA FORUM","og_description":"Szanowni Cz\u0142onkowie Europa Forum, Szanowni Pa\u0144stwo, serdecznie zapraszamy w imieniu organizator\u00f3w i w\u0142asnym 12 maja w godzinach 11:30 do 13:30 na mi\u0119dzynarodowe spotkanie technologii i prasy w multimedialnej instalacji &#8222;Luneta&#8221;.","og_url":"https:\/\/europa-forum.org\/2016\/05\/einladung-zum-interaktiven-pressegespraech-berlin-beamt-high-tech-ins-300-km-entfernte-breslau-breslau-beamt-high-tech-ins-300-km-entfernte-berlin\/","og_site_name":"EUROPA FORUM","article_publisher":"https:\/\/www.facebook.com\/EuropaForum\/","article_published_time":"2016-05-07T07:46:27+00:00","article_modified_time":"2016-05-07T07:53:06+00:00","og_image":[{"width":800,"height":400,"url":"https:\/\/storage.googleapis.com\/media-cloud-test-ef\/2016\/04\/pl\/event-luneta.png","type":"image\/png"}],"author":"Web EUROPA FORUM","twitter_card":"summary_large_image","twitter_misc":{"Napisane przez":"Web EUROPA FORUM","Szacowany czas czytania":"1 minuta"},"schema":{"@context":"https:\/\/schema.org","@graph":[{"@type":"Article","@id":"https:\/\/europa-forum.org\/2016\/05\/einladung-zum-interaktiven-pressegespraech-berlin-beamt-high-tech-ins-300-km-entfernte-breslau-breslau-beamt-high-tech-ins-300-km-entfernte-berlin\/#article","isPartOf":{"@id":"https:\/\/europa-forum.org\/2016\/05\/einladung-zum-interaktiven-pressegespraech-berlin-beamt-high-tech-ins-300-km-entfernte-breslau-breslau-beamt-high-tech-ins-300-km-entfernte-berlin\/"},"author":{"name":"Web EUROPA FORUM","@id":"https:\/\/europa-forum.org\/#\/schema\/person\/78941253d03fdc931167811f69ae5afc"},"headline":"Interaktywne spotkanie medialne: teleportacja High-Tech 300 km z Wroc\u0142awia do Berlina i z powrotem","datePublished":"2016-05-07T07:46:27+00:00","dateModified":"2016-05-07T07:53:06+00:00","mainEntityOfPage":{"@id":"https:\/\/europa-forum.org\/2016\/05\/einladung-zum-interaktiven-pressegespraech-berlin-beamt-high-tech-ins-300-km-entfernte-breslau-breslau-beamt-high-tech-ins-300-km-entfernte-berlin\/"},"wordCount":241,"publisher":{"@id":"https:\/\/europa-forum.org\/#organization"},"image":{"@id":"https:\/\/europa-forum.org\/2016\/05\/einladung-zum-interaktiven-pressegespraech-berlin-beamt-high-tech-ins-300-km-entfernte-breslau-breslau-beamt-high-tech-ins-300-km-entfernte-berlin\/#primaryimage"},"thumbnailUrl":"https:\/\/storage.googleapis.com\/media-cloud-test-ef\/2016\/04\/pl\/event-luneta.png","keywords":["2016","Europa Forum Wroc\u0142aw","Ko\u0142o gospodarcze","Luneta"],"articleSection":["Wydarzenia partner\u00f3w"],"inLanguage":"pl-PL"},{"@type":"WebPage","@id":"https:\/\/europa-forum.org\/2016\/05\/einladung-zum-interaktiven-pressegespraech-berlin-beamt-high-tech-ins-300-km-entfernte-breslau-breslau-beamt-high-tech-ins-300-km-entfernte-berlin\/","url":"https:\/\/europa-forum.org\/2016\/05\/einladung-zum-interaktiven-pressegespraech-berlin-beamt-high-tech-ins-300-km-entfernte-breslau-breslau-beamt-high-tech-ins-300-km-entfernte-berlin\/","name":"Interaktywne spotkanie medialne: teleportacja High-Tech 300 km z Wroc\u0142awia do Berlina i z powrotem - EUROPA FORUM","isPartOf":{"@id":"https:\/\/europa-forum.org\/#website"},"primaryImageOfPage":{"@id":"https:\/\/europa-forum.org\/2016\/05\/einladung-zum-interaktiven-pressegespraech-berlin-beamt-high-tech-ins-300-km-entfernte-breslau-breslau-beamt-high-tech-ins-300-km-entfernte-berlin\/#primaryimage"},"image":{"@id":"https:\/\/europa-forum.org\/2016\/05\/einladung-zum-interaktiven-pressegespraech-berlin-beamt-high-tech-ins-300-km-entfernte-breslau-breslau-beamt-high-tech-ins-300-km-entfernte-berlin\/#primaryimage"},"thumbnailUrl":"https:\/\/storage.googleapis.com\/media-cloud-test-ef\/2016\/04\/pl\/event-luneta.png","datePublished":"2016-05-07T07:46:27+00:00","dateModified":"2016-05-07T07:53:06+00:00","breadcrumb":{"@id":"https:\/\/europa-forum.org\/2016\/05\/einladung-zum-interaktiven-pressegespraech-berlin-beamt-high-tech-ins-300-km-entfernte-breslau-breslau-beamt-high-tech-ins-300-km-entfernte-berlin\/#breadcrumb"},"inLanguage":"pl-PL","potentialAction":[{"@type":"ReadAction","target":["https:\/\/europa-forum.org\/2016\/05\/einladung-zum-interaktiven-pressegespraech-berlin-beamt-high-tech-ins-300-km-entfernte-breslau-breslau-beamt-high-tech-ins-300-km-entfernte-berlin\/"]}]},{"@type":"ImageObject","inLanguage":"pl-PL","@id":"https:\/\/europa-forum.org\/2016\/05\/einladung-zum-interaktiven-pressegespraech-berlin-beamt-high-tech-ins-300-km-entfernte-breslau-breslau-beamt-high-tech-ins-300-km-entfernte-berlin\/#primaryimage","url":"https:\/\/storage.googleapis.com\/media-cloud-test-ef\/2016\/04\/pl\/event-luneta.png","contentUrl":"https:\/\/storage.googleapis.com\/media-cloud-test-ef\/2016\/04\/pl\/event-luneta.png","width":800,"height":400},{"@type":"BreadcrumbList","@id":"https:\/\/europa-forum.org\/2016\/05\/einladung-zum-interaktiven-pressegespraech-berlin-beamt-high-tech-ins-300-km-entfernte-breslau-breslau-beamt-high-tech-ins-300-km-entfernte-berlin\/#breadcrumb","itemListElement":[{"@type":"ListItem","position":1,"name":"Home","item":"https:\/\/europa-forum.org\/pl\/"},{"@type":"ListItem","position":2,"name":"Interaktywne spotkanie medialne: teleportacja High-Tech 300 km z Wroc\u0142awia do Berlina i z powrotem"}]},{"@type":"WebSite","@id":"https:\/\/europa-forum.org\/#website","url":"https:\/\/europa-forum.org\/","name":"EUROPA FORUM","description":"Polsko-Niemieckie Ko\u0142o Gospodarcze we Wroc\u0142awiu","publisher":{"@id":"https:\/\/europa-forum.org\/#organization"},"potentialAction":[{"@type":"SearchAction","target":{"@type":"EntryPoint","urlTemplate":"https:\/\/europa-forum.org\/?s={search_term_string}"},"query-input":{"@type":"PropertyValueSpecification","valueRequired":true,"valueName":"search_term_string"}}],"inLanguage":"pl-PL"},{"@type":"Organization","@id":"https:\/\/europa-forum.org\/#organization","name":"EUROPA FORUM","url":"https:\/\/europa-forum.org\/","logo":{"@type":"ImageObject","inLanguage":"pl-PL","@id":"https:\/\/europa-forum.org\/#\/schema\/logo\/image\/","url":"https:\/\/storage.googleapis.com\/media-cloud-test-ef\/2024\/12\/logo-square.png","contentUrl":"https:\/\/storage.googleapis.com\/media-cloud-test-ef\/2024\/12\/logo-square.png","width":240,"height":240,"caption":"EUROPA FORUM"},"image":{"@id":"https:\/\/europa-forum.org\/#\/schema\/logo\/image\/"},"sameAs":["https:\/\/www.facebook.com\/EuropaForum\/","https:\/\/www.linkedin.com\/company\/europa-forum"]},{"@type":"Person","@id":"https:\/\/europa-forum.org\/#\/schema\/person\/78941253d03fdc931167811f69ae5afc","name":"Web EUROPA FORUM","image":{"@type":"ImageObject","inLanguage":"pl-PL","@id":"https:\/\/secure.gravatar.com\/avatar\/a0d9522a5e276ed089f6a92e55c96a108f9d763254edaa18f45f2cae401cb51d?s=96&d=mm&r=g","url":"https:\/\/secure.gravatar.com\/avatar\/a0d9522a5e276ed089f6a92e55c96a108f9d763254edaa18f45f2cae401cb51d?s=96&d=mm&r=g","contentUrl":"https:\/\/secure.gravatar.com\/avatar\/a0d9522a5e276ed089f6a92e55c96a108f9d763254edaa18f45f2cae401cb51d?s=96&d=mm&r=g","caption":"Web EUROPA FORUM"}}]}},"_links":{"self":[{"href":"https:\/\/europa-forum.org\/pl\/wp-json\/wp\/v2\/posts\/983","targetHints":{"allow":["GET"]}}],"collection":[{"href":"https:\/\/europa-forum.org\/pl\/wp-json\/wp\/v2\/posts"}],"about":[{"href":"https:\/\/europa-forum.org\/pl\/wp-json\/wp\/v2\/types\/post"}],"author":[{"embeddable":true,"href":"https:\/\/europa-forum.org\/pl\/wp-json\/wp\/v2\/users\/34"}],"replies":[{"embeddable":true,"href":"https:\/\/europa-forum.org\/pl\/wp-json\/wp\/v2\/comments?post=983"}],"version-history":[{"count":0,"href":"https:\/\/europa-forum.org\/pl\/wp-json\/wp\/v2\/posts\/983\/revisions"}],"wp:featuredmedia":[{"embeddable":true,"href":"https:\/\/europa-forum.org\/pl\/wp-json\/wp\/v2\/media\/252"}],"wp:attachment":[{"href":"https:\/\/europa-forum.org\/pl\/wp-json\/wp\/v2\/media?parent=983"}],"wp:term":[{"taxonomy":"category","embeddable":true,"href":"https:\/\/europa-forum.org\/pl\/wp-json\/wp\/v2\/categories?post=983"},{"taxonomy":"post_tag","embeddable":true,"href":"https:\/\/europa-forum.org\/pl\/wp-json\/wp\/v2\/tags?post=983"}],"curies":[{"name":"wp","href":"https:\/\/api.w.org\/{rel}","templated":true}]}}