{"id":7660,"date":"2015-05-28T12:54:53","date_gmt":"2015-05-28T12:54:53","guid":{"rendered":"http:\/\/europa-forum.org\/pl\/?p=7660"},"modified":"2016-10-18T12:58:13","modified_gmt":"2016-10-18T12:58:13","slug":"miesieczne-spotkanie-ef-28-05-2015","status":"publish","type":"post","link":"https:\/\/europa-forum.org\/pl\/2015\/05\/miesieczne-spotkanie-ef-28-05-2015\/","title":{"rendered":"Miesi\u0119czne spotkanie EF 28.05.2015"},"content":{"rendered":"<p>Nasza firma cz\u0142onkowska KIGEMA Sp. z o.o. zaprosi\u0142a nas na zwiedzanie zak\u0142adu, kt\u00f3ry mie\u015bci si\u0119 na terenie Wroc\u0142awskiego Parku Przemys\u0142owym, 163 hektarowym obszarze o ponad 100-letnich tradycjach przemys\u0142owych. W KIGEMA Sp. z o.o., najwi\u0119kszej odlewni metali kolorowych w Polsce, topienie miedzi, mosi\u0105dzu, br\u0105zu i.in. metali odbywa si\u0119 w elektrycznych piecach indukcyjnych w temperaturze ponad 1000 stopni Celsiusza a hydrauliczne urz\u0105dzenia do od\u015brodkowego odlewania wiruj\u0105 z pr\u0119dko\u015bci\u0105 do 2000 obrot\u00f3w na minut\u0119 wytwarzaj\u0105c tuleje, pier\u015bcienie i panewki w nieograniczonym zakresie wymiarowym od S do XXL.<!--more--><\/p>\n<p>Produkcja obejmuje te\u017c szeroki wachlarz spr\u0119\u017cyn. W przedsi\u0119biorstwie, kt\u00f3re w\u0142a\u015bnie obchodzi swoje 25-lecie (pod niezmienion\u0105 personalnie wodz\u0105 polsko-niemieck\u0105) i jest jednym z bran\u017cowych lider\u00f3w na rynku europejskim, otrzymali\u015bmy bardzo ciekawy wgl\u0105d w fascynuj\u0105cy i \u2018gor\u0105cy\u2019 proces produkcyjny wraz z dalsz\u0105 obr\u00f3bk\u0105 szerokiej palety produkt\u00f3w metalowych. Dzi\u0119kujemy gospodarzom spotkania za niecodzienne wra\u017cenia i zaanga\u017cowanie przy organizacji spotkania!<\/p>\n<p><strong>Galeria zdj\u0119\u0107<\/strong><\/p>\nngg_shortcode_0_placeholder\n<p>Program wydarzenia mo\u017cna znale\u017a\u0107 tutaj: <a href=\"http:\/\/europa-forum.org\/documents\/archiv\/ef-veranstaltungen\/2015_05_25_Betriebsbesichtigung_Kigema.pdf\" target=\"_blank\">Pobierz PDF<\/a><\/p>\n","protected":false},"excerpt":{"rendered":"<p>Nasza firma cz\u0142onkowska KIGEMA Sp. z o.o. zaprosi\u0142a nas na zwiedzanie zak\u0142adu, kt\u00f3ry mie\u015bci si\u0119 na terenie Wroc\u0142awskiego Parku Przemys\u0142owym, 163 hektarowym obszarze o ponad 100-letnich tradycjach przemys\u0142owych. W KIGEMA &#8230; <a class=\"read-more\" href=\"https:\/\/europa-forum.org\/pl\/2015\/05\/miesieczne-spotkanie-ef-28-05-2015\/\">Czytaj wi\u0119cej<\/a><\/p>\n","protected":false},"author":34,"featured_media":2636,"comment_status":"closed","ping_status":"open","sticky":false,"template":"","format":"image","meta":{"ngg_post_thumbnail":0,"footnotes":""},"categories":[57,37],"tags":[96,53,182],"class_list":["post-7660","post","type-post","status-publish","format-image","has-post-thumbnail","hentry","category-ef-miesieczne-spotkania","category-ef-zwiedzanie-przedsiebiorstw","tag-2015-pl","tag-europa-forum-wroclaw","tag-kolo-gospodarcze-pl","post_format-post-format-image"],"yoast_head":"<!-- This site is optimized with the Yoast SEO plugin v27.3 - https:\/\/yoast.com\/product\/yoast-seo-wordpress\/ -->\n<title>Miesi\u0119czne spotkanie EF 28.05.2015 - EUROPA FORUM<\/title>\n<meta name=\"robots\" content=\"index, follow, max-snippet:-1, max-image-preview:large, max-video-preview:-1\" \/>\n<link rel=\"canonical\" href=\"https:\/\/europa-forum.org\/2015\/05\/ef-monatstreffen-28-05-2015\/\" \/>\n<meta property=\"og:locale\" content=\"pl_PL\" \/>\n<meta property=\"og:type\" content=\"article\" \/>\n<meta property=\"og:title\" content=\"Miesi\u0119czne spotkanie EF 28.05.2015 - EUROPA FORUM\" \/>\n<meta property=\"og:description\" content=\"Nasza firma cz\u0142onkowska KIGEMA Sp. z o.o. zaprosi\u0142a nas na zwiedzanie zak\u0142adu, kt\u00f3ry mie\u015bci si\u0119 na terenie Wroc\u0142awskiego Parku Przemys\u0142owym, 163 hektarowym obszarze o ponad 100-letnich tradycjach przemys\u0142owych. W KIGEMA ... Czytaj wi\u0119cej\" \/>\n<meta property=\"og:url\" content=\"https:\/\/europa-forum.org\/2015\/05\/ef-monatstreffen-28-05-2015\/\" \/>\n<meta property=\"og:site_name\" content=\"EUROPA FORUM\" \/>\n<meta property=\"article:publisher\" content=\"https:\/\/www.facebook.com\/EuropaForum\/\" \/>\n<meta property=\"article:published_time\" content=\"2015-05-28T12:54:53+00:00\" \/>\n<meta property=\"article:modified_time\" content=\"2016-10-18T12:58:13+00:00\" \/>\n<meta property=\"og:image\" content=\"https:\/\/europa-forum.org\/wp-content\/uploads\/2016\/05\/zajawka_Kigema.jpg\" \/>\n\t<meta property=\"og:image:width\" content=\"800\" \/>\n\t<meta property=\"og:image:height\" content=\"600\" \/>\n\t<meta property=\"og:image:type\" content=\"image\/jpeg\" \/>\n<meta name=\"author\" content=\"Web EUROPA FORUM\" \/>\n<meta name=\"twitter:card\" content=\"summary_large_image\" \/>\n<meta name=\"twitter:label1\" content=\"Napisane przez\" \/>\n\t<meta name=\"twitter:data1\" content=\"Web EUROPA FORUM\" \/>\n\t<meta name=\"twitter:label2\" content=\"Szacowany czas czytania\" \/>\n\t<meta name=\"twitter:data2\" content=\"1 minuta\" \/>\n<script type=\"application\/ld+json\" class=\"yoast-schema-graph\">{\"@context\":\"https:\\\/\\\/schema.org\",\"@graph\":[{\"@type\":\"Article\",\"@id\":\"https:\\\/\\\/europa-forum.org\\\/2015\\\/05\\\/ef-monatstreffen-28-05-2015\\\/#article\",\"isPartOf\":{\"@id\":\"https:\\\/\\\/europa-forum.org\\\/2015\\\/05\\\/ef-monatstreffen-28-05-2015\\\/\"},\"author\":{\"name\":\"Web EUROPA FORUM\",\"@id\":\"https:\\\/\\\/europa-forum.org\\\/#\\\/schema\\\/person\\\/78941253d03fdc931167811f69ae5afc\"},\"headline\":\"Miesi\u0119czne spotkanie EF 28.05.2015\",\"datePublished\":\"2015-05-28T12:54:53+00:00\",\"dateModified\":\"2016-10-18T12:58:13+00:00\",\"mainEntityOfPage\":{\"@id\":\"https:\\\/\\\/europa-forum.org\\\/2015\\\/05\\\/ef-monatstreffen-28-05-2015\\\/\"},\"wordCount\":197,\"publisher\":{\"@id\":\"https:\\\/\\\/europa-forum.org\\\/#organization\"},\"image\":{\"@id\":\"https:\\\/\\\/europa-forum.org\\\/2015\\\/05\\\/ef-monatstreffen-28-05-2015\\\/#primaryimage\"},\"thumbnailUrl\":\"https:\\\/\\\/europa-forum.org\\\/wp-content\\\/uploads\\\/2016\\\/05\\\/zajawka_Kigema.jpg\",\"keywords\":[\"2015\",\"Europa Forum Wroc\u0142aw\",\"Ko\u0142o gospodarcze\"],\"articleSection\":[\"EF Miesi\u0119czne spotkania\",\"EF Zwiedzanie przedsi\u0119biorstw\"],\"inLanguage\":\"pl-PL\"},{\"@type\":\"WebPage\",\"@id\":\"https:\\\/\\\/europa-forum.org\\\/2015\\\/05\\\/ef-monatstreffen-28-05-2015\\\/\",\"url\":\"https:\\\/\\\/europa-forum.org\\\/2015\\\/05\\\/ef-monatstreffen-28-05-2015\\\/\",\"name\":\"Miesi\u0119czne spotkanie EF 28.05.2015 - EUROPA FORUM\",\"isPartOf\":{\"@id\":\"https:\\\/\\\/europa-forum.org\\\/#website\"},\"primaryImageOfPage\":{\"@id\":\"https:\\\/\\\/europa-forum.org\\\/2015\\\/05\\\/ef-monatstreffen-28-05-2015\\\/#primaryimage\"},\"image\":{\"@id\":\"https:\\\/\\\/europa-forum.org\\\/2015\\\/05\\\/ef-monatstreffen-28-05-2015\\\/#primaryimage\"},\"thumbnailUrl\":\"https:\\\/\\\/europa-forum.org\\\/wp-content\\\/uploads\\\/2016\\\/05\\\/zajawka_Kigema.jpg\",\"datePublished\":\"2015-05-28T12:54:53+00:00\",\"dateModified\":\"2016-10-18T12:58:13+00:00\",\"breadcrumb\":{\"@id\":\"https:\\\/\\\/europa-forum.org\\\/2015\\\/05\\\/ef-monatstreffen-28-05-2015\\\/#breadcrumb\"},\"inLanguage\":\"pl-PL\",\"potentialAction\":[{\"@type\":\"ReadAction\",\"target\":[\"https:\\\/\\\/europa-forum.org\\\/2015\\\/05\\\/ef-monatstreffen-28-05-2015\\\/\"]}]},{\"@type\":\"ImageObject\",\"inLanguage\":\"pl-PL\",\"@id\":\"https:\\\/\\\/europa-forum.org\\\/2015\\\/05\\\/ef-monatstreffen-28-05-2015\\\/#primaryimage\",\"url\":\"https:\\\/\\\/europa-forum.org\\\/wp-content\\\/uploads\\\/2016\\\/05\\\/zajawka_Kigema.jpg\",\"contentUrl\":\"https:\\\/\\\/europa-forum.org\\\/wp-content\\\/uploads\\\/2016\\\/05\\\/zajawka_Kigema.jpg\",\"width\":800,\"height\":600},{\"@type\":\"BreadcrumbList\",\"@id\":\"https:\\\/\\\/europa-forum.org\\\/2015\\\/05\\\/ef-monatstreffen-28-05-2015\\\/#breadcrumb\",\"itemListElement\":[{\"@type\":\"ListItem\",\"position\":1,\"name\":\"Home\",\"item\":\"https:\\\/\\\/europa-forum.org\\\/pl\\\/\"},{\"@type\":\"ListItem\",\"position\":2,\"name\":\"Miesi\u0119czne spotkanie EF 28.05.2015\"}]},{\"@type\":\"WebSite\",\"@id\":\"https:\\\/\\\/europa-forum.org\\\/#website\",\"url\":\"https:\\\/\\\/europa-forum.org\\\/\",\"name\":\"EUROPA FORUM\",\"description\":\"Polsko-Niemieckie Ko\u0142o Gospodarcze we Wroc\u0142awiu\",\"publisher\":{\"@id\":\"https:\\\/\\\/europa-forum.org\\\/#organization\"},\"potentialAction\":[{\"@type\":\"SearchAction\",\"target\":{\"@type\":\"EntryPoint\",\"urlTemplate\":\"https:\\\/\\\/europa-forum.org\\\/?s={search_term_string}\"},\"query-input\":{\"@type\":\"PropertyValueSpecification\",\"valueRequired\":true,\"valueName\":\"search_term_string\"}}],\"inLanguage\":\"pl-PL\"},{\"@type\":\"Organization\",\"@id\":\"https:\\\/\\\/europa-forum.org\\\/#organization\",\"name\":\"EUROPA FORUM\",\"url\":\"https:\\\/\\\/europa-forum.org\\\/\",\"logo\":{\"@type\":\"ImageObject\",\"inLanguage\":\"pl-PL\",\"@id\":\"https:\\\/\\\/europa-forum.org\\\/#\\\/schema\\\/logo\\\/image\\\/\",\"url\":\"https:\\\/\\\/storage.googleapis.com\\\/media-cloud-test-ef\\\/2024\\\/12\\\/logo-square.png\",\"contentUrl\":\"https:\\\/\\\/storage.googleapis.com\\\/media-cloud-test-ef\\\/2024\\\/12\\\/logo-square.png\",\"width\":240,\"height\":240,\"caption\":\"EUROPA FORUM\"},\"image\":{\"@id\":\"https:\\\/\\\/europa-forum.org\\\/#\\\/schema\\\/logo\\\/image\\\/\"},\"sameAs\":[\"https:\\\/\\\/www.facebook.com\\\/EuropaForum\\\/\",\"https:\\\/\\\/www.linkedin.com\\\/company\\\/europa-forum\"]},{\"@type\":\"Person\",\"@id\":\"https:\\\/\\\/europa-forum.org\\\/#\\\/schema\\\/person\\\/78941253d03fdc931167811f69ae5afc\",\"name\":\"Web EUROPA FORUM\",\"image\":{\"@type\":\"ImageObject\",\"inLanguage\":\"pl-PL\",\"@id\":\"https:\\\/\\\/secure.gravatar.com\\\/avatar\\\/a0d9522a5e276ed089f6a92e55c96a108f9d763254edaa18f45f2cae401cb51d?s=96&d=mm&r=g\",\"url\":\"https:\\\/\\\/secure.gravatar.com\\\/avatar\\\/a0d9522a5e276ed089f6a92e55c96a108f9d763254edaa18f45f2cae401cb51d?s=96&d=mm&r=g\",\"contentUrl\":\"https:\\\/\\\/secure.gravatar.com\\\/avatar\\\/a0d9522a5e276ed089f6a92e55c96a108f9d763254edaa18f45f2cae401cb51d?s=96&d=mm&r=g\",\"caption\":\"Web EUROPA FORUM\"}}]}<\/script>\n<!-- \/ Yoast SEO plugin. -->","yoast_head_json":{"title":"Miesi\u0119czne spotkanie EF 28.05.2015 - EUROPA FORUM","robots":{"index":"index","follow":"follow","max-snippet":"max-snippet:-1","max-image-preview":"max-image-preview:large","max-video-preview":"max-video-preview:-1"},"canonical":"https:\/\/europa-forum.org\/2015\/05\/ef-monatstreffen-28-05-2015\/","og_locale":"pl_PL","og_type":"article","og_title":"Miesi\u0119czne spotkanie EF 28.05.2015 - EUROPA FORUM","og_description":"Nasza firma cz\u0142onkowska KIGEMA Sp. z o.o. zaprosi\u0142a nas na zwiedzanie zak\u0142adu, kt\u00f3ry mie\u015bci si\u0119 na terenie Wroc\u0142awskiego Parku Przemys\u0142owym, 163 hektarowym obszarze o ponad 100-letnich tradycjach przemys\u0142owych. W KIGEMA ... Czytaj wi\u0119cej","og_url":"https:\/\/europa-forum.org\/2015\/05\/ef-monatstreffen-28-05-2015\/","og_site_name":"EUROPA FORUM","article_publisher":"https:\/\/www.facebook.com\/EuropaForum\/","article_published_time":"2015-05-28T12:54:53+00:00","article_modified_time":"2016-10-18T12:58:13+00:00","og_image":[{"width":800,"height":600,"url":"https:\/\/europa-forum.org\/wp-content\/uploads\/2016\/05\/zajawka_Kigema.jpg","type":"image\/jpeg"}],"author":"Web EUROPA FORUM","twitter_card":"summary_large_image","twitter_misc":{"Napisane przez":"Web EUROPA FORUM","Szacowany czas czytania":"1 minuta"},"schema":{"@context":"https:\/\/schema.org","@graph":[{"@type":"Article","@id":"https:\/\/europa-forum.org\/2015\/05\/ef-monatstreffen-28-05-2015\/#article","isPartOf":{"@id":"https:\/\/europa-forum.org\/2015\/05\/ef-monatstreffen-28-05-2015\/"},"author":{"name":"Web EUROPA FORUM","@id":"https:\/\/europa-forum.org\/#\/schema\/person\/78941253d03fdc931167811f69ae5afc"},"headline":"Miesi\u0119czne spotkanie EF 28.05.2015","datePublished":"2015-05-28T12:54:53+00:00","dateModified":"2016-10-18T12:58:13+00:00","mainEntityOfPage":{"@id":"https:\/\/europa-forum.org\/2015\/05\/ef-monatstreffen-28-05-2015\/"},"wordCount":197,"publisher":{"@id":"https:\/\/europa-forum.org\/#organization"},"image":{"@id":"https:\/\/europa-forum.org\/2015\/05\/ef-monatstreffen-28-05-2015\/#primaryimage"},"thumbnailUrl":"https:\/\/europa-forum.org\/wp-content\/uploads\/2016\/05\/zajawka_Kigema.jpg","keywords":["2015","Europa Forum Wroc\u0142aw","Ko\u0142o gospodarcze"],"articleSection":["EF Miesi\u0119czne spotkania","EF Zwiedzanie przedsi\u0119biorstw"],"inLanguage":"pl-PL"},{"@type":"WebPage","@id":"https:\/\/europa-forum.org\/2015\/05\/ef-monatstreffen-28-05-2015\/","url":"https:\/\/europa-forum.org\/2015\/05\/ef-monatstreffen-28-05-2015\/","name":"Miesi\u0119czne spotkanie EF 28.05.2015 - EUROPA FORUM","isPartOf":{"@id":"https:\/\/europa-forum.org\/#website"},"primaryImageOfPage":{"@id":"https:\/\/europa-forum.org\/2015\/05\/ef-monatstreffen-28-05-2015\/#primaryimage"},"image":{"@id":"https:\/\/europa-forum.org\/2015\/05\/ef-monatstreffen-28-05-2015\/#primaryimage"},"thumbnailUrl":"https:\/\/europa-forum.org\/wp-content\/uploads\/2016\/05\/zajawka_Kigema.jpg","datePublished":"2015-05-28T12:54:53+00:00","dateModified":"2016-10-18T12:58:13+00:00","breadcrumb":{"@id":"https:\/\/europa-forum.org\/2015\/05\/ef-monatstreffen-28-05-2015\/#breadcrumb"},"inLanguage":"pl-PL","potentialAction":[{"@type":"ReadAction","target":["https:\/\/europa-forum.org\/2015\/05\/ef-monatstreffen-28-05-2015\/"]}]},{"@type":"ImageObject","inLanguage":"pl-PL","@id":"https:\/\/europa-forum.org\/2015\/05\/ef-monatstreffen-28-05-2015\/#primaryimage","url":"https:\/\/europa-forum.org\/wp-content\/uploads\/2016\/05\/zajawka_Kigema.jpg","contentUrl":"https:\/\/europa-forum.org\/wp-content\/uploads\/2016\/05\/zajawka_Kigema.jpg","width":800,"height":600},{"@type":"BreadcrumbList","@id":"https:\/\/europa-forum.org\/2015\/05\/ef-monatstreffen-28-05-2015\/#breadcrumb","itemListElement":[{"@type":"ListItem","position":1,"name":"Home","item":"https:\/\/europa-forum.org\/pl\/"},{"@type":"ListItem","position":2,"name":"Miesi\u0119czne spotkanie EF 28.05.2015"}]},{"@type":"WebSite","@id":"https:\/\/europa-forum.org\/#website","url":"https:\/\/europa-forum.org\/","name":"EUROPA FORUM","description":"Polsko-Niemieckie Ko\u0142o Gospodarcze we Wroc\u0142awiu","publisher":{"@id":"https:\/\/europa-forum.org\/#organization"},"potentialAction":[{"@type":"SearchAction","target":{"@type":"EntryPoint","urlTemplate":"https:\/\/europa-forum.org\/?s={search_term_string}"},"query-input":{"@type":"PropertyValueSpecification","valueRequired":true,"valueName":"search_term_string"}}],"inLanguage":"pl-PL"},{"@type":"Organization","@id":"https:\/\/europa-forum.org\/#organization","name":"EUROPA FORUM","url":"https:\/\/europa-forum.org\/","logo":{"@type":"ImageObject","inLanguage":"pl-PL","@id":"https:\/\/europa-forum.org\/#\/schema\/logo\/image\/","url":"https:\/\/storage.googleapis.com\/media-cloud-test-ef\/2024\/12\/logo-square.png","contentUrl":"https:\/\/storage.googleapis.com\/media-cloud-test-ef\/2024\/12\/logo-square.png","width":240,"height":240,"caption":"EUROPA FORUM"},"image":{"@id":"https:\/\/europa-forum.org\/#\/schema\/logo\/image\/"},"sameAs":["https:\/\/www.facebook.com\/EuropaForum\/","https:\/\/www.linkedin.com\/company\/europa-forum"]},{"@type":"Person","@id":"https:\/\/europa-forum.org\/#\/schema\/person\/78941253d03fdc931167811f69ae5afc","name":"Web EUROPA FORUM","image":{"@type":"ImageObject","inLanguage":"pl-PL","@id":"https:\/\/secure.gravatar.com\/avatar\/a0d9522a5e276ed089f6a92e55c96a108f9d763254edaa18f45f2cae401cb51d?s=96&d=mm&r=g","url":"https:\/\/secure.gravatar.com\/avatar\/a0d9522a5e276ed089f6a92e55c96a108f9d763254edaa18f45f2cae401cb51d?s=96&d=mm&r=g","contentUrl":"https:\/\/secure.gravatar.com\/avatar\/a0d9522a5e276ed089f6a92e55c96a108f9d763254edaa18f45f2cae401cb51d?s=96&d=mm&r=g","caption":"Web EUROPA FORUM"}}]}},"_links":{"self":[{"href":"https:\/\/europa-forum.org\/pl\/wp-json\/wp\/v2\/posts\/7660","targetHints":{"allow":["GET"]}}],"collection":[{"href":"https:\/\/europa-forum.org\/pl\/wp-json\/wp\/v2\/posts"}],"about":[{"href":"https:\/\/europa-forum.org\/pl\/wp-json\/wp\/v2\/types\/post"}],"author":[{"embeddable":true,"href":"https:\/\/europa-forum.org\/pl\/wp-json\/wp\/v2\/users\/34"}],"replies":[{"embeddable":true,"href":"https:\/\/europa-forum.org\/pl\/wp-json\/wp\/v2\/comments?post=7660"}],"version-history":[{"count":0,"href":"https:\/\/europa-forum.org\/pl\/wp-json\/wp\/v2\/posts\/7660\/revisions"}],"wp:featuredmedia":[{"embeddable":true,"href":"https:\/\/europa-forum.org\/pl\/wp-json\/wp\/v2\/media\/2636"}],"wp:attachment":[{"href":"https:\/\/europa-forum.org\/pl\/wp-json\/wp\/v2\/media?parent=7660"}],"wp:term":[{"taxonomy":"category","embeddable":true,"href":"https:\/\/europa-forum.org\/pl\/wp-json\/wp\/v2\/categories?post=7660"},{"taxonomy":"post_tag","embeddable":true,"href":"https:\/\/europa-forum.org\/pl\/wp-json\/wp\/v2\/tags?post=7660"}],"curies":[{"name":"wp","href":"https:\/\/api.w.org\/{rel}","templated":true}]}}