{"id":7416,"date":"2016-09-23T12:23:15","date_gmt":"2016-09-23T12:23:15","guid":{"rendered":"http:\/\/europa-forum.org\/pl\/?p=7416"},"modified":"2016-09-23T12:23:15","modified_gmt":"2016-09-23T12:23:15","slug":"zaproszenie-na-spotkanie-ef-29-09-2016","status":"publish","type":"post","link":"https:\/\/europa-forum.org\/pl\/2016\/09\/zaproszenie-na-spotkanie-ef-29-09-2016\/","title":{"rendered":"Zaproszenie na spotkanie EF 29.09.2016"},"content":{"rendered":"<p>Szanowni Cz\u0142onkowie oraz Go\u015bcie Stowarzyszenia <strong>EUROPA FORUM<\/strong>,<br \/>\nSzanowni Pa\u0144stwo,<\/p>\n<p>Polsko-Niemieckie Ko\u0142o Gospodarcze EUROPA FORUM serdecznie zaprasza na wrze\u015bniowe spotkanie, kt\u00f3re po\u015bwi\u0119cone b\u0119dzie tematowi <\/p>\n<p><strong>&#8217;Dzi\u015b zam\u00f3wione \u2013 jutro dostarczone!&#8217;<br \/>\nBran\u017ca transportowa i przep\u0142yw towar\u00f3w \u2013 na praktycznych przyk\u0142adach z perspektywy polsko-niemieckiej<\/strong><\/p>\n<p><strong>czwartek, 29 wrze\u015bnia 2016,<br \/>\no godz. 18.00<br \/>\nBiuro \u0141\u0105cznikowe Wolnego Pa\u0144stwa Saksonia (1. pi\u0119tro)<br \/>\nRynek 7<br \/>\n50-107 Wroc\u0142aw<\/strong><\/p>\n<p><!--more--><\/p>\n<p>Szczeg\u00f3\u0142owy program znajd\u0105 Pa\u0144stwo w <a href=\"http:\/\/europa-forum.org\/wp-content\/uploads\/2016\/09\/ProgrammEF_29.09.2016_de_pl.pdf\">za\u0142\u0105czeniu<\/a>. <\/p>\n<p>Punktem wyj\u015bcia b\u0119dzie kompleksowe przedstawienie aktualnej sytuacji bran\u017cy transportowej w Polsce, przez fachowc\u00f3w z naszej firmy cz\u0142onkowskiej Paul Schockem\u00f6hle Logistics Polska. Natomiast dope\u0142nieniem tematu z perspektywy organizacji i kontroli l\u0105dowego \u0142a\u0144cucha dostaw, logistyki zaopatrzenia i dystrybucji zajmie si\u0119 firma DB Schenker AG \u2013 przedstawiaj\u0105c modele jakie realizowane s\u0105 via Wroc\u0142aw na reszt\u0119 Europy.<\/p>\n<p>Spotkanie da wgl\u0105d, jak w czasach globalnej gospodarki mierzy\u0107 si\u0119 z wyzwaniami i potrzebami klient\u00f3w i jak dzia\u0142aj\u0105 elastyczne modele do sprawnego zarz\u0105dzania przep\u0142ywami.<\/p>\n<p>Po prelekcji zapraszamy na rozmowy kuluarowe przy lampce wina. Sakso\u0144sk\u0105 nut\u0105 artystyczn\u0105 jest wystawa kt\u00f3ra aktualnie go\u015bci w pomieszczeniach Biura \u0141\u0105cznikowego Wolnego Pa\u0144stwa Saksonii.<\/p>\n<p><strong>Obowi\u0105zuje rejestracja zg\u0142osze\u0144. O wi\u0105\u017c\u0105ce zg\u0142oszenia prosimy do \u015brody, 28 wrze\u015bnia na adres <a href=\"mailto:info@ef.com.pl\">info@ef.com.pl<\/a><\/strong><\/p>\n<p>Save the date:<br \/>\n27.10. &#8211; Spotkanie EF<br \/>\nXX.11. &#8211; Spotkanie EF \/ dok\u0142adny termin zostanie niebawem sprecyzowany<br \/>\n02.12. &#8211; Spotkanie \u015bwi\u0105teczne EF w Pa\u0142acu w Gruszowie<\/p>\n","protected":false},"excerpt":{"rendered":"<p>Szanowni Cz\u0142onkowie oraz Go\u015bcie Stowarzyszenia EUROPA FORUM, Szanowni Pa\u0144stwo, Polsko-Niemieckie Ko\u0142o Gospodarcze EUROPA FORUM serdecznie zaprasza na wrze\u015bniowe spotkanie, kt\u00f3re po\u015bwi\u0119cone b\u0119dzie tematowi &#8217;Dzi\u015b zam\u00f3wione \u2013 jutro dostarczone!&#8217; Bran\u017ca transportowa &#8230; <a class=\"read-more\" href=\"https:\/\/europa-forum.org\/pl\/2016\/09\/zaproszenie-na-spotkanie-ef-29-09-2016\/\">Czytaj wi\u0119cej<\/a><\/p>\n","protected":false},"author":34,"featured_media":7384,"comment_status":"closed","ping_status":"open","sticky":false,"template":"","format":"standard","meta":{"ngg_post_thumbnail":0,"footnotes":""},"categories":[57],"tags":[95,144,53,148,182,181,180,127],"class_list":["post-7416","post","type-post","status-publish","format-standard","has-post-thumbnail","hentry","category-ef-miesieczne-spotkania","tag-2016-pl","tag-dolny-slask","tag-europa-forum-wroclaw","tag-gospodarka","tag-kolo-gospodarcze-pl","tag-polska-pl","tag-polsko-niemiecki-pl","tag-saksonia"],"yoast_head":"<!-- This site is optimized with the Yoast SEO plugin v27.3 - https:\/\/yoast.com\/product\/yoast-seo-wordpress\/ -->\n<title>Zaproszenie na spotkanie EF 29.09.2016 - EUROPA FORUM<\/title>\n<meta name=\"robots\" content=\"index, follow, max-snippet:-1, max-image-preview:large, max-video-preview:-1\" \/>\n<link rel=\"canonical\" href=\"https:\/\/europa-forum.org\/2016\/09\/einladung-zum-ef-monatstreffen-29-09-2016\/\" \/>\n<meta property=\"og:locale\" content=\"pl_PL\" \/>\n<meta property=\"og:type\" content=\"article\" \/>\n<meta property=\"og:title\" content=\"Zaproszenie na spotkanie EF 29.09.2016 - EUROPA FORUM\" \/>\n<meta property=\"og:description\" content=\"Szanowni Cz\u0142onkowie oraz Go\u015bcie Stowarzyszenia EUROPA FORUM, Szanowni Pa\u0144stwo, Polsko-Niemieckie Ko\u0142o Gospodarcze EUROPA FORUM serdecznie zaprasza na wrze\u015bniowe spotkanie, kt\u00f3re po\u015bwi\u0119cone b\u0119dzie tematowi &#8217;Dzi\u015b zam\u00f3wione \u2013 jutro dostarczone!&#8217; Bran\u017ca transportowa ... Czytaj wi\u0119cej\" \/>\n<meta property=\"og:url\" content=\"https:\/\/europa-forum.org\/2016\/09\/einladung-zum-ef-monatstreffen-29-09-2016\/\" \/>\n<meta property=\"og:site_name\" content=\"EUROPA FORUM\" \/>\n<meta property=\"article:publisher\" content=\"https:\/\/www.facebook.com\/EuropaForum\/\" \/>\n<meta property=\"article:published_time\" content=\"2016-09-23T12:23:15+00:00\" \/>\n<meta property=\"og:image\" content=\"https:\/\/europa-forum.org\/wp-content\/uploads\/2016\/09\/bde69e637e0bb22f83cbea53f.jpeg\" \/>\n\t<meta property=\"og:image:width\" content=\"900\" \/>\n\t<meta property=\"og:image:height\" content=\"581\" \/>\n\t<meta property=\"og:image:type\" content=\"image\/jpeg\" \/>\n<meta name=\"author\" content=\"Web EUROPA FORUM\" \/>\n<meta name=\"twitter:card\" content=\"summary_large_image\" \/>\n<meta name=\"twitter:label1\" content=\"Napisane przez\" \/>\n\t<meta name=\"twitter:data1\" content=\"Web EUROPA FORUM\" \/>\n\t<meta name=\"twitter:label2\" content=\"Szacowany czas czytania\" \/>\n\t<meta name=\"twitter:data2\" content=\"1 minuta\" \/>\n<script type=\"application\/ld+json\" class=\"yoast-schema-graph\">{\"@context\":\"https:\\\/\\\/schema.org\",\"@graph\":[{\"@type\":\"Article\",\"@id\":\"https:\\\/\\\/europa-forum.org\\\/2016\\\/09\\\/einladung-zum-ef-monatstreffen-29-09-2016\\\/#article\",\"isPartOf\":{\"@id\":\"https:\\\/\\\/europa-forum.org\\\/2016\\\/09\\\/einladung-zum-ef-monatstreffen-29-09-2016\\\/\"},\"author\":{\"name\":\"Web EUROPA FORUM\",\"@id\":\"https:\\\/\\\/europa-forum.org\\\/#\\\/schema\\\/person\\\/78941253d03fdc931167811f69ae5afc\"},\"headline\":\"Zaproszenie na spotkanie EF 29.09.2016\",\"datePublished\":\"2016-09-23T12:23:15+00:00\",\"mainEntityOfPage\":{\"@id\":\"https:\\\/\\\/europa-forum.org\\\/2016\\\/09\\\/einladung-zum-ef-monatstreffen-29-09-2016\\\/\"},\"wordCount\":249,\"publisher\":{\"@id\":\"https:\\\/\\\/europa-forum.org\\\/#organization\"},\"image\":{\"@id\":\"https:\\\/\\\/europa-forum.org\\\/2016\\\/09\\\/einladung-zum-ef-monatstreffen-29-09-2016\\\/#primaryimage\"},\"thumbnailUrl\":\"https:\\\/\\\/europa-forum.org\\\/wp-content\\\/uploads\\\/2016\\\/09\\\/bde69e637e0bb22f83cbea53f.jpeg\",\"keywords\":[\"2016\",\"Dolny \u015al\u0105sk\",\"Europa Forum Wroc\u0142aw\",\"Gospodarka\",\"Ko\u0142o gospodarcze\",\"Polska\",\"Polsko-Niemiecki\",\"Saksonia\"],\"articleSection\":[\"EF Miesi\u0119czne spotkania\"],\"inLanguage\":\"pl-PL\"},{\"@type\":\"WebPage\",\"@id\":\"https:\\\/\\\/europa-forum.org\\\/2016\\\/09\\\/einladung-zum-ef-monatstreffen-29-09-2016\\\/\",\"url\":\"https:\\\/\\\/europa-forum.org\\\/2016\\\/09\\\/einladung-zum-ef-monatstreffen-29-09-2016\\\/\",\"name\":\"Zaproszenie na spotkanie EF 29.09.2016 - EUROPA FORUM\",\"isPartOf\":{\"@id\":\"https:\\\/\\\/europa-forum.org\\\/#website\"},\"primaryImageOfPage\":{\"@id\":\"https:\\\/\\\/europa-forum.org\\\/2016\\\/09\\\/einladung-zum-ef-monatstreffen-29-09-2016\\\/#primaryimage\"},\"image\":{\"@id\":\"https:\\\/\\\/europa-forum.org\\\/2016\\\/09\\\/einladung-zum-ef-monatstreffen-29-09-2016\\\/#primaryimage\"},\"thumbnailUrl\":\"https:\\\/\\\/europa-forum.org\\\/wp-content\\\/uploads\\\/2016\\\/09\\\/bde69e637e0bb22f83cbea53f.jpeg\",\"datePublished\":\"2016-09-23T12:23:15+00:00\",\"breadcrumb\":{\"@id\":\"https:\\\/\\\/europa-forum.org\\\/2016\\\/09\\\/einladung-zum-ef-monatstreffen-29-09-2016\\\/#breadcrumb\"},\"inLanguage\":\"pl-PL\",\"potentialAction\":[{\"@type\":\"ReadAction\",\"target\":[\"https:\\\/\\\/europa-forum.org\\\/2016\\\/09\\\/einladung-zum-ef-monatstreffen-29-09-2016\\\/\"]}]},{\"@type\":\"ImageObject\",\"inLanguage\":\"pl-PL\",\"@id\":\"https:\\\/\\\/europa-forum.org\\\/2016\\\/09\\\/einladung-zum-ef-monatstreffen-29-09-2016\\\/#primaryimage\",\"url\":\"https:\\\/\\\/europa-forum.org\\\/wp-content\\\/uploads\\\/2016\\\/09\\\/bde69e637e0bb22f83cbea53f.jpeg\",\"contentUrl\":\"https:\\\/\\\/europa-forum.org\\\/wp-content\\\/uploads\\\/2016\\\/09\\\/bde69e637e0bb22f83cbea53f.jpeg\",\"width\":900,\"height\":581},{\"@type\":\"BreadcrumbList\",\"@id\":\"https:\\\/\\\/europa-forum.org\\\/2016\\\/09\\\/einladung-zum-ef-monatstreffen-29-09-2016\\\/#breadcrumb\",\"itemListElement\":[{\"@type\":\"ListItem\",\"position\":1,\"name\":\"Home\",\"item\":\"https:\\\/\\\/europa-forum.org\\\/pl\\\/\"},{\"@type\":\"ListItem\",\"position\":2,\"name\":\"Zaproszenie na spotkanie EF 29.09.2016\"}]},{\"@type\":\"WebSite\",\"@id\":\"https:\\\/\\\/europa-forum.org\\\/#website\",\"url\":\"https:\\\/\\\/europa-forum.org\\\/\",\"name\":\"EUROPA FORUM\",\"description\":\"Polsko-Niemieckie Ko\u0142o Gospodarcze we Wroc\u0142awiu\",\"publisher\":{\"@id\":\"https:\\\/\\\/europa-forum.org\\\/#organization\"},\"potentialAction\":[{\"@type\":\"SearchAction\",\"target\":{\"@type\":\"EntryPoint\",\"urlTemplate\":\"https:\\\/\\\/europa-forum.org\\\/?s={search_term_string}\"},\"query-input\":{\"@type\":\"PropertyValueSpecification\",\"valueRequired\":true,\"valueName\":\"search_term_string\"}}],\"inLanguage\":\"pl-PL\"},{\"@type\":\"Organization\",\"@id\":\"https:\\\/\\\/europa-forum.org\\\/#organization\",\"name\":\"EUROPA FORUM\",\"url\":\"https:\\\/\\\/europa-forum.org\\\/\",\"logo\":{\"@type\":\"ImageObject\",\"inLanguage\":\"pl-PL\",\"@id\":\"https:\\\/\\\/europa-forum.org\\\/#\\\/schema\\\/logo\\\/image\\\/\",\"url\":\"https:\\\/\\\/storage.googleapis.com\\\/media-cloud-test-ef\\\/2024\\\/12\\\/logo-square.png\",\"contentUrl\":\"https:\\\/\\\/storage.googleapis.com\\\/media-cloud-test-ef\\\/2024\\\/12\\\/logo-square.png\",\"width\":240,\"height\":240,\"caption\":\"EUROPA FORUM\"},\"image\":{\"@id\":\"https:\\\/\\\/europa-forum.org\\\/#\\\/schema\\\/logo\\\/image\\\/\"},\"sameAs\":[\"https:\\\/\\\/www.facebook.com\\\/EuropaForum\\\/\",\"https:\\\/\\\/www.linkedin.com\\\/company\\\/europa-forum\"]},{\"@type\":\"Person\",\"@id\":\"https:\\\/\\\/europa-forum.org\\\/#\\\/schema\\\/person\\\/78941253d03fdc931167811f69ae5afc\",\"name\":\"Web EUROPA FORUM\",\"image\":{\"@type\":\"ImageObject\",\"inLanguage\":\"pl-PL\",\"@id\":\"https:\\\/\\\/secure.gravatar.com\\\/avatar\\\/a0d9522a5e276ed089f6a92e55c96a108f9d763254edaa18f45f2cae401cb51d?s=96&d=mm&r=g\",\"url\":\"https:\\\/\\\/secure.gravatar.com\\\/avatar\\\/a0d9522a5e276ed089f6a92e55c96a108f9d763254edaa18f45f2cae401cb51d?s=96&d=mm&r=g\",\"contentUrl\":\"https:\\\/\\\/secure.gravatar.com\\\/avatar\\\/a0d9522a5e276ed089f6a92e55c96a108f9d763254edaa18f45f2cae401cb51d?s=96&d=mm&r=g\",\"caption\":\"Web EUROPA FORUM\"}}]}<\/script>\n<!-- \/ Yoast SEO plugin. -->","yoast_head_json":{"title":"Zaproszenie na spotkanie EF 29.09.2016 - EUROPA FORUM","robots":{"index":"index","follow":"follow","max-snippet":"max-snippet:-1","max-image-preview":"max-image-preview:large","max-video-preview":"max-video-preview:-1"},"canonical":"https:\/\/europa-forum.org\/2016\/09\/einladung-zum-ef-monatstreffen-29-09-2016\/","og_locale":"pl_PL","og_type":"article","og_title":"Zaproszenie na spotkanie EF 29.09.2016 - EUROPA FORUM","og_description":"Szanowni Cz\u0142onkowie oraz Go\u015bcie Stowarzyszenia EUROPA FORUM, Szanowni Pa\u0144stwo, Polsko-Niemieckie Ko\u0142o Gospodarcze EUROPA FORUM serdecznie zaprasza na wrze\u015bniowe spotkanie, kt\u00f3re po\u015bwi\u0119cone b\u0119dzie tematowi &#8217;Dzi\u015b zam\u00f3wione \u2013 jutro dostarczone!&#8217; Bran\u017ca transportowa ... Czytaj wi\u0119cej","og_url":"https:\/\/europa-forum.org\/2016\/09\/einladung-zum-ef-monatstreffen-29-09-2016\/","og_site_name":"EUROPA FORUM","article_publisher":"https:\/\/www.facebook.com\/EuropaForum\/","article_published_time":"2016-09-23T12:23:15+00:00","og_image":[{"width":900,"height":581,"url":"https:\/\/europa-forum.org\/wp-content\/uploads\/2016\/09\/bde69e637e0bb22f83cbea53f.jpeg","type":"image\/jpeg"}],"author":"Web EUROPA FORUM","twitter_card":"summary_large_image","twitter_misc":{"Napisane przez":"Web EUROPA FORUM","Szacowany czas czytania":"1 minuta"},"schema":{"@context":"https:\/\/schema.org","@graph":[{"@type":"Article","@id":"https:\/\/europa-forum.org\/2016\/09\/einladung-zum-ef-monatstreffen-29-09-2016\/#article","isPartOf":{"@id":"https:\/\/europa-forum.org\/2016\/09\/einladung-zum-ef-monatstreffen-29-09-2016\/"},"author":{"name":"Web EUROPA FORUM","@id":"https:\/\/europa-forum.org\/#\/schema\/person\/78941253d03fdc931167811f69ae5afc"},"headline":"Zaproszenie na spotkanie EF 29.09.2016","datePublished":"2016-09-23T12:23:15+00:00","mainEntityOfPage":{"@id":"https:\/\/europa-forum.org\/2016\/09\/einladung-zum-ef-monatstreffen-29-09-2016\/"},"wordCount":249,"publisher":{"@id":"https:\/\/europa-forum.org\/#organization"},"image":{"@id":"https:\/\/europa-forum.org\/2016\/09\/einladung-zum-ef-monatstreffen-29-09-2016\/#primaryimage"},"thumbnailUrl":"https:\/\/europa-forum.org\/wp-content\/uploads\/2016\/09\/bde69e637e0bb22f83cbea53f.jpeg","keywords":["2016","Dolny \u015al\u0105sk","Europa Forum Wroc\u0142aw","Gospodarka","Ko\u0142o gospodarcze","Polska","Polsko-Niemiecki","Saksonia"],"articleSection":["EF Miesi\u0119czne spotkania"],"inLanguage":"pl-PL"},{"@type":"WebPage","@id":"https:\/\/europa-forum.org\/2016\/09\/einladung-zum-ef-monatstreffen-29-09-2016\/","url":"https:\/\/europa-forum.org\/2016\/09\/einladung-zum-ef-monatstreffen-29-09-2016\/","name":"Zaproszenie na spotkanie EF 29.09.2016 - EUROPA FORUM","isPartOf":{"@id":"https:\/\/europa-forum.org\/#website"},"primaryImageOfPage":{"@id":"https:\/\/europa-forum.org\/2016\/09\/einladung-zum-ef-monatstreffen-29-09-2016\/#primaryimage"},"image":{"@id":"https:\/\/europa-forum.org\/2016\/09\/einladung-zum-ef-monatstreffen-29-09-2016\/#primaryimage"},"thumbnailUrl":"https:\/\/europa-forum.org\/wp-content\/uploads\/2016\/09\/bde69e637e0bb22f83cbea53f.jpeg","datePublished":"2016-09-23T12:23:15+00:00","breadcrumb":{"@id":"https:\/\/europa-forum.org\/2016\/09\/einladung-zum-ef-monatstreffen-29-09-2016\/#breadcrumb"},"inLanguage":"pl-PL","potentialAction":[{"@type":"ReadAction","target":["https:\/\/europa-forum.org\/2016\/09\/einladung-zum-ef-monatstreffen-29-09-2016\/"]}]},{"@type":"ImageObject","inLanguage":"pl-PL","@id":"https:\/\/europa-forum.org\/2016\/09\/einladung-zum-ef-monatstreffen-29-09-2016\/#primaryimage","url":"https:\/\/europa-forum.org\/wp-content\/uploads\/2016\/09\/bde69e637e0bb22f83cbea53f.jpeg","contentUrl":"https:\/\/europa-forum.org\/wp-content\/uploads\/2016\/09\/bde69e637e0bb22f83cbea53f.jpeg","width":900,"height":581},{"@type":"BreadcrumbList","@id":"https:\/\/europa-forum.org\/2016\/09\/einladung-zum-ef-monatstreffen-29-09-2016\/#breadcrumb","itemListElement":[{"@type":"ListItem","position":1,"name":"Home","item":"https:\/\/europa-forum.org\/pl\/"},{"@type":"ListItem","position":2,"name":"Zaproszenie na spotkanie EF 29.09.2016"}]},{"@type":"WebSite","@id":"https:\/\/europa-forum.org\/#website","url":"https:\/\/europa-forum.org\/","name":"EUROPA FORUM","description":"Polsko-Niemieckie Ko\u0142o Gospodarcze we Wroc\u0142awiu","publisher":{"@id":"https:\/\/europa-forum.org\/#organization"},"potentialAction":[{"@type":"SearchAction","target":{"@type":"EntryPoint","urlTemplate":"https:\/\/europa-forum.org\/?s={search_term_string}"},"query-input":{"@type":"PropertyValueSpecification","valueRequired":true,"valueName":"search_term_string"}}],"inLanguage":"pl-PL"},{"@type":"Organization","@id":"https:\/\/europa-forum.org\/#organization","name":"EUROPA FORUM","url":"https:\/\/europa-forum.org\/","logo":{"@type":"ImageObject","inLanguage":"pl-PL","@id":"https:\/\/europa-forum.org\/#\/schema\/logo\/image\/","url":"https:\/\/storage.googleapis.com\/media-cloud-test-ef\/2024\/12\/logo-square.png","contentUrl":"https:\/\/storage.googleapis.com\/media-cloud-test-ef\/2024\/12\/logo-square.png","width":240,"height":240,"caption":"EUROPA FORUM"},"image":{"@id":"https:\/\/europa-forum.org\/#\/schema\/logo\/image\/"},"sameAs":["https:\/\/www.facebook.com\/EuropaForum\/","https:\/\/www.linkedin.com\/company\/europa-forum"]},{"@type":"Person","@id":"https:\/\/europa-forum.org\/#\/schema\/person\/78941253d03fdc931167811f69ae5afc","name":"Web EUROPA FORUM","image":{"@type":"ImageObject","inLanguage":"pl-PL","@id":"https:\/\/secure.gravatar.com\/avatar\/a0d9522a5e276ed089f6a92e55c96a108f9d763254edaa18f45f2cae401cb51d?s=96&d=mm&r=g","url":"https:\/\/secure.gravatar.com\/avatar\/a0d9522a5e276ed089f6a92e55c96a108f9d763254edaa18f45f2cae401cb51d?s=96&d=mm&r=g","contentUrl":"https:\/\/secure.gravatar.com\/avatar\/a0d9522a5e276ed089f6a92e55c96a108f9d763254edaa18f45f2cae401cb51d?s=96&d=mm&r=g","caption":"Web EUROPA FORUM"}}]}},"_links":{"self":[{"href":"https:\/\/europa-forum.org\/pl\/wp-json\/wp\/v2\/posts\/7416","targetHints":{"allow":["GET"]}}],"collection":[{"href":"https:\/\/europa-forum.org\/pl\/wp-json\/wp\/v2\/posts"}],"about":[{"href":"https:\/\/europa-forum.org\/pl\/wp-json\/wp\/v2\/types\/post"}],"author":[{"embeddable":true,"href":"https:\/\/europa-forum.org\/pl\/wp-json\/wp\/v2\/users\/34"}],"replies":[{"embeddable":true,"href":"https:\/\/europa-forum.org\/pl\/wp-json\/wp\/v2\/comments?post=7416"}],"version-history":[{"count":0,"href":"https:\/\/europa-forum.org\/pl\/wp-json\/wp\/v2\/posts\/7416\/revisions"}],"wp:featuredmedia":[{"embeddable":true,"href":"https:\/\/europa-forum.org\/pl\/wp-json\/wp\/v2\/media\/7384"}],"wp:attachment":[{"href":"https:\/\/europa-forum.org\/pl\/wp-json\/wp\/v2\/media?parent=7416"}],"wp:term":[{"taxonomy":"category","embeddable":true,"href":"https:\/\/europa-forum.org\/pl\/wp-json\/wp\/v2\/categories?post=7416"},{"taxonomy":"post_tag","embeddable":true,"href":"https:\/\/europa-forum.org\/pl\/wp-json\/wp\/v2\/tags?post=7416"}],"curies":[{"name":"wp","href":"https:\/\/api.w.org\/{rel}","templated":true}]}}