{"id":35656,"date":"2026-08-31T14:41:07","date_gmt":"2026-08-31T12:41:07","guid":{"rendered":"https:\/\/europa-forum.org\/?p=35656"},"modified":"2026-08-31T14:41:53","modified_gmt":"2026-08-31T12:41:53","slug":"17-letni-rejs-po-odrze-europa-forum-spotkajmy-sie-poza-biurem","status":"publish","type":"post","link":"https:\/\/europa-forum.org\/pl\/2026\/08\/17-letni-rejs-po-odrze-europa-forum-spotkajmy-sie-poza-biurem\/","title":{"rendered":"17. Letni Rejs po Odrze EUROPA FORUM \u2013 spotkajmy si\u0119 poza biurem"},"content":{"rendered":"<p><strong>26 sierpnia 2026 r.<\/strong> po raz 17. zaprosili\u015bmy naszych cz\u0142onk\u00f3w, partner\u00f3w i przyjaci\u00f3\u0142 na <strong>Letni Rejs po Odrze EUROPA FORUM<\/strong>.<\/p>\n<p>Tym razem spotkali\u015bmy si\u0119 na pok\u0142adzie statku <strong>Rusa\u0142ka<\/strong>. Cztery godziny na Odrze min\u0119\u0142y bardzo szybko \u2013 przy muzyce Natalii Lubrano, dobrym jedzeniu, winie i przede wszystkim wielu ciekawych rozmowach.<br \/>\n<!--more--><\/p>\n<p>I w\u0142a\u015bnie o te rozmowy chodzi\u0142o najbardziej.<\/p>\n<p>Rejs by\u0142 okazj\u0105, \u017ceby spotka\u0107 osoby, z kt\u00f3rymi wsp\u00f3\u0142pracujemy na co dzie\u0144, pozna\u0107 nowych ludzi, wymieni\u0107 si\u0119 pomys\u0142ami i porozmawia\u0107 o planach na przysz\u0142o\u015b\u0107. Bez po\u015bpiechu i formalnej atmosfery \u2013 po prostu razem, przy wsp\u00f3lnym stole i na pok\u0142adzie.<\/p>\n<p>Nie zabrak\u0142o r\u00f3wnie\u017c wyj\u0105tkowych moment\u00f3w. Wsp\u00f3lnie \u015bwi\u0119towali\u015bmy urodziny <strong>Lucyny<\/strong>, a tradycyjne \u201eSto lat\u201d zabrzmia\u0142o na pok\u0142adzie w wyj\u0105tkowej atmosferze. By\u0142 r\u00f3wnie\u017c konkurs z nagrodami oraz du\u017co dobrej muzyki.<\/p>\n<p><strong>Dzi\u0119kujemy naszym Partnerom<\/strong><\/p>\n<p>Szczeg\u00f3lne podzi\u0119kowania kierujemy do <strong>naszych Partner\u00f3w i firm, kt\u00f3re wspar\u0142y tegoroczny rejs<\/strong>. Wasze zaanga\u017cowanie, zaufanie i otwarto\u015b\u0107 na wsp\u00f3\u0142prac\u0119 s\u0105 dla nas bardzo wa\u017cne i pozwalaj\u0105 nam tworzy\u0107 wydarzenia, kt\u00f3re \u0142\u0105cz\u0105 ludzi i biznes.<\/p>\n<p>Dzi\u0119kujemy zar\u00f3wno naszym **Partnerom Srebrnym&nbsp;<strong>Bank Polska SA<\/strong> i Br\u0105zowym&nbsp;<strong>Henry Kruse Polska, Kancelaria Prawna Schampera, Dubis, Zaj\u0105c i Wsp\u00f3lnicy sp. j., Avanta Audit Sp. z o.o., jak i wszystkim Partnerom nagr\u00f3d&nbsp;Kwiaty Kawy, DoubleTree by Hilton Wroc\u0142aw, Taxi Class, Studio7 Productions, Kancelaria Prawna Schampera, Dubis, Zaj\u0105c i Wsp\u00f3lnicy sp. j., Port Lotniczy Wroc\u0142aw, Pa\u0142ac Brze\u017ano Spa &amp; Golf, Pracownia Kaligrafii Scriptfolium, Senfkorn Verlag Alfred Theisen<\/strong> i Partnerom wspieraj\u0105cym&nbsp;**JOT-BE Nieruchomo\u015bci. Cieszymy si\u0119, \u017ce byli\u015bcie z nami na pok\u0142adzie i wsp\u00f3\u0142tworzyli\u015bcie ten wiecz\u00f3r.<\/p>\n<p>EUROPA FORUM to przede wszystkim ludzie. To spotkania, rozmowy i relacje, kt\u00f3re z czasem przeradzaj\u0105 si\u0119 w nowe pomys\u0142y, wsp\u00f3\u0142prac\u0119 i wsp\u00f3lne projekty.<\/p>\n<p><strong>Dzi\u0119kujemy wszystkim, kt\u00f3rzy byli z nami podczas 17. Letniego Rejsu po Odrze.<\/strong><\/p>\n<p>Do zobaczenia na kolejnych wydarzeniach EUROPA FORUM! \u2693\ud83e\udd42<\/p>\n<p><strong>Galeria zdj\u0119\u0107:<\/strong><\/p>\nngg_shortcode_0_placeholder\n","protected":false},"excerpt":{"rendered":"<p>26 sierpnia 2026 r. po raz 17. zaprosili\u015bmy naszych cz\u0142onk\u00f3w, partner\u00f3w i przyjaci\u00f3\u0142 na Letni Rejs po Odrze EUROPA FORUM. Tym razem spotkali\u015bmy si\u0119 na pok\u0142adzie statku Rusa\u0142ka. Cztery godziny &#8230; <a class=\"read-more\" href=\"https:\/\/europa-forum.org\/pl\/2026\/08\/17-letni-rejs-po-odrze-europa-forum-spotkajmy-sie-poza-biurem\/\">Czytaj wi\u0119cej<\/a><\/p>\n","protected":false},"author":34,"featured_media":35645,"comment_status":"closed","ping_status":"closed","sticky":false,"template":"","format":"standard","meta":{"ngg_post_thumbnail":0,"footnotes":""},"categories":[43],"tags":[],"class_list":["post-35656","post","type-post","status-publish","format-standard","has-post-thumbnail","hentry","category-ef-wydarzenia"],"yoast_head":"<!-- This site is optimized with the Yoast SEO plugin v28.3 - https:\/\/yoast.com\/product\/yoast-seo-wordpress\/ -->\n<title>17. Letni Rejs po Odrze EUROPA FORUM \u2013 spotkajmy si\u0119 poza biurem - EUROPA FORUM<\/title>\n<meta name=\"robots\" content=\"index, follow, max-snippet:-1, max-image-preview:large, max-video-preview:-1\" \/>\n<link rel=\"canonical\" href=\"https:\/\/europa-forum.org\/pl\/2026\/08\/17-letni-rejs-po-odrze-europa-forum-spotkajmy-sie-poza-biurem\/\" \/>\n<meta property=\"og:locale\" content=\"pl_PL\" \/>\n<meta property=\"og:type\" content=\"article\" \/>\n<meta property=\"og:title\" content=\"17. Letni Rejs po Odrze EUROPA FORUM \u2013 spotkajmy si\u0119 poza biurem - EUROPA FORUM\" \/>\n<meta property=\"og:description\" content=\"26 sierpnia 2026 r. po raz 17. zaprosili\u015bmy naszych cz\u0142onk\u00f3w, partner\u00f3w i przyjaci\u00f3\u0142 na Letni Rejs po Odrze EUROPA FORUM. Tym razem spotkali\u015bmy si\u0119 na pok\u0142adzie statku Rusa\u0142ka. Cztery godziny ... Czytaj wi\u0119cej\" \/>\n<meta property=\"og:url\" content=\"https:\/\/europa-forum.org\/pl\/2026\/08\/17-letni-rejs-po-odrze-europa-forum-spotkajmy-sie-poza-biurem\/\" \/>\n<meta property=\"og:site_name\" content=\"EUROPA FORUM\" \/>\n<meta property=\"article:publisher\" content=\"https:\/\/www.facebook.com\/EuropaForum\/\" \/>\n<meta property=\"article:published_time\" content=\"2026-08-31T12:41:07+00:00\" \/>\n<meta property=\"article:modified_time\" content=\"2026-08-31T12:41:53+00:00\" \/>\n<meta property=\"og:image\" content=\"https:\/\/storage.googleapis.com\/media-cloud-test-ef\/2026\/08\/pl\/1-scaled.jpg\" \/>\n\t<meta property=\"og:image:width\" content=\"2560\" \/>\n\t<meta property=\"og:image:height\" content=\"1710\" \/>\n\t<meta property=\"og:image:type\" content=\"image\/jpeg\" \/>\n<meta name=\"author\" content=\"Web EUROPA FORUM\" \/>\n<meta name=\"twitter:card\" content=\"summary_large_image\" \/>\n<meta name=\"twitter:label1\" content=\"Napisane przez\" \/>\n\t<meta name=\"twitter:data1\" content=\"Web EUROPA FORUM\" \/>\n\t<meta name=\"twitter:label2\" content=\"Szacowany czas czytania\" \/>\n\t<meta name=\"twitter:data2\" content=\"2 minuty\" \/>\n<script type=\"application\/ld+json\" class=\"yoast-schema-graph\">{\"@context\":\"https:\\\/\\\/schema.org\",\"@graph\":[{\"@type\":\"Article\",\"@id\":\"https:\\\/\\\/europa-forum.org\\\/pl\\\/2026\\\/08\\\/17-letni-rejs-po-odrze-europa-forum-spotkajmy-sie-poza-biurem\\\/#article\",\"isPartOf\":{\"@id\":\"https:\\\/\\\/europa-forum.org\\\/pl\\\/2026\\\/08\\\/17-letni-rejs-po-odrze-europa-forum-spotkajmy-sie-poza-biurem\\\/\"},\"author\":{\"name\":\"Web EUROPA FORUM\",\"@id\":\"https:\\\/\\\/europa-forum.org\\\/#\\\/schema\\\/person\\\/78941253d03fdc931167811f69ae5afc\"},\"headline\":\"17. Letni Rejs po Odrze EUROPA FORUM \u2013 spotkajmy si\u0119 poza biurem\",\"datePublished\":\"2026-08-31T12:41:07+00:00\",\"dateModified\":\"2026-08-31T12:41:53+00:00\",\"mainEntityOfPage\":{\"@id\":\"https:\\\/\\\/europa-forum.org\\\/pl\\\/2026\\\/08\\\/17-letni-rejs-po-odrze-europa-forum-spotkajmy-sie-poza-biurem\\\/\"},\"wordCount\":370,\"publisher\":{\"@id\":\"https:\\\/\\\/europa-forum.org\\\/#organization\"},\"image\":{\"@id\":\"https:\\\/\\\/europa-forum.org\\\/pl\\\/2026\\\/08\\\/17-letni-rejs-po-odrze-europa-forum-spotkajmy-sie-poza-biurem\\\/#primaryimage\"},\"thumbnailUrl\":\"https:\\\/\\\/storage.googleapis.com\\\/media-cloud-test-ef\\\/2026\\\/08\\\/pl\\\/1-scaled.jpg\",\"articleSection\":[\"EF Wydarzenia\"],\"inLanguage\":\"pl-PL\"},{\"@type\":\"WebPage\",\"@id\":\"https:\\\/\\\/europa-forum.org\\\/pl\\\/2026\\\/08\\\/17-letni-rejs-po-odrze-europa-forum-spotkajmy-sie-poza-biurem\\\/\",\"url\":\"https:\\\/\\\/europa-forum.org\\\/pl\\\/2026\\\/08\\\/17-letni-rejs-po-odrze-europa-forum-spotkajmy-sie-poza-biurem\\\/\",\"name\":\"17. Letni Rejs po Odrze EUROPA FORUM \u2013 spotkajmy si\u0119 poza biurem - EUROPA FORUM\",\"isPartOf\":{\"@id\":\"https:\\\/\\\/europa-forum.org\\\/#website\"},\"primaryImageOfPage\":{\"@id\":\"https:\\\/\\\/europa-forum.org\\\/pl\\\/2026\\\/08\\\/17-letni-rejs-po-odrze-europa-forum-spotkajmy-sie-poza-biurem\\\/#primaryimage\"},\"image\":{\"@id\":\"https:\\\/\\\/europa-forum.org\\\/pl\\\/2026\\\/08\\\/17-letni-rejs-po-odrze-europa-forum-spotkajmy-sie-poza-biurem\\\/#primaryimage\"},\"thumbnailUrl\":\"https:\\\/\\\/storage.googleapis.com\\\/media-cloud-test-ef\\\/2026\\\/08\\\/pl\\\/1-scaled.jpg\",\"datePublished\":\"2026-08-31T12:41:07+00:00\",\"dateModified\":\"2026-08-31T12:41:53+00:00\",\"breadcrumb\":{\"@id\":\"https:\\\/\\\/europa-forum.org\\\/pl\\\/2026\\\/08\\\/17-letni-rejs-po-odrze-europa-forum-spotkajmy-sie-poza-biurem\\\/#breadcrumb\"},\"inLanguage\":\"pl-PL\",\"potentialAction\":[{\"@type\":\"ReadAction\",\"target\":[\"https:\\\/\\\/europa-forum.org\\\/pl\\\/2026\\\/08\\\/17-letni-rejs-po-odrze-europa-forum-spotkajmy-sie-poza-biurem\\\/\"]}]},{\"@type\":\"ImageObject\",\"inLanguage\":\"pl-PL\",\"@id\":\"https:\\\/\\\/europa-forum.org\\\/pl\\\/2026\\\/08\\\/17-letni-rejs-po-odrze-europa-forum-spotkajmy-sie-poza-biurem\\\/#primaryimage\",\"url\":\"https:\\\/\\\/storage.googleapis.com\\\/media-cloud-test-ef\\\/2026\\\/08\\\/pl\\\/1-scaled.jpg\",\"contentUrl\":\"https:\\\/\\\/storage.googleapis.com\\\/media-cloud-test-ef\\\/2026\\\/08\\\/pl\\\/1-scaled.jpg\",\"width\":2560,\"height\":1710},{\"@type\":\"BreadcrumbList\",\"@id\":\"https:\\\/\\\/europa-forum.org\\\/pl\\\/2026\\\/08\\\/17-letni-rejs-po-odrze-europa-forum-spotkajmy-sie-poza-biurem\\\/#breadcrumb\",\"itemListElement\":[{\"@type\":\"ListItem\",\"position\":1,\"name\":\"Home\",\"item\":\"https:\\\/\\\/europa-forum.org\\\/pl\\\/\"},{\"@type\":\"ListItem\",\"position\":2,\"name\":\"17. Letni Rejs po Odrze EUROPA FORUM \u2013 spotkajmy si\u0119 poza biurem\"}]},{\"@type\":\"WebSite\",\"@id\":\"https:\\\/\\\/europa-forum.org\\\/#website\",\"url\":\"https:\\\/\\\/europa-forum.org\\\/\",\"name\":\"EUROPA FORUM\",\"description\":\"Polsko-Niemieckie Ko\u0142o Gospodarcze we Wroc\u0142awiu\",\"publisher\":{\"@id\":\"https:\\\/\\\/europa-forum.org\\\/#organization\"},\"potentialAction\":[{\"@type\":\"SearchAction\",\"target\":{\"@type\":\"EntryPoint\",\"urlTemplate\":\"https:\\\/\\\/europa-forum.org\\\/?s={search_term_string}\"},\"query-input\":{\"@type\":\"PropertyValueSpecification\",\"valueRequired\":true,\"valueName\":\"search_term_string\"}}],\"inLanguage\":\"pl-PL\"},{\"@type\":\"Organization\",\"@id\":\"https:\\\/\\\/europa-forum.org\\\/#organization\",\"name\":\"EUROPA FORUM\",\"url\":\"https:\\\/\\\/europa-forum.org\\\/\",\"logo\":{\"@type\":\"ImageObject\",\"inLanguage\":\"pl-PL\",\"@id\":\"https:\\\/\\\/europa-forum.org\\\/#\\\/schema\\\/logo\\\/image\\\/\",\"url\":\"https:\\\/\\\/storage.googleapis.com\\\/media-cloud-test-ef\\\/2024\\\/12\\\/logo-square.png\",\"contentUrl\":\"https:\\\/\\\/storage.googleapis.com\\\/media-cloud-test-ef\\\/2024\\\/12\\\/logo-square.png\",\"width\":240,\"height\":240,\"caption\":\"EUROPA FORUM\"},\"image\":{\"@id\":\"https:\\\/\\\/europa-forum.org\\\/#\\\/schema\\\/logo\\\/image\\\/\"},\"sameAs\":[\"https:\\\/\\\/www.facebook.com\\\/EuropaForum\\\/\",\"https:\\\/\\\/www.linkedin.com\\\/company\\\/europa-forum\"]},{\"@type\":\"Person\",\"@id\":\"https:\\\/\\\/europa-forum.org\\\/#\\\/schema\\\/person\\\/78941253d03fdc931167811f69ae5afc\",\"name\":\"Web EUROPA FORUM\",\"image\":{\"@type\":\"ImageObject\",\"inLanguage\":\"pl-PL\",\"@id\":\"https:\\\/\\\/secure.gravatar.com\\\/avatar\\\/a0d9522a5e276ed089f6a92e55c96a108f9d763254edaa18f45f2cae401cb51d?s=96&d=mm&r=g\",\"url\":\"https:\\\/\\\/secure.gravatar.com\\\/avatar\\\/a0d9522a5e276ed089f6a92e55c96a108f9d763254edaa18f45f2cae401cb51d?s=96&d=mm&r=g\",\"contentUrl\":\"https:\\\/\\\/secure.gravatar.com\\\/avatar\\\/a0d9522a5e276ed089f6a92e55c96a108f9d763254edaa18f45f2cae401cb51d?s=96&d=mm&r=g\",\"caption\":\"Web EUROPA FORUM\"}}]}<\/script>\n<!-- \/ Yoast SEO plugin. -->","yoast_head_json":{"title":"17. Letni Rejs po Odrze EUROPA FORUM \u2013 spotkajmy si\u0119 poza biurem - EUROPA FORUM","robots":{"index":"index","follow":"follow","max-snippet":"max-snippet:-1","max-image-preview":"max-image-preview:large","max-video-preview":"max-video-preview:-1"},"canonical":"https:\/\/europa-forum.org\/pl\/2026\/08\/17-letni-rejs-po-odrze-europa-forum-spotkajmy-sie-poza-biurem\/","og_locale":"pl_PL","og_type":"article","og_title":"17. Letni Rejs po Odrze EUROPA FORUM \u2013 spotkajmy si\u0119 poza biurem - EUROPA FORUM","og_description":"26 sierpnia 2026 r. po raz 17. zaprosili\u015bmy naszych cz\u0142onk\u00f3w, partner\u00f3w i przyjaci\u00f3\u0142 na Letni Rejs po Odrze EUROPA FORUM. Tym razem spotkali\u015bmy si\u0119 na pok\u0142adzie statku Rusa\u0142ka. Cztery godziny ... Czytaj wi\u0119cej","og_url":"https:\/\/europa-forum.org\/pl\/2026\/08\/17-letni-rejs-po-odrze-europa-forum-spotkajmy-sie-poza-biurem\/","og_site_name":"EUROPA FORUM","article_publisher":"https:\/\/www.facebook.com\/EuropaForum\/","article_published_time":"2026-08-31T12:41:07+00:00","article_modified_time":"2026-08-31T12:41:53+00:00","og_image":[{"width":2560,"height":1710,"url":"https:\/\/storage.googleapis.com\/media-cloud-test-ef\/2026\/08\/pl\/1-scaled.jpg","type":"image\/jpeg"}],"author":"Web EUROPA FORUM","twitter_card":"summary_large_image","twitter_misc":{"Napisane przez":"Web EUROPA FORUM","Szacowany czas czytania":"2 minuty"},"schema":{"@context":"https:\/\/schema.org","@graph":[{"@type":"Article","@id":"https:\/\/europa-forum.org\/pl\/2026\/08\/17-letni-rejs-po-odrze-europa-forum-spotkajmy-sie-poza-biurem\/#article","isPartOf":{"@id":"https:\/\/europa-forum.org\/pl\/2026\/08\/17-letni-rejs-po-odrze-europa-forum-spotkajmy-sie-poza-biurem\/"},"author":{"name":"Web EUROPA FORUM","@id":"https:\/\/europa-forum.org\/#\/schema\/person\/78941253d03fdc931167811f69ae5afc"},"headline":"17. Letni Rejs po Odrze EUROPA FORUM \u2013 spotkajmy si\u0119 poza biurem","datePublished":"2026-08-31T12:41:07+00:00","dateModified":"2026-08-31T12:41:53+00:00","mainEntityOfPage":{"@id":"https:\/\/europa-forum.org\/pl\/2026\/08\/17-letni-rejs-po-odrze-europa-forum-spotkajmy-sie-poza-biurem\/"},"wordCount":370,"publisher":{"@id":"https:\/\/europa-forum.org\/#organization"},"image":{"@id":"https:\/\/europa-forum.org\/pl\/2026\/08\/17-letni-rejs-po-odrze-europa-forum-spotkajmy-sie-poza-biurem\/#primaryimage"},"thumbnailUrl":"https:\/\/storage.googleapis.com\/media-cloud-test-ef\/2026\/08\/pl\/1-scaled.jpg","articleSection":["EF Wydarzenia"],"inLanguage":"pl-PL"},{"@type":"WebPage","@id":"https:\/\/europa-forum.org\/pl\/2026\/08\/17-letni-rejs-po-odrze-europa-forum-spotkajmy-sie-poza-biurem\/","url":"https:\/\/europa-forum.org\/pl\/2026\/08\/17-letni-rejs-po-odrze-europa-forum-spotkajmy-sie-poza-biurem\/","name":"17. Letni Rejs po Odrze EUROPA FORUM \u2013 spotkajmy si\u0119 poza biurem - EUROPA FORUM","isPartOf":{"@id":"https:\/\/europa-forum.org\/#website"},"primaryImageOfPage":{"@id":"https:\/\/europa-forum.org\/pl\/2026\/08\/17-letni-rejs-po-odrze-europa-forum-spotkajmy-sie-poza-biurem\/#primaryimage"},"image":{"@id":"https:\/\/europa-forum.org\/pl\/2026\/08\/17-letni-rejs-po-odrze-europa-forum-spotkajmy-sie-poza-biurem\/#primaryimage"},"thumbnailUrl":"https:\/\/storage.googleapis.com\/media-cloud-test-ef\/2026\/08\/pl\/1-scaled.jpg","datePublished":"2026-08-31T12:41:07+00:00","dateModified":"2026-08-31T12:41:53+00:00","breadcrumb":{"@id":"https:\/\/europa-forum.org\/pl\/2026\/08\/17-letni-rejs-po-odrze-europa-forum-spotkajmy-sie-poza-biurem\/#breadcrumb"},"inLanguage":"pl-PL","potentialAction":[{"@type":"ReadAction","target":["https:\/\/europa-forum.org\/pl\/2026\/08\/17-letni-rejs-po-odrze-europa-forum-spotkajmy-sie-poza-biurem\/"]}]},{"@type":"ImageObject","inLanguage":"pl-PL","@id":"https:\/\/europa-forum.org\/pl\/2026\/08\/17-letni-rejs-po-odrze-europa-forum-spotkajmy-sie-poza-biurem\/#primaryimage","url":"https:\/\/storage.googleapis.com\/media-cloud-test-ef\/2026\/08\/pl\/1-scaled.jpg","contentUrl":"https:\/\/storage.googleapis.com\/media-cloud-test-ef\/2026\/08\/pl\/1-scaled.jpg","width":2560,"height":1710},{"@type":"BreadcrumbList","@id":"https:\/\/europa-forum.org\/pl\/2026\/08\/17-letni-rejs-po-odrze-europa-forum-spotkajmy-sie-poza-biurem\/#breadcrumb","itemListElement":[{"@type":"ListItem","position":1,"name":"Home","item":"https:\/\/europa-forum.org\/pl\/"},{"@type":"ListItem","position":2,"name":"17. Letni Rejs po Odrze EUROPA FORUM \u2013 spotkajmy si\u0119 poza biurem"}]},{"@type":"WebSite","@id":"https:\/\/europa-forum.org\/#website","url":"https:\/\/europa-forum.org\/","name":"EUROPA FORUM","description":"Polsko-Niemieckie Ko\u0142o Gospodarcze we Wroc\u0142awiu","publisher":{"@id":"https:\/\/europa-forum.org\/#organization"},"potentialAction":[{"@type":"SearchAction","target":{"@type":"EntryPoint","urlTemplate":"https:\/\/europa-forum.org\/?s={search_term_string}"},"query-input":{"@type":"PropertyValueSpecification","valueRequired":true,"valueName":"search_term_string"}}],"inLanguage":"pl-PL"},{"@type":"Organization","@id":"https:\/\/europa-forum.org\/#organization","name":"EUROPA FORUM","url":"https:\/\/europa-forum.org\/","logo":{"@type":"ImageObject","inLanguage":"pl-PL","@id":"https:\/\/europa-forum.org\/#\/schema\/logo\/image\/","url":"https:\/\/storage.googleapis.com\/media-cloud-test-ef\/2024\/12\/logo-square.png","contentUrl":"https:\/\/storage.googleapis.com\/media-cloud-test-ef\/2024\/12\/logo-square.png","width":240,"height":240,"caption":"EUROPA FORUM"},"image":{"@id":"https:\/\/europa-forum.org\/#\/schema\/logo\/image\/"},"sameAs":["https:\/\/www.facebook.com\/EuropaForum\/","https:\/\/www.linkedin.com\/company\/europa-forum"]},{"@type":"Person","@id":"https:\/\/europa-forum.org\/#\/schema\/person\/78941253d03fdc931167811f69ae5afc","name":"Web EUROPA FORUM","image":{"@type":"ImageObject","inLanguage":"pl-PL","@id":"https:\/\/secure.gravatar.com\/avatar\/a0d9522a5e276ed089f6a92e55c96a108f9d763254edaa18f45f2cae401cb51d?s=96&d=mm&r=g","url":"https:\/\/secure.gravatar.com\/avatar\/a0d9522a5e276ed089f6a92e55c96a108f9d763254edaa18f45f2cae401cb51d?s=96&d=mm&r=g","contentUrl":"https:\/\/secure.gravatar.com\/avatar\/a0d9522a5e276ed089f6a92e55c96a108f9d763254edaa18f45f2cae401cb51d?s=96&d=mm&r=g","caption":"Web EUROPA FORUM"}}]}},"_links":{"self":[{"href":"https:\/\/europa-forum.org\/pl\/wp-json\/wp\/v2\/posts\/35656","targetHints":{"allow":["GET"]}}],"collection":[{"href":"https:\/\/europa-forum.org\/pl\/wp-json\/wp\/v2\/posts"}],"about":[{"href":"https:\/\/europa-forum.org\/pl\/wp-json\/wp\/v2\/types\/post"}],"author":[{"embeddable":true,"href":"https:\/\/europa-forum.org\/pl\/wp-json\/wp\/v2\/users\/34"}],"replies":[{"embeddable":true,"href":"https:\/\/europa-forum.org\/pl\/wp-json\/wp\/v2\/comments?post=35656"}],"version-history":[{"count":3,"href":"https:\/\/europa-forum.org\/pl\/wp-json\/wp\/v2\/posts\/35656\/revisions"}],"predecessor-version":[{"id":35660,"href":"https:\/\/europa-forum.org\/pl\/wp-json\/wp\/v2\/posts\/35656\/revisions\/35660"}],"wp:featuredmedia":[{"embeddable":true,"href":"https:\/\/europa-forum.org\/pl\/wp-json\/wp\/v2\/media\/35645"}],"wp:attachment":[{"href":"https:\/\/europa-forum.org\/pl\/wp-json\/wp\/v2\/media?parent=35656"}],"wp:term":[{"taxonomy":"category","embeddable":true,"href":"https:\/\/europa-forum.org\/pl\/wp-json\/wp\/v2\/categories?post=35656"},{"taxonomy":"post_tag","embeddable":true,"href":"https:\/\/europa-forum.org\/pl\/wp-json\/wp\/v2\/tags?post=35656"}],"curies":[{"name":"wp","href":"https:\/\/api.w.org\/{rel}","templated":true}]}}