{"id":33247,"date":"2025-04-04T11:01:57","date_gmt":"2025-04-04T09:01:57","guid":{"rendered":"https:\/\/europa-forum.org\/?p=33247"},"modified":"2025-04-04T13:20:47","modified_gmt":"2025-04-04T11:20:47","slug":"walne-zgromadzenie-czlonkow-ef-27-03-2025","status":"publish","type":"post","link":"https:\/\/europa-forum.org\/pl\/2025\/04\/walne-zgromadzenie-czlonkow-ef-27-03-2025\/","title":{"rendered":"Walne Zgromadzenie Cz\u0142onk\u00f3w EF 27.03.2025"},"content":{"rendered":"<p>W dniu 27 marca 2025 r. w hotelu DoubleTree by Hilton mia\u0142o miejsce coroczne walne zgromadzenie cz\u0142onk\u00f3w Europa Forum.<\/p>\n<p><!--more--><\/p>\n<p>Podczas spotkania Zarz\u0105d przedstawi\u0142 kompleksowe sprawozdanie z dzia\u0142alno\u015bci stowarzyszenia w 2024 r., a tak\u017ce plan na 2025 r. Ponadto przedstawiono sprawozdanie finansowe za 2024 r. oraz raport S\u0105du Kole\u017ce\u0144skiego za ubieg\u0142y rok.<\/p>\n<p>Zgromadzenie udzieli\u0142o absolutorium organom stowarzyszenia za prac\u0119 w minionym roku oraz wybra\u0142o cz\u0142onk\u00f3w do Zarz\u0105du, Komisji Rewizyjnej i S\u0105du Kole\u017ce\u0144skiego na nadchodz\u0105c\u0105 roczn\u0105 kadencj\u0119. Konrad Schampera oraz Achim Baumeister zostali nowymi cz\u0142onkiem Zarz\u0105du, do Komisji Rewizyjnej wybrano nowych cz\u0142onk\u00f3w Grzegorza Bobowskiego, Mariusza Kubiaka oraz Miros\u0142awa Bryckiego, natomiast w S\u0105dzie Kole\u017ce\u0144skim wybrano, Horsta D\u00f6ringa, Agnieszk\u0119 Ceglarsk\u0105 oraz Arkadiusza \u017burka.<\/p>\n<p>Dzi\u0119kujemy wszystkim, kt\u00f3rzy wzi\u0119li udzia\u0142 w tegorocznym Walnym Zgromadzeniu. Zebranie by\u0142o prawomocne, co umo\u017cliwi\u0142o sprawn\u0105 i udan\u0105 realizacj\u0119 wszystkich punkt\u00f3w porz\u0105dku obrad. Szczeg\u00f3lne podzi\u0119kowania kierujemy do wszystkich, kt\u00f3rzy aktywnie wspierali cele i dzia\u0142ania Europa Forum w 2024 roku!<\/p>\n<p><strong>Zarz\u0105d EUROPA FORUM 2024-2025<\/strong><\/p>\n<p>Claus Frank \u2013 Prezes<br \/>\nJochen Schramm \u2013 Wiceprezes<br \/>\nMagdalena Kotlarz \u2013 Skarbnik<br \/>\nWojciech Baucz \u2013 Sekretarz<br \/>\nUwe Stieblich \u2013 Cz\u0142onek Zarz\u0105du<br \/>\nAgnieszka Szostak-Czajowska \u2013 Cz\u0142onek Zarz\u0105du<br \/>\nDorian Duda \u2013 Cz\u0142onek Zarz\u0105du<br \/>\nWaldemar Bia\u0142y \u2013 Cz\u0142onek Zarz\u0105du<br \/>\nKonrad Schampera \u2013 Cz\u0142onek Zarz\u0105du<br \/>\nAchim Baumeister \u2013 Cz\u0142onek Zarz\u0105du<\/p>\n<p><strong>Komisja Rewizyjna 2024-2025<\/strong><\/p>\n<p>Miros\u0142aw Brycki<br \/>\nGrzegorz Bobowski<br \/>\nMariusz Kubiak<\/p>\n<p><strong>S\u0105d Kole\u017ce\u0144ski 2024-2025<\/strong><\/p>\n<p>Agnieszka Ceglarska<br \/>\nHorst D\u00f6ring<br \/>\nArkadiusz \u017burek<\/p>\n<p>Pozdrawiamy serdecznie,<br \/>\nZesp\u00f3\u0142 Europa Forum<\/p>\n<p><strong>Galeria zdj\u0119\u0107:<\/strong><\/p>\nngg_shortcode_0_placeholder\n","protected":false},"excerpt":{"rendered":"<p>W dniu 27 marca 2025 r. w hotelu DoubleTree by Hilton mia\u0142o miejsce coroczne walne zgromadzenie cz\u0142onk\u00f3w Europa Forum.<\/p>\n","protected":false},"author":67,"featured_media":33255,"comment_status":"closed","ping_status":"closed","sticky":false,"template":"","format":"standard","meta":{"ngg_post_thumbnail":0,"footnotes":""},"categories":[36],"tags":[243,53,148,182,133,181,180,69],"class_list":["post-33247","post","type-post","status-publish","format-standard","has-post-thumbnail","hentry","category-aktualnosci-stowarzyszenia","tag-243","tag-europa-forum-wroclaw","tag-gospodarka","tag-kolo-gospodarcze-pl","tag-kultura","tag-polska-pl","tag-polsko-niemiecki-pl","tag-wroclaw"],"yoast_head":"<!-- This site is optimized with the Yoast SEO plugin v27.3 - https:\/\/yoast.com\/product\/yoast-seo-wordpress\/ -->\n<title>Walne Zgromadzenie Cz\u0142onk\u00f3w EF 27.03.2025 - EUROPA FORUM<\/title>\n<meta name=\"robots\" content=\"index, follow, max-snippet:-1, max-image-preview:large, max-video-preview:-1\" \/>\n<link rel=\"canonical\" href=\"https:\/\/europa-forum.org\/pl\/2025\/04\/walne-zgromadzenie-czlonkow-ef-27-03-2025\/\" \/>\n<meta property=\"og:locale\" content=\"pl_PL\" \/>\n<meta property=\"og:type\" content=\"article\" \/>\n<meta property=\"og:title\" content=\"Walne Zgromadzenie Cz\u0142onk\u00f3w EF 27.03.2025 - EUROPA FORUM\" \/>\n<meta property=\"og:description\" content=\"W dniu 27 marca 2025 r. w hotelu DoubleTree by Hilton mia\u0142o miejsce coroczne walne zgromadzenie cz\u0142onk\u00f3w Europa Forum.\" \/>\n<meta property=\"og:url\" content=\"https:\/\/europa-forum.org\/pl\/2025\/04\/walne-zgromadzenie-czlonkow-ef-27-03-2025\/\" \/>\n<meta property=\"og:site_name\" content=\"EUROPA FORUM\" \/>\n<meta property=\"article:publisher\" content=\"https:\/\/www.facebook.com\/EuropaForum\/\" \/>\n<meta property=\"article:published_time\" content=\"2025-04-04T09:01:57+00:00\" \/>\n<meta property=\"article:modified_time\" content=\"2025-04-04T11:20:47+00:00\" \/>\n<meta property=\"og:image\" content=\"https:\/\/storage.googleapis.com\/media-cloud-test-ef\/2025\/04\/WhatsApp-Image-2025-03-28-at-13.39.11-1-scaled.jpeg\" \/>\n\t<meta property=\"og:image:width\" content=\"2560\" \/>\n\t<meta property=\"og:image:height\" content=\"1920\" \/>\n\t<meta property=\"og:image:type\" content=\"image\/jpeg\" \/>\n<meta name=\"author\" content=\"EUROPA FORUM\" \/>\n<meta name=\"twitter:card\" content=\"summary_large_image\" \/>\n<meta name=\"twitter:label1\" content=\"Napisane przez\" \/>\n\t<meta name=\"twitter:data1\" content=\"EUROPA FORUM\" \/>\n\t<meta name=\"twitter:label2\" content=\"Szacowany czas czytania\" \/>\n\t<meta name=\"twitter:data2\" content=\"2 minuty\" \/>\n<script type=\"application\/ld+json\" class=\"yoast-schema-graph\">{\"@context\":\"https:\\\/\\\/schema.org\",\"@graph\":[{\"@type\":\"Article\",\"@id\":\"https:\\\/\\\/europa-forum.org\\\/pl\\\/2025\\\/04\\\/walne-zgromadzenie-czlonkow-ef-27-03-2025\\\/#article\",\"isPartOf\":{\"@id\":\"https:\\\/\\\/europa-forum.org\\\/pl\\\/2025\\\/04\\\/walne-zgromadzenie-czlonkow-ef-27-03-2025\\\/\"},\"author\":{\"name\":\"EUROPA FORUM\",\"@id\":\"https:\\\/\\\/europa-forum.org\\\/#\\\/schema\\\/person\\\/fbb2c3378817155a7d7c5bac3c47cf73\"},\"headline\":\"Walne Zgromadzenie Cz\u0142onk\u00f3w EF 27.03.2025\",\"datePublished\":\"2025-04-04T09:01:57+00:00\",\"dateModified\":\"2025-04-04T11:20:47+00:00\",\"mainEntityOfPage\":{\"@id\":\"https:\\\/\\\/europa-forum.org\\\/pl\\\/2025\\\/04\\\/walne-zgromadzenie-czlonkow-ef-27-03-2025\\\/\"},\"wordCount\":281,\"publisher\":{\"@id\":\"https:\\\/\\\/europa-forum.org\\\/#organization\"},\"image\":{\"@id\":\"https:\\\/\\\/europa-forum.org\\\/pl\\\/2025\\\/04\\\/walne-zgromadzenie-czlonkow-ef-27-03-2025\\\/#primaryimage\"},\"thumbnailUrl\":\"https:\\\/\\\/storage.googleapis.com\\\/media-cloud-test-ef\\\/2025\\\/04\\\/WhatsApp-Image-2025-03-28-at-13.39.11-1-scaled.jpeg\",\"keywords\":[\"2025\",\"Europa Forum Wroc\u0142aw\",\"Gospodarka\",\"Ko\u0142o gospodarcze\",\"Kultura\",\"Polska\",\"Polsko-Niemiecki\",\"Wroc\u0142aw\"],\"articleSection\":[\"AKTUALNO\u015aCI STOWARZYSZENIA\"],\"inLanguage\":\"pl-PL\"},{\"@type\":\"WebPage\",\"@id\":\"https:\\\/\\\/europa-forum.org\\\/pl\\\/2025\\\/04\\\/walne-zgromadzenie-czlonkow-ef-27-03-2025\\\/\",\"url\":\"https:\\\/\\\/europa-forum.org\\\/pl\\\/2025\\\/04\\\/walne-zgromadzenie-czlonkow-ef-27-03-2025\\\/\",\"name\":\"Walne Zgromadzenie Cz\u0142onk\u00f3w EF 27.03.2025 - EUROPA FORUM\",\"isPartOf\":{\"@id\":\"https:\\\/\\\/europa-forum.org\\\/#website\"},\"primaryImageOfPage\":{\"@id\":\"https:\\\/\\\/europa-forum.org\\\/pl\\\/2025\\\/04\\\/walne-zgromadzenie-czlonkow-ef-27-03-2025\\\/#primaryimage\"},\"image\":{\"@id\":\"https:\\\/\\\/europa-forum.org\\\/pl\\\/2025\\\/04\\\/walne-zgromadzenie-czlonkow-ef-27-03-2025\\\/#primaryimage\"},\"thumbnailUrl\":\"https:\\\/\\\/storage.googleapis.com\\\/media-cloud-test-ef\\\/2025\\\/04\\\/WhatsApp-Image-2025-03-28-at-13.39.11-1-scaled.jpeg\",\"datePublished\":\"2025-04-04T09:01:57+00:00\",\"dateModified\":\"2025-04-04T11:20:47+00:00\",\"breadcrumb\":{\"@id\":\"https:\\\/\\\/europa-forum.org\\\/pl\\\/2025\\\/04\\\/walne-zgromadzenie-czlonkow-ef-27-03-2025\\\/#breadcrumb\"},\"inLanguage\":\"pl-PL\",\"potentialAction\":[{\"@type\":\"ReadAction\",\"target\":[\"https:\\\/\\\/europa-forum.org\\\/pl\\\/2025\\\/04\\\/walne-zgromadzenie-czlonkow-ef-27-03-2025\\\/\"]}]},{\"@type\":\"ImageObject\",\"inLanguage\":\"pl-PL\",\"@id\":\"https:\\\/\\\/europa-forum.org\\\/pl\\\/2025\\\/04\\\/walne-zgromadzenie-czlonkow-ef-27-03-2025\\\/#primaryimage\",\"url\":\"https:\\\/\\\/storage.googleapis.com\\\/media-cloud-test-ef\\\/2025\\\/04\\\/WhatsApp-Image-2025-03-28-at-13.39.11-1-scaled.jpeg\",\"contentUrl\":\"https:\\\/\\\/storage.googleapis.com\\\/media-cloud-test-ef\\\/2025\\\/04\\\/WhatsApp-Image-2025-03-28-at-13.39.11-1-scaled.jpeg\",\"width\":2560,\"height\":1920,\"caption\":\"zebranie walne EF\"},{\"@type\":\"BreadcrumbList\",\"@id\":\"https:\\\/\\\/europa-forum.org\\\/pl\\\/2025\\\/04\\\/walne-zgromadzenie-czlonkow-ef-27-03-2025\\\/#breadcrumb\",\"itemListElement\":[{\"@type\":\"ListItem\",\"position\":1,\"name\":\"Home\",\"item\":\"https:\\\/\\\/europa-forum.org\\\/pl\\\/\"},{\"@type\":\"ListItem\",\"position\":2,\"name\":\"Walne Zgromadzenie Cz\u0142onk\u00f3w EF 27.03.2025\"}]},{\"@type\":\"WebSite\",\"@id\":\"https:\\\/\\\/europa-forum.org\\\/#website\",\"url\":\"https:\\\/\\\/europa-forum.org\\\/\",\"name\":\"EUROPA FORUM\",\"description\":\"Polsko-Niemieckie Ko\u0142o Gospodarcze we Wroc\u0142awiu\",\"publisher\":{\"@id\":\"https:\\\/\\\/europa-forum.org\\\/#organization\"},\"potentialAction\":[{\"@type\":\"SearchAction\",\"target\":{\"@type\":\"EntryPoint\",\"urlTemplate\":\"https:\\\/\\\/europa-forum.org\\\/?s={search_term_string}\"},\"query-input\":{\"@type\":\"PropertyValueSpecification\",\"valueRequired\":true,\"valueName\":\"search_term_string\"}}],\"inLanguage\":\"pl-PL\"},{\"@type\":\"Organization\",\"@id\":\"https:\\\/\\\/europa-forum.org\\\/#organization\",\"name\":\"EUROPA FORUM\",\"url\":\"https:\\\/\\\/europa-forum.org\\\/\",\"logo\":{\"@type\":\"ImageObject\",\"inLanguage\":\"pl-PL\",\"@id\":\"https:\\\/\\\/europa-forum.org\\\/#\\\/schema\\\/logo\\\/image\\\/\",\"url\":\"https:\\\/\\\/storage.googleapis.com\\\/media-cloud-test-ef\\\/2024\\\/12\\\/logo-square.png\",\"contentUrl\":\"https:\\\/\\\/storage.googleapis.com\\\/media-cloud-test-ef\\\/2024\\\/12\\\/logo-square.png\",\"width\":240,\"height\":240,\"caption\":\"EUROPA FORUM\"},\"image\":{\"@id\":\"https:\\\/\\\/europa-forum.org\\\/#\\\/schema\\\/logo\\\/image\\\/\"},\"sameAs\":[\"https:\\\/\\\/www.facebook.com\\\/EuropaForum\\\/\",\"https:\\\/\\\/www.linkedin.com\\\/company\\\/europa-forum\"]},{\"@type\":\"Person\",\"@id\":\"https:\\\/\\\/europa-forum.org\\\/#\\\/schema\\\/person\\\/fbb2c3378817155a7d7c5bac3c47cf73\",\"name\":\"EUROPA FORUM\",\"image\":{\"@type\":\"ImageObject\",\"inLanguage\":\"pl-PL\",\"@id\":\"https:\\\/\\\/secure.gravatar.com\\\/avatar\\\/9ff03a7733d0a0239bab9987b763539cc183bfa59f639c0994bb261f287bd4d6?s=96&d=mm&r=g\",\"url\":\"https:\\\/\\\/secure.gravatar.com\\\/avatar\\\/9ff03a7733d0a0239bab9987b763539cc183bfa59f639c0994bb261f287bd4d6?s=96&d=mm&r=g\",\"contentUrl\":\"https:\\\/\\\/secure.gravatar.com\\\/avatar\\\/9ff03a7733d0a0239bab9987b763539cc183bfa59f639c0994bb261f287bd4d6?s=96&d=mm&r=g\",\"caption\":\"EUROPA FORUM\"}}]}<\/script>\n<!-- \/ Yoast SEO plugin. -->","yoast_head_json":{"title":"Walne Zgromadzenie Cz\u0142onk\u00f3w EF 27.03.2025 - EUROPA FORUM","robots":{"index":"index","follow":"follow","max-snippet":"max-snippet:-1","max-image-preview":"max-image-preview:large","max-video-preview":"max-video-preview:-1"},"canonical":"https:\/\/europa-forum.org\/pl\/2025\/04\/walne-zgromadzenie-czlonkow-ef-27-03-2025\/","og_locale":"pl_PL","og_type":"article","og_title":"Walne Zgromadzenie Cz\u0142onk\u00f3w EF 27.03.2025 - EUROPA FORUM","og_description":"W dniu 27 marca 2025 r. w hotelu DoubleTree by Hilton mia\u0142o miejsce coroczne walne zgromadzenie cz\u0142onk\u00f3w Europa Forum.","og_url":"https:\/\/europa-forum.org\/pl\/2025\/04\/walne-zgromadzenie-czlonkow-ef-27-03-2025\/","og_site_name":"EUROPA FORUM","article_publisher":"https:\/\/www.facebook.com\/EuropaForum\/","article_published_time":"2025-04-04T09:01:57+00:00","article_modified_time":"2025-04-04T11:20:47+00:00","og_image":[{"width":2560,"height":1920,"url":"https:\/\/storage.googleapis.com\/media-cloud-test-ef\/2025\/04\/WhatsApp-Image-2025-03-28-at-13.39.11-1-scaled.jpeg","type":"image\/jpeg"}],"author":"EUROPA FORUM","twitter_card":"summary_large_image","twitter_misc":{"Napisane przez":"EUROPA FORUM","Szacowany czas czytania":"2 minuty"},"schema":{"@context":"https:\/\/schema.org","@graph":[{"@type":"Article","@id":"https:\/\/europa-forum.org\/pl\/2025\/04\/walne-zgromadzenie-czlonkow-ef-27-03-2025\/#article","isPartOf":{"@id":"https:\/\/europa-forum.org\/pl\/2025\/04\/walne-zgromadzenie-czlonkow-ef-27-03-2025\/"},"author":{"name":"EUROPA FORUM","@id":"https:\/\/europa-forum.org\/#\/schema\/person\/fbb2c3378817155a7d7c5bac3c47cf73"},"headline":"Walne Zgromadzenie Cz\u0142onk\u00f3w EF 27.03.2025","datePublished":"2025-04-04T09:01:57+00:00","dateModified":"2025-04-04T11:20:47+00:00","mainEntityOfPage":{"@id":"https:\/\/europa-forum.org\/pl\/2025\/04\/walne-zgromadzenie-czlonkow-ef-27-03-2025\/"},"wordCount":281,"publisher":{"@id":"https:\/\/europa-forum.org\/#organization"},"image":{"@id":"https:\/\/europa-forum.org\/pl\/2025\/04\/walne-zgromadzenie-czlonkow-ef-27-03-2025\/#primaryimage"},"thumbnailUrl":"https:\/\/storage.googleapis.com\/media-cloud-test-ef\/2025\/04\/WhatsApp-Image-2025-03-28-at-13.39.11-1-scaled.jpeg","keywords":["2025","Europa Forum Wroc\u0142aw","Gospodarka","Ko\u0142o gospodarcze","Kultura","Polska","Polsko-Niemiecki","Wroc\u0142aw"],"articleSection":["AKTUALNO\u015aCI STOWARZYSZENIA"],"inLanguage":"pl-PL"},{"@type":"WebPage","@id":"https:\/\/europa-forum.org\/pl\/2025\/04\/walne-zgromadzenie-czlonkow-ef-27-03-2025\/","url":"https:\/\/europa-forum.org\/pl\/2025\/04\/walne-zgromadzenie-czlonkow-ef-27-03-2025\/","name":"Walne Zgromadzenie Cz\u0142onk\u00f3w EF 27.03.2025 - EUROPA FORUM","isPartOf":{"@id":"https:\/\/europa-forum.org\/#website"},"primaryImageOfPage":{"@id":"https:\/\/europa-forum.org\/pl\/2025\/04\/walne-zgromadzenie-czlonkow-ef-27-03-2025\/#primaryimage"},"image":{"@id":"https:\/\/europa-forum.org\/pl\/2025\/04\/walne-zgromadzenie-czlonkow-ef-27-03-2025\/#primaryimage"},"thumbnailUrl":"https:\/\/storage.googleapis.com\/media-cloud-test-ef\/2025\/04\/WhatsApp-Image-2025-03-28-at-13.39.11-1-scaled.jpeg","datePublished":"2025-04-04T09:01:57+00:00","dateModified":"2025-04-04T11:20:47+00:00","breadcrumb":{"@id":"https:\/\/europa-forum.org\/pl\/2025\/04\/walne-zgromadzenie-czlonkow-ef-27-03-2025\/#breadcrumb"},"inLanguage":"pl-PL","potentialAction":[{"@type":"ReadAction","target":["https:\/\/europa-forum.org\/pl\/2025\/04\/walne-zgromadzenie-czlonkow-ef-27-03-2025\/"]}]},{"@type":"ImageObject","inLanguage":"pl-PL","@id":"https:\/\/europa-forum.org\/pl\/2025\/04\/walne-zgromadzenie-czlonkow-ef-27-03-2025\/#primaryimage","url":"https:\/\/storage.googleapis.com\/media-cloud-test-ef\/2025\/04\/WhatsApp-Image-2025-03-28-at-13.39.11-1-scaled.jpeg","contentUrl":"https:\/\/storage.googleapis.com\/media-cloud-test-ef\/2025\/04\/WhatsApp-Image-2025-03-28-at-13.39.11-1-scaled.jpeg","width":2560,"height":1920,"caption":"zebranie walne EF"},{"@type":"BreadcrumbList","@id":"https:\/\/europa-forum.org\/pl\/2025\/04\/walne-zgromadzenie-czlonkow-ef-27-03-2025\/#breadcrumb","itemListElement":[{"@type":"ListItem","position":1,"name":"Home","item":"https:\/\/europa-forum.org\/pl\/"},{"@type":"ListItem","position":2,"name":"Walne Zgromadzenie Cz\u0142onk\u00f3w EF 27.03.2025"}]},{"@type":"WebSite","@id":"https:\/\/europa-forum.org\/#website","url":"https:\/\/europa-forum.org\/","name":"EUROPA FORUM","description":"Polsko-Niemieckie Ko\u0142o Gospodarcze we Wroc\u0142awiu","publisher":{"@id":"https:\/\/europa-forum.org\/#organization"},"potentialAction":[{"@type":"SearchAction","target":{"@type":"EntryPoint","urlTemplate":"https:\/\/europa-forum.org\/?s={search_term_string}"},"query-input":{"@type":"PropertyValueSpecification","valueRequired":true,"valueName":"search_term_string"}}],"inLanguage":"pl-PL"},{"@type":"Organization","@id":"https:\/\/europa-forum.org\/#organization","name":"EUROPA FORUM","url":"https:\/\/europa-forum.org\/","logo":{"@type":"ImageObject","inLanguage":"pl-PL","@id":"https:\/\/europa-forum.org\/#\/schema\/logo\/image\/","url":"https:\/\/storage.googleapis.com\/media-cloud-test-ef\/2024\/12\/logo-square.png","contentUrl":"https:\/\/storage.googleapis.com\/media-cloud-test-ef\/2024\/12\/logo-square.png","width":240,"height":240,"caption":"EUROPA FORUM"},"image":{"@id":"https:\/\/europa-forum.org\/#\/schema\/logo\/image\/"},"sameAs":["https:\/\/www.facebook.com\/EuropaForum\/","https:\/\/www.linkedin.com\/company\/europa-forum"]},{"@type":"Person","@id":"https:\/\/europa-forum.org\/#\/schema\/person\/fbb2c3378817155a7d7c5bac3c47cf73","name":"EUROPA FORUM","image":{"@type":"ImageObject","inLanguage":"pl-PL","@id":"https:\/\/secure.gravatar.com\/avatar\/9ff03a7733d0a0239bab9987b763539cc183bfa59f639c0994bb261f287bd4d6?s=96&d=mm&r=g","url":"https:\/\/secure.gravatar.com\/avatar\/9ff03a7733d0a0239bab9987b763539cc183bfa59f639c0994bb261f287bd4d6?s=96&d=mm&r=g","contentUrl":"https:\/\/secure.gravatar.com\/avatar\/9ff03a7733d0a0239bab9987b763539cc183bfa59f639c0994bb261f287bd4d6?s=96&d=mm&r=g","caption":"EUROPA FORUM"}}]}},"_links":{"self":[{"href":"https:\/\/europa-forum.org\/pl\/wp-json\/wp\/v2\/posts\/33247","targetHints":{"allow":["GET"]}}],"collection":[{"href":"https:\/\/europa-forum.org\/pl\/wp-json\/wp\/v2\/posts"}],"about":[{"href":"https:\/\/europa-forum.org\/pl\/wp-json\/wp\/v2\/types\/post"}],"author":[{"embeddable":true,"href":"https:\/\/europa-forum.org\/pl\/wp-json\/wp\/v2\/users\/67"}],"replies":[{"embeddable":true,"href":"https:\/\/europa-forum.org\/pl\/wp-json\/wp\/v2\/comments?post=33247"}],"version-history":[{"count":2,"href":"https:\/\/europa-forum.org\/pl\/wp-json\/wp\/v2\/posts\/33247\/revisions"}],"predecessor-version":[{"id":33269,"href":"https:\/\/europa-forum.org\/pl\/wp-json\/wp\/v2\/posts\/33247\/revisions\/33269"}],"wp:featuredmedia":[{"embeddable":true,"href":"https:\/\/europa-forum.org\/pl\/wp-json\/wp\/v2\/media\/33255"}],"wp:attachment":[{"href":"https:\/\/europa-forum.org\/pl\/wp-json\/wp\/v2\/media?parent=33247"}],"wp:term":[{"taxonomy":"category","embeddable":true,"href":"https:\/\/europa-forum.org\/pl\/wp-json\/wp\/v2\/categories?post=33247"},{"taxonomy":"post_tag","embeddable":true,"href":"https:\/\/europa-forum.org\/pl\/wp-json\/wp\/v2\/tags?post=33247"}],"curies":[{"name":"wp","href":"https:\/\/api.w.org\/{rel}","templated":true}]}}