{"id":33018,"date":"2025-03-07T09:43:47","date_gmt":"2025-03-07T07:43:47","guid":{"rendered":"https:\/\/europa-forum.org\/?p=33018"},"modified":"2025-03-07T18:37:15","modified_gmt":"2025-03-07T16:37:15","slug":"zostan-sponsorem-3-edycji-festiwalu-win","status":"publish","type":"post","link":"https:\/\/europa-forum.org\/pl\/2025\/03\/zostan-sponsorem-3-edycji-festiwalu-win\/","title":{"rendered":"Zosta\u0144 sponsorem 3. edycji Festiwalu Wina"},"content":{"rendered":"<p>Drodzy Cz\u0142onkowie i Przyjaciele Europa Forum,<\/p>\n<p>Z rado\u015bci\u0105 zapraszamy do wsparcia 3. edycji Festiwalu Wina, kt\u00f3ry w tym roku odb\u0119dzie si\u0119 w wyj\u0105tkowym Hotelu Puro. To wydarzenie, kt\u00f3re z ka\u017cdym rokiem zyskuje na presti\u017cu, przyci\u0105gaj\u0105c mi\u0142o\u015bnik\u00f3w wina oraz ekspert\u00f3w z bran\u017cy.<\/p>\n<p><!--more--><br \/>\n<a class=\"button-events\" style=\"margin-left: 0px;\" href=\"https:\/\/storage.googleapis.com\/media-cloud-test-ef\/2025\/03\/i0HVilLO-Ulotka-mini-EF-Festiwal-Wina.pdf\" target=\"_blank\" rel=\"noopener\">Festiwal Wina<\/a><\/p>\n<div class=\"clear\"><\/div>\n<p>Zach\u0119camy do zostania sponsorem naszego festiwalu \u2013 to doskona\u0142a okazja do promocji Pa\u0144stwa firmy w\u015br\u00f3d szerokiego grona uczestnik\u00f3w. Wsp\u00f3lne zaanga\u017cowanie przyczyni si\u0119 do sukcesu tego wyj\u0105tkowego wydarzenia.<\/p>\n<p>W za\u0142\u0105czonym pliku PDF znajd\u0105 Pa\u0144stwo szczeg\u00f3\u0142y dotycz\u0105ce naszych pakiet\u00f3w sponsorskich oraz korzy\u015bci z nimi zwi\u0105zanych.<\/p>\n<p><a class=\"button-events\" style=\"margin-left: 0px;\" href=\"https:\/\/storage.googleapis.com\/media-cloud-test-ef\/2025\/03\/PL-Festiwal-Wina-Pakiet-sponsorski-EF-26.02.2025.pdf\" target=\"_blank\" rel=\"noopener\">Pakiet sponsorski<\/a><\/p>\n<div class=\"clear\"><\/div>\n<p>W razie jakichkolwiek pyta\u0144, prosz\u0119 o kontakt: <a href=\"mailto:kamila.snieg@ef.com.pl\">kamila.snieg@ef.com.pl<\/a><\/p>\n<p>Liczymy na Pa\u0144stwa wsparcie, kt\u00f3re pomo\u017ce uczyni\u0107 Festiwal Wina jeszcze bardziej niezapomnianym!<\/p>\n<p>Zesp\u00f3\u0142 Europa Forum<\/p>\n","protected":false},"excerpt":{"rendered":"<p>Drodzy Cz\u0142onkowie i Przyjaciele Europa Forum, Z rado\u015bci\u0105 zapraszamy do wsparcia 3. edycji Festiwalu Wina, kt\u00f3ry w tym roku odb\u0119dzie si\u0119 w wyj\u0105tkowym Hotelu Puro. To wydarzenie, kt\u00f3re z ka\u017cdym &#8230; <a class=\"read-more\" href=\"https:\/\/europa-forum.org\/pl\/2025\/03\/zostan-sponsorem-3-edycji-festiwalu-win\/\">Czytaj wi\u0119cej<\/a><\/p>\n","protected":false},"author":67,"featured_media":33070,"comment_status":"closed","ping_status":"closed","sticky":false,"template":"","format":"standard","meta":{"ngg_post_thumbnail":0,"footnotes":""},"categories":[43],"tags":[243,53,148,182,133,181,180,69],"class_list":["post-33018","post","type-post","status-publish","format-standard","has-post-thumbnail","hentry","category-ef-wydarzenia","tag-243","tag-europa-forum-wroclaw","tag-gospodarka","tag-kolo-gospodarcze-pl","tag-kultura","tag-polska-pl","tag-polsko-niemiecki-pl","tag-wroclaw"],"yoast_head":"<!-- This site is optimized with the Yoast SEO plugin v27.3 - https:\/\/yoast.com\/product\/yoast-seo-wordpress\/ -->\n<title>Zosta\u0144 sponsorem 3. edycji Festiwalu Wina - EUROPA FORUM<\/title>\n<meta name=\"robots\" content=\"index, follow, max-snippet:-1, max-image-preview:large, max-video-preview:-1\" \/>\n<link rel=\"canonical\" href=\"https:\/\/europa-forum.org\/pl\/2025\/03\/zostan-sponsorem-3-edycji-festiwalu-win\/\" \/>\n<meta property=\"og:locale\" content=\"pl_PL\" \/>\n<meta property=\"og:type\" content=\"article\" \/>\n<meta property=\"og:title\" content=\"Zosta\u0144 sponsorem 3. edycji Festiwalu Wina - EUROPA FORUM\" \/>\n<meta property=\"og:description\" content=\"Drodzy Cz\u0142onkowie i Przyjaciele Europa Forum, Z rado\u015bci\u0105 zapraszamy do wsparcia 3. edycji Festiwalu Wina, kt\u00f3ry w tym roku odb\u0119dzie si\u0119 w wyj\u0105tkowym Hotelu Puro. To wydarzenie, kt\u00f3re z ka\u017cdym ... Czytaj wi\u0119cej\" \/>\n<meta property=\"og:url\" content=\"https:\/\/europa-forum.org\/pl\/2025\/03\/zostan-sponsorem-3-edycji-festiwalu-win\/\" \/>\n<meta property=\"og:site_name\" content=\"EUROPA FORUM\" \/>\n<meta property=\"article:publisher\" content=\"https:\/\/www.facebook.com\/EuropaForum\/\" \/>\n<meta property=\"article:published_time\" content=\"2025-03-07T07:43:47+00:00\" \/>\n<meta property=\"article:modified_time\" content=\"2025-03-07T16:37:15+00:00\" \/>\n<meta property=\"og:image\" content=\"https:\/\/storage.googleapis.com\/media-cloud-test-ef\/2025\/03\/Ulotka-mini-EF-Festiwal-Wina_Strona_1.jpg\" \/>\n\t<meta property=\"og:image:width\" content=\"1595\" \/>\n\t<meta property=\"og:image:height\" content=\"1276\" \/>\n\t<meta property=\"og:image:type\" content=\"image\/jpeg\" \/>\n<meta name=\"author\" content=\"EUROPA FORUM\" \/>\n<meta name=\"twitter:card\" content=\"summary_large_image\" \/>\n<meta name=\"twitter:label1\" content=\"Napisane przez\" \/>\n\t<meta name=\"twitter:data1\" content=\"EUROPA FORUM\" \/>\n\t<meta name=\"twitter:label2\" content=\"Szacowany czas czytania\" \/>\n\t<meta name=\"twitter:data2\" content=\"1 minuta\" \/>\n<script type=\"application\/ld+json\" class=\"yoast-schema-graph\">{\"@context\":\"https:\\\/\\\/schema.org\",\"@graph\":[{\"@type\":\"Article\",\"@id\":\"https:\\\/\\\/europa-forum.org\\\/pl\\\/2025\\\/03\\\/zostan-sponsorem-3-edycji-festiwalu-win\\\/#article\",\"isPartOf\":{\"@id\":\"https:\\\/\\\/europa-forum.org\\\/pl\\\/2025\\\/03\\\/zostan-sponsorem-3-edycji-festiwalu-win\\\/\"},\"author\":{\"name\":\"EUROPA FORUM\",\"@id\":\"https:\\\/\\\/europa-forum.org\\\/#\\\/schema\\\/person\\\/fbb2c3378817155a7d7c5bac3c47cf73\"},\"headline\":\"Zosta\u0144 sponsorem 3. edycji Festiwalu Wina\",\"datePublished\":\"2025-03-07T07:43:47+00:00\",\"dateModified\":\"2025-03-07T16:37:15+00:00\",\"mainEntityOfPage\":{\"@id\":\"https:\\\/\\\/europa-forum.org\\\/pl\\\/2025\\\/03\\\/zostan-sponsorem-3-edycji-festiwalu-win\\\/\"},\"wordCount\":152,\"publisher\":{\"@id\":\"https:\\\/\\\/europa-forum.org\\\/#organization\"},\"image\":{\"@id\":\"https:\\\/\\\/europa-forum.org\\\/pl\\\/2025\\\/03\\\/zostan-sponsorem-3-edycji-festiwalu-win\\\/#primaryimage\"},\"thumbnailUrl\":\"https:\\\/\\\/storage.googleapis.com\\\/media-cloud-test-ef\\\/2025\\\/03\\\/Ulotka-mini-EF-Festiwal-Wina_Strona_1.jpg\",\"keywords\":[\"2025\",\"Europa Forum Wroc\u0142aw\",\"Gospodarka\",\"Ko\u0142o gospodarcze\",\"Kultura\",\"Polska\",\"Polsko-Niemiecki\",\"Wroc\u0142aw\"],\"articleSection\":[\"EF Wydarzenia\"],\"inLanguage\":\"pl-PL\"},{\"@type\":\"WebPage\",\"@id\":\"https:\\\/\\\/europa-forum.org\\\/pl\\\/2025\\\/03\\\/zostan-sponsorem-3-edycji-festiwalu-win\\\/\",\"url\":\"https:\\\/\\\/europa-forum.org\\\/pl\\\/2025\\\/03\\\/zostan-sponsorem-3-edycji-festiwalu-win\\\/\",\"name\":\"Zosta\u0144 sponsorem 3. edycji Festiwalu Wina - EUROPA FORUM\",\"isPartOf\":{\"@id\":\"https:\\\/\\\/europa-forum.org\\\/#website\"},\"primaryImageOfPage\":{\"@id\":\"https:\\\/\\\/europa-forum.org\\\/pl\\\/2025\\\/03\\\/zostan-sponsorem-3-edycji-festiwalu-win\\\/#primaryimage\"},\"image\":{\"@id\":\"https:\\\/\\\/europa-forum.org\\\/pl\\\/2025\\\/03\\\/zostan-sponsorem-3-edycji-festiwalu-win\\\/#primaryimage\"},\"thumbnailUrl\":\"https:\\\/\\\/storage.googleapis.com\\\/media-cloud-test-ef\\\/2025\\\/03\\\/Ulotka-mini-EF-Festiwal-Wina_Strona_1.jpg\",\"datePublished\":\"2025-03-07T07:43:47+00:00\",\"dateModified\":\"2025-03-07T16:37:15+00:00\",\"breadcrumb\":{\"@id\":\"https:\\\/\\\/europa-forum.org\\\/pl\\\/2025\\\/03\\\/zostan-sponsorem-3-edycji-festiwalu-win\\\/#breadcrumb\"},\"inLanguage\":\"pl-PL\",\"potentialAction\":[{\"@type\":\"ReadAction\",\"target\":[\"https:\\\/\\\/europa-forum.org\\\/pl\\\/2025\\\/03\\\/zostan-sponsorem-3-edycji-festiwalu-win\\\/\"]}]},{\"@type\":\"ImageObject\",\"inLanguage\":\"pl-PL\",\"@id\":\"https:\\\/\\\/europa-forum.org\\\/pl\\\/2025\\\/03\\\/zostan-sponsorem-3-edycji-festiwalu-win\\\/#primaryimage\",\"url\":\"https:\\\/\\\/storage.googleapis.com\\\/media-cloud-test-ef\\\/2025\\\/03\\\/Ulotka-mini-EF-Festiwal-Wina_Strona_1.jpg\",\"contentUrl\":\"https:\\\/\\\/storage.googleapis.com\\\/media-cloud-test-ef\\\/2025\\\/03\\\/Ulotka-mini-EF-Festiwal-Wina_Strona_1.jpg\",\"width\":1595,\"height\":1276,\"caption\":\"EF Festival ulotka\"},{\"@type\":\"BreadcrumbList\",\"@id\":\"https:\\\/\\\/europa-forum.org\\\/pl\\\/2025\\\/03\\\/zostan-sponsorem-3-edycji-festiwalu-win\\\/#breadcrumb\",\"itemListElement\":[{\"@type\":\"ListItem\",\"position\":1,\"name\":\"Home\",\"item\":\"https:\\\/\\\/europa-forum.org\\\/pl\\\/\"},{\"@type\":\"ListItem\",\"position\":2,\"name\":\"Zosta\u0144 sponsorem 3. edycji Festiwalu Wina\"}]},{\"@type\":\"WebSite\",\"@id\":\"https:\\\/\\\/europa-forum.org\\\/#website\",\"url\":\"https:\\\/\\\/europa-forum.org\\\/\",\"name\":\"EUROPA FORUM\",\"description\":\"Polsko-Niemieckie Ko\u0142o Gospodarcze we Wroc\u0142awiu\",\"publisher\":{\"@id\":\"https:\\\/\\\/europa-forum.org\\\/#organization\"},\"potentialAction\":[{\"@type\":\"SearchAction\",\"target\":{\"@type\":\"EntryPoint\",\"urlTemplate\":\"https:\\\/\\\/europa-forum.org\\\/?s={search_term_string}\"},\"query-input\":{\"@type\":\"PropertyValueSpecification\",\"valueRequired\":true,\"valueName\":\"search_term_string\"}}],\"inLanguage\":\"pl-PL\"},{\"@type\":\"Organization\",\"@id\":\"https:\\\/\\\/europa-forum.org\\\/#organization\",\"name\":\"EUROPA FORUM\",\"url\":\"https:\\\/\\\/europa-forum.org\\\/\",\"logo\":{\"@type\":\"ImageObject\",\"inLanguage\":\"pl-PL\",\"@id\":\"https:\\\/\\\/europa-forum.org\\\/#\\\/schema\\\/logo\\\/image\\\/\",\"url\":\"https:\\\/\\\/storage.googleapis.com\\\/media-cloud-test-ef\\\/2024\\\/12\\\/logo-square.png\",\"contentUrl\":\"https:\\\/\\\/storage.googleapis.com\\\/media-cloud-test-ef\\\/2024\\\/12\\\/logo-square.png\",\"width\":240,\"height\":240,\"caption\":\"EUROPA FORUM\"},\"image\":{\"@id\":\"https:\\\/\\\/europa-forum.org\\\/#\\\/schema\\\/logo\\\/image\\\/\"},\"sameAs\":[\"https:\\\/\\\/www.facebook.com\\\/EuropaForum\\\/\",\"https:\\\/\\\/www.linkedin.com\\\/company\\\/europa-forum\"]},{\"@type\":\"Person\",\"@id\":\"https:\\\/\\\/europa-forum.org\\\/#\\\/schema\\\/person\\\/fbb2c3378817155a7d7c5bac3c47cf73\",\"name\":\"EUROPA FORUM\",\"image\":{\"@type\":\"ImageObject\",\"inLanguage\":\"pl-PL\",\"@id\":\"https:\\\/\\\/secure.gravatar.com\\\/avatar\\\/9ff03a7733d0a0239bab9987b763539cc183bfa59f639c0994bb261f287bd4d6?s=96&d=mm&r=g\",\"url\":\"https:\\\/\\\/secure.gravatar.com\\\/avatar\\\/9ff03a7733d0a0239bab9987b763539cc183bfa59f639c0994bb261f287bd4d6?s=96&d=mm&r=g\",\"contentUrl\":\"https:\\\/\\\/secure.gravatar.com\\\/avatar\\\/9ff03a7733d0a0239bab9987b763539cc183bfa59f639c0994bb261f287bd4d6?s=96&d=mm&r=g\",\"caption\":\"EUROPA FORUM\"}}]}<\/script>\n<!-- \/ Yoast SEO plugin. -->","yoast_head_json":{"title":"Zosta\u0144 sponsorem 3. edycji Festiwalu Wina - EUROPA FORUM","robots":{"index":"index","follow":"follow","max-snippet":"max-snippet:-1","max-image-preview":"max-image-preview:large","max-video-preview":"max-video-preview:-1"},"canonical":"https:\/\/europa-forum.org\/pl\/2025\/03\/zostan-sponsorem-3-edycji-festiwalu-win\/","og_locale":"pl_PL","og_type":"article","og_title":"Zosta\u0144 sponsorem 3. edycji Festiwalu Wina - EUROPA FORUM","og_description":"Drodzy Cz\u0142onkowie i Przyjaciele Europa Forum, Z rado\u015bci\u0105 zapraszamy do wsparcia 3. edycji Festiwalu Wina, kt\u00f3ry w tym roku odb\u0119dzie si\u0119 w wyj\u0105tkowym Hotelu Puro. To wydarzenie, kt\u00f3re z ka\u017cdym ... Czytaj wi\u0119cej","og_url":"https:\/\/europa-forum.org\/pl\/2025\/03\/zostan-sponsorem-3-edycji-festiwalu-win\/","og_site_name":"EUROPA FORUM","article_publisher":"https:\/\/www.facebook.com\/EuropaForum\/","article_published_time":"2025-03-07T07:43:47+00:00","article_modified_time":"2025-03-07T16:37:15+00:00","og_image":[{"width":1595,"height":1276,"url":"https:\/\/storage.googleapis.com\/media-cloud-test-ef\/2025\/03\/Ulotka-mini-EF-Festiwal-Wina_Strona_1.jpg","type":"image\/jpeg"}],"author":"EUROPA FORUM","twitter_card":"summary_large_image","twitter_misc":{"Napisane przez":"EUROPA FORUM","Szacowany czas czytania":"1 minuta"},"schema":{"@context":"https:\/\/schema.org","@graph":[{"@type":"Article","@id":"https:\/\/europa-forum.org\/pl\/2025\/03\/zostan-sponsorem-3-edycji-festiwalu-win\/#article","isPartOf":{"@id":"https:\/\/europa-forum.org\/pl\/2025\/03\/zostan-sponsorem-3-edycji-festiwalu-win\/"},"author":{"name":"EUROPA FORUM","@id":"https:\/\/europa-forum.org\/#\/schema\/person\/fbb2c3378817155a7d7c5bac3c47cf73"},"headline":"Zosta\u0144 sponsorem 3. edycji Festiwalu Wina","datePublished":"2025-03-07T07:43:47+00:00","dateModified":"2025-03-07T16:37:15+00:00","mainEntityOfPage":{"@id":"https:\/\/europa-forum.org\/pl\/2025\/03\/zostan-sponsorem-3-edycji-festiwalu-win\/"},"wordCount":152,"publisher":{"@id":"https:\/\/europa-forum.org\/#organization"},"image":{"@id":"https:\/\/europa-forum.org\/pl\/2025\/03\/zostan-sponsorem-3-edycji-festiwalu-win\/#primaryimage"},"thumbnailUrl":"https:\/\/storage.googleapis.com\/media-cloud-test-ef\/2025\/03\/Ulotka-mini-EF-Festiwal-Wina_Strona_1.jpg","keywords":["2025","Europa Forum Wroc\u0142aw","Gospodarka","Ko\u0142o gospodarcze","Kultura","Polska","Polsko-Niemiecki","Wroc\u0142aw"],"articleSection":["EF Wydarzenia"],"inLanguage":"pl-PL"},{"@type":"WebPage","@id":"https:\/\/europa-forum.org\/pl\/2025\/03\/zostan-sponsorem-3-edycji-festiwalu-win\/","url":"https:\/\/europa-forum.org\/pl\/2025\/03\/zostan-sponsorem-3-edycji-festiwalu-win\/","name":"Zosta\u0144 sponsorem 3. edycji Festiwalu Wina - EUROPA FORUM","isPartOf":{"@id":"https:\/\/europa-forum.org\/#website"},"primaryImageOfPage":{"@id":"https:\/\/europa-forum.org\/pl\/2025\/03\/zostan-sponsorem-3-edycji-festiwalu-win\/#primaryimage"},"image":{"@id":"https:\/\/europa-forum.org\/pl\/2025\/03\/zostan-sponsorem-3-edycji-festiwalu-win\/#primaryimage"},"thumbnailUrl":"https:\/\/storage.googleapis.com\/media-cloud-test-ef\/2025\/03\/Ulotka-mini-EF-Festiwal-Wina_Strona_1.jpg","datePublished":"2025-03-07T07:43:47+00:00","dateModified":"2025-03-07T16:37:15+00:00","breadcrumb":{"@id":"https:\/\/europa-forum.org\/pl\/2025\/03\/zostan-sponsorem-3-edycji-festiwalu-win\/#breadcrumb"},"inLanguage":"pl-PL","potentialAction":[{"@type":"ReadAction","target":["https:\/\/europa-forum.org\/pl\/2025\/03\/zostan-sponsorem-3-edycji-festiwalu-win\/"]}]},{"@type":"ImageObject","inLanguage":"pl-PL","@id":"https:\/\/europa-forum.org\/pl\/2025\/03\/zostan-sponsorem-3-edycji-festiwalu-win\/#primaryimage","url":"https:\/\/storage.googleapis.com\/media-cloud-test-ef\/2025\/03\/Ulotka-mini-EF-Festiwal-Wina_Strona_1.jpg","contentUrl":"https:\/\/storage.googleapis.com\/media-cloud-test-ef\/2025\/03\/Ulotka-mini-EF-Festiwal-Wina_Strona_1.jpg","width":1595,"height":1276,"caption":"EF Festival ulotka"},{"@type":"BreadcrumbList","@id":"https:\/\/europa-forum.org\/pl\/2025\/03\/zostan-sponsorem-3-edycji-festiwalu-win\/#breadcrumb","itemListElement":[{"@type":"ListItem","position":1,"name":"Home","item":"https:\/\/europa-forum.org\/pl\/"},{"@type":"ListItem","position":2,"name":"Zosta\u0144 sponsorem 3. edycji Festiwalu Wina"}]},{"@type":"WebSite","@id":"https:\/\/europa-forum.org\/#website","url":"https:\/\/europa-forum.org\/","name":"EUROPA FORUM","description":"Polsko-Niemieckie Ko\u0142o Gospodarcze we Wroc\u0142awiu","publisher":{"@id":"https:\/\/europa-forum.org\/#organization"},"potentialAction":[{"@type":"SearchAction","target":{"@type":"EntryPoint","urlTemplate":"https:\/\/europa-forum.org\/?s={search_term_string}"},"query-input":{"@type":"PropertyValueSpecification","valueRequired":true,"valueName":"search_term_string"}}],"inLanguage":"pl-PL"},{"@type":"Organization","@id":"https:\/\/europa-forum.org\/#organization","name":"EUROPA FORUM","url":"https:\/\/europa-forum.org\/","logo":{"@type":"ImageObject","inLanguage":"pl-PL","@id":"https:\/\/europa-forum.org\/#\/schema\/logo\/image\/","url":"https:\/\/storage.googleapis.com\/media-cloud-test-ef\/2024\/12\/logo-square.png","contentUrl":"https:\/\/storage.googleapis.com\/media-cloud-test-ef\/2024\/12\/logo-square.png","width":240,"height":240,"caption":"EUROPA FORUM"},"image":{"@id":"https:\/\/europa-forum.org\/#\/schema\/logo\/image\/"},"sameAs":["https:\/\/www.facebook.com\/EuropaForum\/","https:\/\/www.linkedin.com\/company\/europa-forum"]},{"@type":"Person","@id":"https:\/\/europa-forum.org\/#\/schema\/person\/fbb2c3378817155a7d7c5bac3c47cf73","name":"EUROPA FORUM","image":{"@type":"ImageObject","inLanguage":"pl-PL","@id":"https:\/\/secure.gravatar.com\/avatar\/9ff03a7733d0a0239bab9987b763539cc183bfa59f639c0994bb261f287bd4d6?s=96&d=mm&r=g","url":"https:\/\/secure.gravatar.com\/avatar\/9ff03a7733d0a0239bab9987b763539cc183bfa59f639c0994bb261f287bd4d6?s=96&d=mm&r=g","contentUrl":"https:\/\/secure.gravatar.com\/avatar\/9ff03a7733d0a0239bab9987b763539cc183bfa59f639c0994bb261f287bd4d6?s=96&d=mm&r=g","caption":"EUROPA FORUM"}}]}},"_links":{"self":[{"href":"https:\/\/europa-forum.org\/pl\/wp-json\/wp\/v2\/posts\/33018","targetHints":{"allow":["GET"]}}],"collection":[{"href":"https:\/\/europa-forum.org\/pl\/wp-json\/wp\/v2\/posts"}],"about":[{"href":"https:\/\/europa-forum.org\/pl\/wp-json\/wp\/v2\/types\/post"}],"author":[{"embeddable":true,"href":"https:\/\/europa-forum.org\/pl\/wp-json\/wp\/v2\/users\/67"}],"replies":[{"embeddable":true,"href":"https:\/\/europa-forum.org\/pl\/wp-json\/wp\/v2\/comments?post=33018"}],"version-history":[{"count":7,"href":"https:\/\/europa-forum.org\/pl\/wp-json\/wp\/v2\/posts\/33018\/revisions"}],"predecessor-version":[{"id":33078,"href":"https:\/\/europa-forum.org\/pl\/wp-json\/wp\/v2\/posts\/33018\/revisions\/33078"}],"wp:featuredmedia":[{"embeddable":true,"href":"https:\/\/europa-forum.org\/pl\/wp-json\/wp\/v2\/media\/33070"}],"wp:attachment":[{"href":"https:\/\/europa-forum.org\/pl\/wp-json\/wp\/v2\/media?parent=33018"}],"wp:term":[{"taxonomy":"category","embeddable":true,"href":"https:\/\/europa-forum.org\/pl\/wp-json\/wp\/v2\/categories?post=33018"},{"taxonomy":"post_tag","embeddable":true,"href":"https:\/\/europa-forum.org\/pl\/wp-json\/wp\/v2\/tags?post=33018"}],"curies":[{"name":"wp","href":"https:\/\/api.w.org\/{rel}","templated":true}]}}