{"id":30569,"date":"2024-07-23T06:01:20","date_gmt":"2024-07-23T06:01:20","guid":{"rendered":"https:\/\/europa-forum.org\/?p=30569"},"modified":"2025-07-17T10:38:31","modified_gmt":"2025-07-17T08:38:31","slug":"misja-gospodarcza-z-ef-2024-juz-za-nami","status":"publish","type":"post","link":"https:\/\/europa-forum.org\/pl\/2024\/07\/misja-gospodarcza-z-ef-2024-juz-za-nami\/","title":{"rendered":"MISJA GOSPODARCZA Z EF  2024 JU\u017b ZA NAMI"},"content":{"rendered":"<p>W dniach 11 do 14 lipca br. EUROPA FORUM \u2013 Polsko-Niemieckie Ko\u0142o Gospodarcze zorganizowa\u0142o misj\u0119 gospodarcz\u0105 do Bu\u0142garii. By\u0142a to kolejna edycja wyjazd\u00f3w s\u0142u\u017cbowych do kraj\u00f3w Europy \u015arodkowo-Wschodniej, kontynuowanych od wielu lat. Wizyta w Bu\u0142garii rozpocz\u0119\u0142a si\u0119 od stolicy kraju, Sofii. Po zakwaterowaniu w hotelu InterContinental Sofia, zwiedzano miasto, a dzie\u0144 zako\u0144czono uroczyst\u0105 kolacj\u0105 w restauracji Hadjidraganovite Izbi, gdzie mo\u017cna by\u0142o skosztowa\u0107 lokalnej kuchni i pos\u0142ucha\u0107 bu\u0142garskiej muzyki na \u017cywo.<br \/>\n<!--more--><\/p>\n<p>Nast\u0119pnego dnia odwiedzono Ambasad\u0119 Republiki Federalnej Niemiec w Sofii, gdzie odby\u0142o si\u0119 spotkanie z przedstawicielami ambasady. Tematem rozm\u00f3w by\u0142y mo\u017cliwo\u015bci wsp\u00f3\u0142pracy pomi\u0119dzy regionami oraz wymiana do\u015bwiadcze\u0144 w zakresie rozwoju gospodarczego. Ambasada zapewni\u0142a cenne wsparcie i umo\u017cliwi\u0142a nawi\u0105zanie kontakt\u00f3w z wa\u017cnymi partnerami biznesowymi w Bu\u0142garii. Po wizycie w ambasadzie udano si\u0119 do firmy MELEXIS, \u015bwiatowego lidera w dziedzinie mikroelektroniki. Uczestnicy mieli okazj\u0119 zapozna\u0107 si\u0119 z najnowszymi technologiami i innowacjami, kt\u00f3re firma rozwija dla bran\u017cy motoryzacyjnej, medycznej i przemys\u0142owej. Spotkanie z Georgim Kostadinovem \u2013 Regionalnym Mened\u017cerem tej fabryki oraz jego zespo\u0142em pozwoli\u0142o lepiej zrozumie\u0107, w jaki spos\u00f3b zaawansowane technologie MELEXIS wp\u0142ywaj\u0105 na rozw\u00f3j tych sektor\u00f3w.<\/p>\n<p>Trzeci dzie\u0144 wizyty w Bu\u0142garii sp\u0119dzono w s\u0142ynnej Dolinie R\u00f3\u017c, gdzie zlokalizowane jest 80% \u015bwiatowej produkcji olejku r\u00f3\u017canego. Odwiedzono Kompleks Etnograficzny Damascena, gdzie zapoznano si\u0119 z ca\u0142ym procesem wytwarzania olejku r\u00f3\u017canego. W drugiej cz\u0119\u015bci dnia odwiedzono winnic\u0119 Chateau Copsa, gdzie degustowano lokalne wina. Dzie\u0144 zako\u0144czono kolacj\u0105 w hotelowej restauracji.<\/p>\n<p>Ostatni dzie\u0144 wycieczki sp\u0119dzono w P\u0142owdiwie, jednym z najstarszych miast w Europie. Spacerowano malowniczymi uliczkami i zwiedzano zabytki takie jak rzymski amfiteatr. Po po\u017cegnalnej kolacji w restauracji Philippopolis udano si\u0119 na lotnisko w Sofii, sk\u0105d powr\u00f3cono do Wroc\u0142awia.<\/p>\n<p>Ka\u017cde z odwiedzonych miejsc dostarczy\u0142o nie tylko wielu inspiracji biznesowych, ale tak\u017ce niezapomnianych wra\u017ce\u0144 zwi\u0105zanych z bu\u0142garsk\u0105 kultur\u0105 i tradycj\u0105. Misja gospodarcza do Bu\u0142garii by\u0142a wyj\u0105tkowym do\u015bwiadczeniem, kt\u00f3re z pewno\u015bci\u0105 zaowocuje dalsz\u0105 wsp\u00f3\u0142prac\u0105 pomi\u0119dzy regionami. Szczeg\u00f3lne podzi\u0119kowania kieruje si\u0119 do pana Moritza Seilera za przyj\u0119cie w Ambasadzie Niemiec w Sofii oraz do Georgiego Kostadinova i jego zespo\u0142u z MELEXIS za demonstracj\u0119 ultranowoczesnej fabryki na miar\u0119 XXI wieku. Podzi\u0119kowania nale\u017c\u0105 si\u0119 r\u00f3wnie\u017c panu Maciejowi Satorze z Fraunhofer IWU za organizacj\u0119, wsparcie i t\u0142umaczenia na j\u0119zyk niemiecki.<\/p>\n<p><strong>Galeria zdj\u0119\u0107:<\/strong><\/p>\nngg_shortcode_0_placeholder\n","protected":false},"excerpt":{"rendered":"<p>W dniach 11 do 14 lipca br. EUROPA FORUM \u2013 Polsko-Niemieckie Ko\u0142o Gospodarcze zorganizowa\u0142o misj\u0119 gospodarcz\u0105 do Bu\u0142garii. By\u0142a to kolejna edycja wyjazd\u00f3w s\u0142u\u017cbowych do kraj\u00f3w Europy \u015arodkowo-Wschodniej, kontynuowanych od &#8230; <a class=\"read-more\" href=\"https:\/\/europa-forum.org\/pl\/2024\/07\/misja-gospodarcza-z-ef-2024-juz-za-nami\/\">Czytaj wi\u0119cej<\/a><\/p>\n","protected":false},"author":34,"featured_media":30570,"comment_status":"closed","ping_status":"closed","sticky":false,"template":"","format":"standard","meta":{"ngg_post_thumbnail":0,"footnotes":""},"categories":[42],"tags":[238,53,148,182,181,180,69],"class_list":["post-30569","post","type-post","status-publish","format-standard","has-post-thumbnail","hentry","category-ef-wyjazdy-przedsiebiorcow","tag-238","tag-europa-forum-wroclaw","tag-gospodarka","tag-kolo-gospodarcze-pl","tag-polska-pl","tag-polsko-niemiecki-pl","tag-wroclaw"],"yoast_head":"<!-- This site is optimized with the Yoast SEO plugin v27.3 - https:\/\/yoast.com\/product\/yoast-seo-wordpress\/ -->\n<title>MISJA GOSPODARCZA Z EF 2024 JU\u017b ZA NAMI - EUROPA FORUM<\/title>\n<meta name=\"robots\" content=\"index, follow, max-snippet:-1, max-image-preview:large, max-video-preview:-1\" \/>\n<link rel=\"canonical\" href=\"https:\/\/europa-forum.org\/pl\/2024\/07\/misja-gospodarcza-z-ef-2024-juz-za-nami\/\" \/>\n<meta property=\"og:locale\" content=\"pl_PL\" \/>\n<meta property=\"og:type\" content=\"article\" \/>\n<meta property=\"og:title\" content=\"MISJA GOSPODARCZA Z EF 2024 JU\u017b ZA NAMI - EUROPA FORUM\" \/>\n<meta property=\"og:description\" content=\"W dniach 11 do 14 lipca br. EUROPA FORUM \u2013 Polsko-Niemieckie Ko\u0142o Gospodarcze zorganizowa\u0142o misj\u0119 gospodarcz\u0105 do Bu\u0142garii. By\u0142a to kolejna edycja wyjazd\u00f3w s\u0142u\u017cbowych do kraj\u00f3w Europy \u015arodkowo-Wschodniej, kontynuowanych od ... Czytaj wi\u0119cej\" \/>\n<meta property=\"og:url\" content=\"https:\/\/europa-forum.org\/pl\/2024\/07\/misja-gospodarcza-z-ef-2024-juz-za-nami\/\" \/>\n<meta property=\"og:site_name\" content=\"EUROPA FORUM\" \/>\n<meta property=\"article:publisher\" content=\"https:\/\/www.facebook.com\/EuropaForum\/\" \/>\n<meta property=\"article:published_time\" content=\"2024-07-23T06:01:20+00:00\" \/>\n<meta property=\"article:modified_time\" content=\"2025-07-17T08:38:31+00:00\" \/>\n<meta property=\"og:image\" content=\"https:\/\/storage.googleapis.com\/media-cloud-test-ef\/2024\/07\/misja-gospodarcza-2024.png\" \/>\n\t<meta property=\"og:image:width\" content=\"2304\" \/>\n\t<meta property=\"og:image:height\" content=\"1728\" \/>\n\t<meta property=\"og:image:type\" content=\"image\/png\" \/>\n<meta name=\"author\" content=\"Web EUROPA FORUM\" \/>\n<meta name=\"twitter:card\" content=\"summary_large_image\" \/>\n<meta name=\"twitter:label1\" content=\"Napisane przez\" \/>\n\t<meta name=\"twitter:data1\" content=\"Web EUROPA FORUM\" \/>\n\t<meta name=\"twitter:label2\" content=\"Szacowany czas czytania\" \/>\n\t<meta name=\"twitter:data2\" content=\"2 minuty\" \/>\n<script type=\"application\/ld+json\" class=\"yoast-schema-graph\">{\"@context\":\"https:\\\/\\\/schema.org\",\"@graph\":[{\"@type\":\"Article\",\"@id\":\"https:\\\/\\\/europa-forum.org\\\/pl\\\/2024\\\/07\\\/misja-gospodarcza-z-ef-2024-juz-za-nami\\\/#article\",\"isPartOf\":{\"@id\":\"https:\\\/\\\/europa-forum.org\\\/pl\\\/2024\\\/07\\\/misja-gospodarcza-z-ef-2024-juz-za-nami\\\/\"},\"author\":{\"name\":\"Web EUROPA FORUM\",\"@id\":\"https:\\\/\\\/europa-forum.org\\\/#\\\/schema\\\/person\\\/78941253d03fdc931167811f69ae5afc\"},\"headline\":\"MISJA GOSPODARCZA Z EF 2024 JU\u017b ZA NAMI\",\"datePublished\":\"2024-07-23T06:01:20+00:00\",\"dateModified\":\"2025-07-17T08:38:31+00:00\",\"mainEntityOfPage\":{\"@id\":\"https:\\\/\\\/europa-forum.org\\\/pl\\\/2024\\\/07\\\/misja-gospodarcza-z-ef-2024-juz-za-nami\\\/\"},\"wordCount\":435,\"publisher\":{\"@id\":\"https:\\\/\\\/europa-forum.org\\\/#organization\"},\"image\":{\"@id\":\"https:\\\/\\\/europa-forum.org\\\/pl\\\/2024\\\/07\\\/misja-gospodarcza-z-ef-2024-juz-za-nami\\\/#primaryimage\"},\"thumbnailUrl\":\"https:\\\/\\\/storage.googleapis.com\\\/media-cloud-test-ef\\\/2024\\\/07\\\/misja-gospodarcza-2024.png\",\"keywords\":[\"2024\",\"Europa Forum Wroc\u0142aw\",\"Gospodarka\",\"Ko\u0142o gospodarcze\",\"Polska\",\"Polsko-Niemiecki\",\"Wroc\u0142aw\"],\"articleSection\":[\"EF Wyjazdy przedsi\u0119biorc\u00f3w\"],\"inLanguage\":\"pl-PL\"},{\"@type\":\"WebPage\",\"@id\":\"https:\\\/\\\/europa-forum.org\\\/pl\\\/2024\\\/07\\\/misja-gospodarcza-z-ef-2024-juz-za-nami\\\/\",\"url\":\"https:\\\/\\\/europa-forum.org\\\/pl\\\/2024\\\/07\\\/misja-gospodarcza-z-ef-2024-juz-za-nami\\\/\",\"name\":\"MISJA GOSPODARCZA Z EF 2024 JU\u017b ZA NAMI - EUROPA FORUM\",\"isPartOf\":{\"@id\":\"https:\\\/\\\/europa-forum.org\\\/#website\"},\"primaryImageOfPage\":{\"@id\":\"https:\\\/\\\/europa-forum.org\\\/pl\\\/2024\\\/07\\\/misja-gospodarcza-z-ef-2024-juz-za-nami\\\/#primaryimage\"},\"image\":{\"@id\":\"https:\\\/\\\/europa-forum.org\\\/pl\\\/2024\\\/07\\\/misja-gospodarcza-z-ef-2024-juz-za-nami\\\/#primaryimage\"},\"thumbnailUrl\":\"https:\\\/\\\/storage.googleapis.com\\\/media-cloud-test-ef\\\/2024\\\/07\\\/misja-gospodarcza-2024.png\",\"datePublished\":\"2024-07-23T06:01:20+00:00\",\"dateModified\":\"2025-07-17T08:38:31+00:00\",\"breadcrumb\":{\"@id\":\"https:\\\/\\\/europa-forum.org\\\/pl\\\/2024\\\/07\\\/misja-gospodarcza-z-ef-2024-juz-za-nami\\\/#breadcrumb\"},\"inLanguage\":\"pl-PL\",\"potentialAction\":[{\"@type\":\"ReadAction\",\"target\":[\"https:\\\/\\\/europa-forum.org\\\/pl\\\/2024\\\/07\\\/misja-gospodarcza-z-ef-2024-juz-za-nami\\\/\"]}]},{\"@type\":\"ImageObject\",\"inLanguage\":\"pl-PL\",\"@id\":\"https:\\\/\\\/europa-forum.org\\\/pl\\\/2024\\\/07\\\/misja-gospodarcza-z-ef-2024-juz-za-nami\\\/#primaryimage\",\"url\":\"https:\\\/\\\/storage.googleapis.com\\\/media-cloud-test-ef\\\/2024\\\/07\\\/misja-gospodarcza-2024.png\",\"contentUrl\":\"https:\\\/\\\/storage.googleapis.com\\\/media-cloud-test-ef\\\/2024\\\/07\\\/misja-gospodarcza-2024.png\",\"width\":2304,\"height\":1728},{\"@type\":\"BreadcrumbList\",\"@id\":\"https:\\\/\\\/europa-forum.org\\\/pl\\\/2024\\\/07\\\/misja-gospodarcza-z-ef-2024-juz-za-nami\\\/#breadcrumb\",\"itemListElement\":[{\"@type\":\"ListItem\",\"position\":1,\"name\":\"Home\",\"item\":\"https:\\\/\\\/europa-forum.org\\\/pl\\\/\"},{\"@type\":\"ListItem\",\"position\":2,\"name\":\"MISJA GOSPODARCZA Z EF 2024 JU\u017b ZA NAMI\"}]},{\"@type\":\"WebSite\",\"@id\":\"https:\\\/\\\/europa-forum.org\\\/#website\",\"url\":\"https:\\\/\\\/europa-forum.org\\\/\",\"name\":\"EUROPA FORUM\",\"description\":\"Polsko-Niemieckie Ko\u0142o Gospodarcze we Wroc\u0142awiu\",\"publisher\":{\"@id\":\"https:\\\/\\\/europa-forum.org\\\/#organization\"},\"potentialAction\":[{\"@type\":\"SearchAction\",\"target\":{\"@type\":\"EntryPoint\",\"urlTemplate\":\"https:\\\/\\\/europa-forum.org\\\/?s={search_term_string}\"},\"query-input\":{\"@type\":\"PropertyValueSpecification\",\"valueRequired\":true,\"valueName\":\"search_term_string\"}}],\"inLanguage\":\"pl-PL\"},{\"@type\":\"Organization\",\"@id\":\"https:\\\/\\\/europa-forum.org\\\/#organization\",\"name\":\"EUROPA FORUM\",\"url\":\"https:\\\/\\\/europa-forum.org\\\/\",\"logo\":{\"@type\":\"ImageObject\",\"inLanguage\":\"pl-PL\",\"@id\":\"https:\\\/\\\/europa-forum.org\\\/#\\\/schema\\\/logo\\\/image\\\/\",\"url\":\"https:\\\/\\\/storage.googleapis.com\\\/media-cloud-test-ef\\\/2024\\\/12\\\/logo-square.png\",\"contentUrl\":\"https:\\\/\\\/storage.googleapis.com\\\/media-cloud-test-ef\\\/2024\\\/12\\\/logo-square.png\",\"width\":240,\"height\":240,\"caption\":\"EUROPA FORUM\"},\"image\":{\"@id\":\"https:\\\/\\\/europa-forum.org\\\/#\\\/schema\\\/logo\\\/image\\\/\"},\"sameAs\":[\"https:\\\/\\\/www.facebook.com\\\/EuropaForum\\\/\",\"https:\\\/\\\/www.linkedin.com\\\/company\\\/europa-forum\"]},{\"@type\":\"Person\",\"@id\":\"https:\\\/\\\/europa-forum.org\\\/#\\\/schema\\\/person\\\/78941253d03fdc931167811f69ae5afc\",\"name\":\"Web EUROPA FORUM\",\"image\":{\"@type\":\"ImageObject\",\"inLanguage\":\"pl-PL\",\"@id\":\"https:\\\/\\\/secure.gravatar.com\\\/avatar\\\/a0d9522a5e276ed089f6a92e55c96a108f9d763254edaa18f45f2cae401cb51d?s=96&d=mm&r=g\",\"url\":\"https:\\\/\\\/secure.gravatar.com\\\/avatar\\\/a0d9522a5e276ed089f6a92e55c96a108f9d763254edaa18f45f2cae401cb51d?s=96&d=mm&r=g\",\"contentUrl\":\"https:\\\/\\\/secure.gravatar.com\\\/avatar\\\/a0d9522a5e276ed089f6a92e55c96a108f9d763254edaa18f45f2cae401cb51d?s=96&d=mm&r=g\",\"caption\":\"Web EUROPA FORUM\"}}]}<\/script>\n<!-- \/ Yoast SEO plugin. -->","yoast_head_json":{"title":"MISJA GOSPODARCZA Z EF 2024 JU\u017b ZA NAMI - EUROPA FORUM","robots":{"index":"index","follow":"follow","max-snippet":"max-snippet:-1","max-image-preview":"max-image-preview:large","max-video-preview":"max-video-preview:-1"},"canonical":"https:\/\/europa-forum.org\/pl\/2024\/07\/misja-gospodarcza-z-ef-2024-juz-za-nami\/","og_locale":"pl_PL","og_type":"article","og_title":"MISJA GOSPODARCZA Z EF 2024 JU\u017b ZA NAMI - EUROPA FORUM","og_description":"W dniach 11 do 14 lipca br. EUROPA FORUM \u2013 Polsko-Niemieckie Ko\u0142o Gospodarcze zorganizowa\u0142o misj\u0119 gospodarcz\u0105 do Bu\u0142garii. By\u0142a to kolejna edycja wyjazd\u00f3w s\u0142u\u017cbowych do kraj\u00f3w Europy \u015arodkowo-Wschodniej, kontynuowanych od ... Czytaj wi\u0119cej","og_url":"https:\/\/europa-forum.org\/pl\/2024\/07\/misja-gospodarcza-z-ef-2024-juz-za-nami\/","og_site_name":"EUROPA FORUM","article_publisher":"https:\/\/www.facebook.com\/EuropaForum\/","article_published_time":"2024-07-23T06:01:20+00:00","article_modified_time":"2025-07-17T08:38:31+00:00","og_image":[{"width":2304,"height":1728,"url":"https:\/\/storage.googleapis.com\/media-cloud-test-ef\/2024\/07\/misja-gospodarcza-2024.png","type":"image\/png"}],"author":"Web EUROPA FORUM","twitter_card":"summary_large_image","twitter_misc":{"Napisane przez":"Web EUROPA FORUM","Szacowany czas czytania":"2 minuty"},"schema":{"@context":"https:\/\/schema.org","@graph":[{"@type":"Article","@id":"https:\/\/europa-forum.org\/pl\/2024\/07\/misja-gospodarcza-z-ef-2024-juz-za-nami\/#article","isPartOf":{"@id":"https:\/\/europa-forum.org\/pl\/2024\/07\/misja-gospodarcza-z-ef-2024-juz-za-nami\/"},"author":{"name":"Web EUROPA FORUM","@id":"https:\/\/europa-forum.org\/#\/schema\/person\/78941253d03fdc931167811f69ae5afc"},"headline":"MISJA GOSPODARCZA Z EF 2024 JU\u017b ZA NAMI","datePublished":"2024-07-23T06:01:20+00:00","dateModified":"2025-07-17T08:38:31+00:00","mainEntityOfPage":{"@id":"https:\/\/europa-forum.org\/pl\/2024\/07\/misja-gospodarcza-z-ef-2024-juz-za-nami\/"},"wordCount":435,"publisher":{"@id":"https:\/\/europa-forum.org\/#organization"},"image":{"@id":"https:\/\/europa-forum.org\/pl\/2024\/07\/misja-gospodarcza-z-ef-2024-juz-za-nami\/#primaryimage"},"thumbnailUrl":"https:\/\/storage.googleapis.com\/media-cloud-test-ef\/2024\/07\/misja-gospodarcza-2024.png","keywords":["2024","Europa Forum Wroc\u0142aw","Gospodarka","Ko\u0142o gospodarcze","Polska","Polsko-Niemiecki","Wroc\u0142aw"],"articleSection":["EF Wyjazdy przedsi\u0119biorc\u00f3w"],"inLanguage":"pl-PL"},{"@type":"WebPage","@id":"https:\/\/europa-forum.org\/pl\/2024\/07\/misja-gospodarcza-z-ef-2024-juz-za-nami\/","url":"https:\/\/europa-forum.org\/pl\/2024\/07\/misja-gospodarcza-z-ef-2024-juz-za-nami\/","name":"MISJA GOSPODARCZA Z EF 2024 JU\u017b ZA NAMI - EUROPA FORUM","isPartOf":{"@id":"https:\/\/europa-forum.org\/#website"},"primaryImageOfPage":{"@id":"https:\/\/europa-forum.org\/pl\/2024\/07\/misja-gospodarcza-z-ef-2024-juz-za-nami\/#primaryimage"},"image":{"@id":"https:\/\/europa-forum.org\/pl\/2024\/07\/misja-gospodarcza-z-ef-2024-juz-za-nami\/#primaryimage"},"thumbnailUrl":"https:\/\/storage.googleapis.com\/media-cloud-test-ef\/2024\/07\/misja-gospodarcza-2024.png","datePublished":"2024-07-23T06:01:20+00:00","dateModified":"2025-07-17T08:38:31+00:00","breadcrumb":{"@id":"https:\/\/europa-forum.org\/pl\/2024\/07\/misja-gospodarcza-z-ef-2024-juz-za-nami\/#breadcrumb"},"inLanguage":"pl-PL","potentialAction":[{"@type":"ReadAction","target":["https:\/\/europa-forum.org\/pl\/2024\/07\/misja-gospodarcza-z-ef-2024-juz-za-nami\/"]}]},{"@type":"ImageObject","inLanguage":"pl-PL","@id":"https:\/\/europa-forum.org\/pl\/2024\/07\/misja-gospodarcza-z-ef-2024-juz-za-nami\/#primaryimage","url":"https:\/\/storage.googleapis.com\/media-cloud-test-ef\/2024\/07\/misja-gospodarcza-2024.png","contentUrl":"https:\/\/storage.googleapis.com\/media-cloud-test-ef\/2024\/07\/misja-gospodarcza-2024.png","width":2304,"height":1728},{"@type":"BreadcrumbList","@id":"https:\/\/europa-forum.org\/pl\/2024\/07\/misja-gospodarcza-z-ef-2024-juz-za-nami\/#breadcrumb","itemListElement":[{"@type":"ListItem","position":1,"name":"Home","item":"https:\/\/europa-forum.org\/pl\/"},{"@type":"ListItem","position":2,"name":"MISJA GOSPODARCZA Z EF 2024 JU\u017b ZA NAMI"}]},{"@type":"WebSite","@id":"https:\/\/europa-forum.org\/#website","url":"https:\/\/europa-forum.org\/","name":"EUROPA FORUM","description":"Polsko-Niemieckie Ko\u0142o Gospodarcze we Wroc\u0142awiu","publisher":{"@id":"https:\/\/europa-forum.org\/#organization"},"potentialAction":[{"@type":"SearchAction","target":{"@type":"EntryPoint","urlTemplate":"https:\/\/europa-forum.org\/?s={search_term_string}"},"query-input":{"@type":"PropertyValueSpecification","valueRequired":true,"valueName":"search_term_string"}}],"inLanguage":"pl-PL"},{"@type":"Organization","@id":"https:\/\/europa-forum.org\/#organization","name":"EUROPA FORUM","url":"https:\/\/europa-forum.org\/","logo":{"@type":"ImageObject","inLanguage":"pl-PL","@id":"https:\/\/europa-forum.org\/#\/schema\/logo\/image\/","url":"https:\/\/storage.googleapis.com\/media-cloud-test-ef\/2024\/12\/logo-square.png","contentUrl":"https:\/\/storage.googleapis.com\/media-cloud-test-ef\/2024\/12\/logo-square.png","width":240,"height":240,"caption":"EUROPA FORUM"},"image":{"@id":"https:\/\/europa-forum.org\/#\/schema\/logo\/image\/"},"sameAs":["https:\/\/www.facebook.com\/EuropaForum\/","https:\/\/www.linkedin.com\/company\/europa-forum"]},{"@type":"Person","@id":"https:\/\/europa-forum.org\/#\/schema\/person\/78941253d03fdc931167811f69ae5afc","name":"Web EUROPA FORUM","image":{"@type":"ImageObject","inLanguage":"pl-PL","@id":"https:\/\/secure.gravatar.com\/avatar\/a0d9522a5e276ed089f6a92e55c96a108f9d763254edaa18f45f2cae401cb51d?s=96&d=mm&r=g","url":"https:\/\/secure.gravatar.com\/avatar\/a0d9522a5e276ed089f6a92e55c96a108f9d763254edaa18f45f2cae401cb51d?s=96&d=mm&r=g","contentUrl":"https:\/\/secure.gravatar.com\/avatar\/a0d9522a5e276ed089f6a92e55c96a108f9d763254edaa18f45f2cae401cb51d?s=96&d=mm&r=g","caption":"Web EUROPA FORUM"}}]}},"_links":{"self":[{"href":"https:\/\/europa-forum.org\/pl\/wp-json\/wp\/v2\/posts\/30569","targetHints":{"allow":["GET"]}}],"collection":[{"href":"https:\/\/europa-forum.org\/pl\/wp-json\/wp\/v2\/posts"}],"about":[{"href":"https:\/\/europa-forum.org\/pl\/wp-json\/wp\/v2\/types\/post"}],"author":[{"embeddable":true,"href":"https:\/\/europa-forum.org\/pl\/wp-json\/wp\/v2\/users\/34"}],"replies":[{"embeddable":true,"href":"https:\/\/europa-forum.org\/pl\/wp-json\/wp\/v2\/comments?post=30569"}],"version-history":[{"count":3,"href":"https:\/\/europa-forum.org\/pl\/wp-json\/wp\/v2\/posts\/30569\/revisions"}],"predecessor-version":[{"id":30642,"href":"https:\/\/europa-forum.org\/pl\/wp-json\/wp\/v2\/posts\/30569\/revisions\/30642"}],"wp:featuredmedia":[{"embeddable":true,"href":"https:\/\/europa-forum.org\/pl\/wp-json\/wp\/v2\/media\/30570"}],"wp:attachment":[{"href":"https:\/\/europa-forum.org\/pl\/wp-json\/wp\/v2\/media?parent=30569"}],"wp:term":[{"taxonomy":"category","embeddable":true,"href":"https:\/\/europa-forum.org\/pl\/wp-json\/wp\/v2\/categories?post=30569"},{"taxonomy":"post_tag","embeddable":true,"href":"https:\/\/europa-forum.org\/pl\/wp-json\/wp\/v2\/tags?post=30569"}],"curies":[{"name":"wp","href":"https:\/\/api.w.org\/{rel}","templated":true}]}}