{"id":29360,"date":"2024-03-01T13:21:54","date_gmt":"2024-03-01T12:21:54","guid":{"rendered":"https:\/\/europa-forum.org\/?p=29360"},"modified":"2024-12-10T15:44:54","modified_gmt":"2024-12-10T13:44:54","slug":"zaproszenie-na-ef-goes-concert-chopin-recitals-17-03-2024-godz-1830","status":"publish","type":"post","link":"https:\/\/europa-forum.org\/pl\/2024\/03\/zaproszenie-na-ef-goes-concert-chopin-recitals-17-03-2024-godz-1830\/","title":{"rendered":"Zaproszenie na EF GOES CONCERT | Chopin Recitals 17.03.2024, godz. 18:30"},"content":{"rendered":"<p style=\"text-align: center;\">Drodzy cz\u0142onkowie i przyjaciele EUROPA FORUM,<\/p>\n<p style=\"text-align: center;\">serdecznie zapraszamy Pa\u0144stwa na koncert argenty\u0144skiej gwiazdy \u015bwiatowych estrad Ingrid Fliter w ramach <a href=\"https:\/\/chopinrecitals.pl\/\">Chopin Recitals<\/a> w barokowej sali Oratorium Marianum we Wroc\u0142awiu w dniu 17 marca 2024 o godzinie 18:30 .<\/p>\n<p><!--more--><\/p>\n<p>Ingrid Fliter &#8211; Zdoby\u0142a II nagrod\u0119 na XIV Mi\u0119dzynarodowym Konkursie Pianistycznym im. Fryderyka Chopina w Warszawie. W 2006 roku otrzyma\u0142a Gilmore Artist Award \u2013 to zaszczytne wyr\u00f3\u017cnienie dosta\u0142a jedynie garstka pianist\u00f3w na \u015bwiecie, a jako jedyna kobieta. Argenty\u0144ska pianistka zdoby\u0142a serca i podziw publiczno\u015bci na ca\u0142ym \u015bwiecie swoim pe\u0142nym pasji, a jednocze\u015bnie przemy\u015blanym i wra\u017cliwym tworzeniem muzyki. Jest niezwykle ceniona przez znacz\u0105cych krytyk\u00f3w muzycznych.<\/p>\n<p>W ramach EF GOES CONCERT zarezerwowali\u015bmy dla Pa\u0144stwa kontyngent najlepszych miejsc w kategorii bilet\u00f3w VIP-owskich z bankietem. WYKWINTNY BANKIET z selekcj\u0105 win no limit w barokowej sali Oratorium Marianum (menu na stronie: <a href=\"https:\/\/chopinrecitals.pl\/\">Chopin Recitals<\/a>)<\/p>\n<p>Na bankiecie do wygrania b\u0119d\u0105 wspania\u0142e NAGRODY od partner\u00f3w Chopin Recitals: <\/p>\n<ul>\n<li>Voucher dla 2 os. na 3-daniow\u0105 kolacj\u0119 w La Maddalena Restauracja <\/li>\n<li>Voucher dla 2 os. do Lavender SPA w AC Hotel by Marriott Wroclaw <\/li>\n<li>Voucher Chopin Recitals<\/li>\n<\/ul>\n<p><strong>MIEJSCE:<\/strong> Sala Oratorium Marianum, plac Uniwersytecki 1, Wroc\u0142aw<\/p>\n<p><strong>PROGRAM:<\/strong><br \/>\nFryderyk Chopin<br \/>\nMazurki op. 6<br \/>\nMazurki op. 7<br \/>\nMazurki op. 50<br \/>\nPolonez fis-moll op. 44<\/p>\n<p>***<\/p>\n<p>Robert Schumann<br \/>\nEtiudy Symfoniczne op. 13<\/p>\n<p><strong>CENA:<\/strong> Bilety VIP z bankietem b\u0119d\u0105 dla cz\u0142onk\u00f3w Europa Forum w cenie 295 z\u0142 zamiast 320 z\u0142.<\/p>\n<p><strong>REJESTRACJA:<\/strong> W razie zainteresowania, prosimy o rejestracj\u0119 mailow\u0105 na <a href=\"mailto:chopinrecitals@gmail.com\" rel=\"noopener\">chopinrecitals@gmail.com<\/a>, nast\u0119pnie dane do przelewu na konto firmowe Chopin Recital lub BLIKiem zostan\u0105 Pa\u0144stwu wys\u0142ane w odpowiedzi. Na \u017cyczenie zostan\u0105 wystawione tak\u017ce faktury VAT. <\/p>\n<p>Wi\u0119cej informacji na:<br \/>\n<a href=\"https:\/\/chopinrecitals.pl\/\" rel=\"noopener\" target=\"_blank\">https:\/\/chopinrecitals.pl\/<\/a><br \/>\n<a href=\"https:\/\/chopinrecitals.pl\/artists\/ingrid-fliter\" rel=\"noopener\" target=\"_blank\">https:\/\/chopinrecitals.pl\/artists\/ingrid-fliter<\/a><\/p>\n<p>Sponsor g\u0142\u00f3wny: Lexus Wroc\u0142aw<br \/>\n<a href=\"https:\/\/lexus-wroclaw.pl\" rel=\"noopener\" target=\"_blank\">https:\/\/lexus-wroclaw.pl<\/a>\/<\/p>\n<p>Patronat Honorowy: Jego Magnificencji Rektora Uniwersytetu Wroc\u0142awskiego <\/p>\n<p>Partnerzy: AC Marriott Wroc\u0142aw, Restauracja La Maddalena, Kwiaty Kawy i Inne, Uniwersytet Wroc\u0142awski, Radio Wroc\u0142aw, Radio Wroc\u0142aw Kultura, Radio RAM<\/p>\n<p>Z niecierpliwo\u015bci\u0105 czekamy na niezapomniany wiecz\u00f3r pe\u0142en muzycznego blasku i serdecznie zapraszamy do udzia\u0142u w tym wyj\u0105tkowym wydarzeniu.<\/p>\n<p>Z wyrazami szacunku,<br \/>\nZESP\u00d3\u0141 EUROPA FORUM<\/p>\n<p><img loading=\"lazy\" decoding=\"async\" src=\"https:\/\/storage.googleapis.com\/media-cloud-test-ef\/2024\/03\/2024_02_04_Kevin_Chen_koncert_LO_fot_100ga-84-373x560.jpg\" alt=\"\" width=\"373\" height=\"560\" class=\"aligncenter size-medium wp-image-29364\" srcset=\"https:\/\/storage.googleapis.com\/media-cloud-test-ef\/2024\/03\/2024_02_04_Kevin_Chen_koncert_LO_fot_100ga-84-373x560.jpg 373w, https:\/\/storage.googleapis.com\/media-cloud-test-ef\/2024\/03\/2024_02_04_Kevin_Chen_koncert_LO_fot_100ga-84-682x1024.jpg 682w, https:\/\/storage.googleapis.com\/media-cloud-test-ef\/2024\/03\/2024_02_04_Kevin_Chen_koncert_LO_fot_100ga-84-768x1152.jpg 768w, https:\/\/storage.googleapis.com\/media-cloud-test-ef\/2024\/03\/2024_02_04_Kevin_Chen_koncert_LO_fot_100ga-84-1024x1536.jpg 1024w, https:\/\/storage.googleapis.com\/media-cloud-test-ef\/2024\/03\/2024_02_04_Kevin_Chen_koncert_LO_fot_100ga-84.jpg 1333w\" sizes=\"auto, (max-width: 373px) 100vw, 373px\" \/><\/p>\n","protected":false},"excerpt":{"rendered":"<p>Drodzy cz\u0142onkowie i przyjaciele EUROPA FORUM, serdecznie zapraszamy Pa\u0144stwa na koncert argenty\u0144skiej gwiazdy \u015bwiatowych estrad Ingrid Fliter w ramach Chopin Recitals w barokowej sali Oratorium Marianum we Wroc\u0142awiu w dniu &#8230; <a class=\"read-more\" href=\"https:\/\/europa-forum.org\/pl\/2024\/03\/zaproszenie-na-ef-goes-concert-chopin-recitals-17-03-2024-godz-1830\/\">Czytaj wi\u0119cej<\/a><\/p>\n","protected":false},"author":34,"featured_media":29361,"comment_status":"closed","ping_status":"closed","sticky":false,"template":"","format":"standard","meta":{"ngg_post_thumbnail":0,"footnotes":""},"categories":[43],"tags":[238,53,148,182,181,180,69],"class_list":["post-29360","post","type-post","status-publish","format-standard","has-post-thumbnail","hentry","category-ef-wydarzenia","tag-238","tag-europa-forum-wroclaw","tag-gospodarka","tag-kolo-gospodarcze-pl","tag-polska-pl","tag-polsko-niemiecki-pl","tag-wroclaw"],"yoast_head":"<!-- This site is optimized with the Yoast SEO plugin v27.3 - https:\/\/yoast.com\/product\/yoast-seo-wordpress\/ -->\n<title>Zaproszenie na EF GOES CONCERT | Chopin Recitals 17.03.2024, godz. 18:30 - EUROPA FORUM<\/title>\n<meta name=\"robots\" content=\"index, follow, max-snippet:-1, max-image-preview:large, max-video-preview:-1\" \/>\n<link rel=\"canonical\" href=\"https:\/\/europa-forum.org\/2024\/03\/einladung-zum-ef-goes-concert-chopin-recitals-17-03-2024-1830-uhr\/\" \/>\n<meta property=\"og:locale\" content=\"pl_PL\" \/>\n<meta property=\"og:type\" content=\"article\" \/>\n<meta property=\"og:title\" content=\"Zaproszenie na EF GOES CONCERT | Chopin Recitals 17.03.2024, godz. 18:30 - EUROPA FORUM\" \/>\n<meta property=\"og:description\" content=\"Drodzy cz\u0142onkowie i przyjaciele EUROPA FORUM, serdecznie zapraszamy Pa\u0144stwa na koncert argenty\u0144skiej gwiazdy \u015bwiatowych estrad Ingrid Fliter w ramach Chopin Recitals w barokowej sali Oratorium Marianum we Wroc\u0142awiu w dniu ... Czytaj wi\u0119cej\" \/>\n<meta property=\"og:url\" content=\"https:\/\/europa-forum.org\/2024\/03\/einladung-zum-ef-goes-concert-chopin-recitals-17-03-2024-1830-uhr\/\" \/>\n<meta property=\"og:site_name\" content=\"EUROPA FORUM\" \/>\n<meta property=\"article:publisher\" content=\"https:\/\/www.facebook.com\/EuropaForum\/\" \/>\n<meta property=\"article:published_time\" content=\"2024-03-01T12:21:54+00:00\" \/>\n<meta property=\"article:modified_time\" content=\"2024-12-10T13:44:54+00:00\" \/>\n<meta property=\"og:image\" content=\"https:\/\/storage.googleapis.com\/media-cloud-test-ef\/2024\/03\/Ingrid_Fliter_Fb_.jpg\" \/>\n\t<meta property=\"og:image:width\" content=\"2400\" \/>\n\t<meta property=\"og:image:height\" content=\"1256\" \/>\n\t<meta property=\"og:image:type\" content=\"image\/jpeg\" \/>\n<meta name=\"author\" content=\"Web EUROPA FORUM\" \/>\n<meta name=\"twitter:card\" content=\"summary_large_image\" \/>\n<meta name=\"twitter:label1\" content=\"Napisane przez\" \/>\n\t<meta name=\"twitter:data1\" content=\"Web EUROPA FORUM\" \/>\n\t<meta name=\"twitter:label2\" content=\"Szacowany czas czytania\" \/>\n\t<meta name=\"twitter:data2\" content=\"2 minuty\" \/>\n<script type=\"application\/ld+json\" class=\"yoast-schema-graph\">{\"@context\":\"https:\\\/\\\/schema.org\",\"@graph\":[{\"@type\":\"Article\",\"@id\":\"https:\\\/\\\/europa-forum.org\\\/2024\\\/03\\\/einladung-zum-ef-goes-concert-chopin-recitals-17-03-2024-1830-uhr\\\/#article\",\"isPartOf\":{\"@id\":\"https:\\\/\\\/europa-forum.org\\\/2024\\\/03\\\/einladung-zum-ef-goes-concert-chopin-recitals-17-03-2024-1830-uhr\\\/\"},\"author\":{\"name\":\"Web EUROPA FORUM\",\"@id\":\"https:\\\/\\\/europa-forum.org\\\/#\\\/schema\\\/person\\\/78941253d03fdc931167811f69ae5afc\"},\"headline\":\"Zaproszenie na EF GOES CONCERT | Chopin Recitals 17.03.2024, godz. 18:30\",\"datePublished\":\"2024-03-01T12:21:54+00:00\",\"dateModified\":\"2024-12-10T13:44:54+00:00\",\"mainEntityOfPage\":{\"@id\":\"https:\\\/\\\/europa-forum.org\\\/2024\\\/03\\\/einladung-zum-ef-goes-concert-chopin-recitals-17-03-2024-1830-uhr\\\/\"},\"wordCount\":363,\"publisher\":{\"@id\":\"https:\\\/\\\/europa-forum.org\\\/#organization\"},\"image\":{\"@id\":\"https:\\\/\\\/europa-forum.org\\\/2024\\\/03\\\/einladung-zum-ef-goes-concert-chopin-recitals-17-03-2024-1830-uhr\\\/#primaryimage\"},\"thumbnailUrl\":\"https:\\\/\\\/storage.googleapis.com\\\/media-cloud-test-ef\\\/2024\\\/03\\\/Ingrid_Fliter_Fb_.jpg\",\"keywords\":[\"2024\",\"Europa Forum Wroc\u0142aw\",\"Gospodarka\",\"Ko\u0142o gospodarcze\",\"Polska\",\"Polsko-Niemiecki\",\"Wroc\u0142aw\"],\"articleSection\":[\"EF Wydarzenia\"],\"inLanguage\":\"pl-PL\"},{\"@type\":\"WebPage\",\"@id\":\"https:\\\/\\\/europa-forum.org\\\/2024\\\/03\\\/einladung-zum-ef-goes-concert-chopin-recitals-17-03-2024-1830-uhr\\\/\",\"url\":\"https:\\\/\\\/europa-forum.org\\\/2024\\\/03\\\/einladung-zum-ef-goes-concert-chopin-recitals-17-03-2024-1830-uhr\\\/\",\"name\":\"Zaproszenie na EF GOES CONCERT | Chopin Recitals 17.03.2024, godz. 18:30 - EUROPA FORUM\",\"isPartOf\":{\"@id\":\"https:\\\/\\\/europa-forum.org\\\/#website\"},\"primaryImageOfPage\":{\"@id\":\"https:\\\/\\\/europa-forum.org\\\/2024\\\/03\\\/einladung-zum-ef-goes-concert-chopin-recitals-17-03-2024-1830-uhr\\\/#primaryimage\"},\"image\":{\"@id\":\"https:\\\/\\\/europa-forum.org\\\/2024\\\/03\\\/einladung-zum-ef-goes-concert-chopin-recitals-17-03-2024-1830-uhr\\\/#primaryimage\"},\"thumbnailUrl\":\"https:\\\/\\\/storage.googleapis.com\\\/media-cloud-test-ef\\\/2024\\\/03\\\/Ingrid_Fliter_Fb_.jpg\",\"datePublished\":\"2024-03-01T12:21:54+00:00\",\"dateModified\":\"2024-12-10T13:44:54+00:00\",\"breadcrumb\":{\"@id\":\"https:\\\/\\\/europa-forum.org\\\/2024\\\/03\\\/einladung-zum-ef-goes-concert-chopin-recitals-17-03-2024-1830-uhr\\\/#breadcrumb\"},\"inLanguage\":\"pl-PL\",\"potentialAction\":[{\"@type\":\"ReadAction\",\"target\":[\"https:\\\/\\\/europa-forum.org\\\/2024\\\/03\\\/einladung-zum-ef-goes-concert-chopin-recitals-17-03-2024-1830-uhr\\\/\"]}]},{\"@type\":\"ImageObject\",\"inLanguage\":\"pl-PL\",\"@id\":\"https:\\\/\\\/europa-forum.org\\\/2024\\\/03\\\/einladung-zum-ef-goes-concert-chopin-recitals-17-03-2024-1830-uhr\\\/#primaryimage\",\"url\":\"https:\\\/\\\/storage.googleapis.com\\\/media-cloud-test-ef\\\/2024\\\/03\\\/Ingrid_Fliter_Fb_.jpg\",\"contentUrl\":\"https:\\\/\\\/storage.googleapis.com\\\/media-cloud-test-ef\\\/2024\\\/03\\\/Ingrid_Fliter_Fb_.jpg\",\"width\":2400,\"height\":1256},{\"@type\":\"BreadcrumbList\",\"@id\":\"https:\\\/\\\/europa-forum.org\\\/2024\\\/03\\\/einladung-zum-ef-goes-concert-chopin-recitals-17-03-2024-1830-uhr\\\/#breadcrumb\",\"itemListElement\":[{\"@type\":\"ListItem\",\"position\":1,\"name\":\"Home\",\"item\":\"https:\\\/\\\/europa-forum.org\\\/pl\\\/\"},{\"@type\":\"ListItem\",\"position\":2,\"name\":\"Zaproszenie na EF GOES CONCERT | Chopin Recitals 17.03.2024, godz. 18:30\"}]},{\"@type\":\"WebSite\",\"@id\":\"https:\\\/\\\/europa-forum.org\\\/#website\",\"url\":\"https:\\\/\\\/europa-forum.org\\\/\",\"name\":\"EUROPA FORUM\",\"description\":\"Polsko-Niemieckie Ko\u0142o Gospodarcze we Wroc\u0142awiu\",\"publisher\":{\"@id\":\"https:\\\/\\\/europa-forum.org\\\/#organization\"},\"potentialAction\":[{\"@type\":\"SearchAction\",\"target\":{\"@type\":\"EntryPoint\",\"urlTemplate\":\"https:\\\/\\\/europa-forum.org\\\/?s={search_term_string}\"},\"query-input\":{\"@type\":\"PropertyValueSpecification\",\"valueRequired\":true,\"valueName\":\"search_term_string\"}}],\"inLanguage\":\"pl-PL\"},{\"@type\":\"Organization\",\"@id\":\"https:\\\/\\\/europa-forum.org\\\/#organization\",\"name\":\"EUROPA FORUM\",\"url\":\"https:\\\/\\\/europa-forum.org\\\/\",\"logo\":{\"@type\":\"ImageObject\",\"inLanguage\":\"pl-PL\",\"@id\":\"https:\\\/\\\/europa-forum.org\\\/#\\\/schema\\\/logo\\\/image\\\/\",\"url\":\"https:\\\/\\\/storage.googleapis.com\\\/media-cloud-test-ef\\\/2024\\\/12\\\/logo-square.png\",\"contentUrl\":\"https:\\\/\\\/storage.googleapis.com\\\/media-cloud-test-ef\\\/2024\\\/12\\\/logo-square.png\",\"width\":240,\"height\":240,\"caption\":\"EUROPA FORUM\"},\"image\":{\"@id\":\"https:\\\/\\\/europa-forum.org\\\/#\\\/schema\\\/logo\\\/image\\\/\"},\"sameAs\":[\"https:\\\/\\\/www.facebook.com\\\/EuropaForum\\\/\",\"https:\\\/\\\/www.linkedin.com\\\/company\\\/europa-forum\"]},{\"@type\":\"Person\",\"@id\":\"https:\\\/\\\/europa-forum.org\\\/#\\\/schema\\\/person\\\/78941253d03fdc931167811f69ae5afc\",\"name\":\"Web EUROPA FORUM\",\"image\":{\"@type\":\"ImageObject\",\"inLanguage\":\"pl-PL\",\"@id\":\"https:\\\/\\\/secure.gravatar.com\\\/avatar\\\/a0d9522a5e276ed089f6a92e55c96a108f9d763254edaa18f45f2cae401cb51d?s=96&d=mm&r=g\",\"url\":\"https:\\\/\\\/secure.gravatar.com\\\/avatar\\\/a0d9522a5e276ed089f6a92e55c96a108f9d763254edaa18f45f2cae401cb51d?s=96&d=mm&r=g\",\"contentUrl\":\"https:\\\/\\\/secure.gravatar.com\\\/avatar\\\/a0d9522a5e276ed089f6a92e55c96a108f9d763254edaa18f45f2cae401cb51d?s=96&d=mm&r=g\",\"caption\":\"Web EUROPA FORUM\"}}]}<\/script>\n<!-- \/ Yoast SEO plugin. -->","yoast_head_json":{"title":"Zaproszenie na EF GOES CONCERT | Chopin Recitals 17.03.2024, godz. 18:30 - EUROPA FORUM","robots":{"index":"index","follow":"follow","max-snippet":"max-snippet:-1","max-image-preview":"max-image-preview:large","max-video-preview":"max-video-preview:-1"},"canonical":"https:\/\/europa-forum.org\/2024\/03\/einladung-zum-ef-goes-concert-chopin-recitals-17-03-2024-1830-uhr\/","og_locale":"pl_PL","og_type":"article","og_title":"Zaproszenie na EF GOES CONCERT | Chopin Recitals 17.03.2024, godz. 18:30 - EUROPA FORUM","og_description":"Drodzy cz\u0142onkowie i przyjaciele EUROPA FORUM, serdecznie zapraszamy Pa\u0144stwa na koncert argenty\u0144skiej gwiazdy \u015bwiatowych estrad Ingrid Fliter w ramach Chopin Recitals w barokowej sali Oratorium Marianum we Wroc\u0142awiu w dniu ... Czytaj wi\u0119cej","og_url":"https:\/\/europa-forum.org\/2024\/03\/einladung-zum-ef-goes-concert-chopin-recitals-17-03-2024-1830-uhr\/","og_site_name":"EUROPA FORUM","article_publisher":"https:\/\/www.facebook.com\/EuropaForum\/","article_published_time":"2024-03-01T12:21:54+00:00","article_modified_time":"2024-12-10T13:44:54+00:00","og_image":[{"width":2400,"height":1256,"url":"https:\/\/storage.googleapis.com\/media-cloud-test-ef\/2024\/03\/Ingrid_Fliter_Fb_.jpg","type":"image\/jpeg"}],"author":"Web EUROPA FORUM","twitter_card":"summary_large_image","twitter_misc":{"Napisane przez":"Web EUROPA FORUM","Szacowany czas czytania":"2 minuty"},"schema":{"@context":"https:\/\/schema.org","@graph":[{"@type":"Article","@id":"https:\/\/europa-forum.org\/2024\/03\/einladung-zum-ef-goes-concert-chopin-recitals-17-03-2024-1830-uhr\/#article","isPartOf":{"@id":"https:\/\/europa-forum.org\/2024\/03\/einladung-zum-ef-goes-concert-chopin-recitals-17-03-2024-1830-uhr\/"},"author":{"name":"Web EUROPA FORUM","@id":"https:\/\/europa-forum.org\/#\/schema\/person\/78941253d03fdc931167811f69ae5afc"},"headline":"Zaproszenie na EF GOES CONCERT | Chopin Recitals 17.03.2024, godz. 18:30","datePublished":"2024-03-01T12:21:54+00:00","dateModified":"2024-12-10T13:44:54+00:00","mainEntityOfPage":{"@id":"https:\/\/europa-forum.org\/2024\/03\/einladung-zum-ef-goes-concert-chopin-recitals-17-03-2024-1830-uhr\/"},"wordCount":363,"publisher":{"@id":"https:\/\/europa-forum.org\/#organization"},"image":{"@id":"https:\/\/europa-forum.org\/2024\/03\/einladung-zum-ef-goes-concert-chopin-recitals-17-03-2024-1830-uhr\/#primaryimage"},"thumbnailUrl":"https:\/\/storage.googleapis.com\/media-cloud-test-ef\/2024\/03\/Ingrid_Fliter_Fb_.jpg","keywords":["2024","Europa Forum Wroc\u0142aw","Gospodarka","Ko\u0142o gospodarcze","Polska","Polsko-Niemiecki","Wroc\u0142aw"],"articleSection":["EF Wydarzenia"],"inLanguage":"pl-PL"},{"@type":"WebPage","@id":"https:\/\/europa-forum.org\/2024\/03\/einladung-zum-ef-goes-concert-chopin-recitals-17-03-2024-1830-uhr\/","url":"https:\/\/europa-forum.org\/2024\/03\/einladung-zum-ef-goes-concert-chopin-recitals-17-03-2024-1830-uhr\/","name":"Zaproszenie na EF GOES CONCERT | Chopin Recitals 17.03.2024, godz. 18:30 - EUROPA FORUM","isPartOf":{"@id":"https:\/\/europa-forum.org\/#website"},"primaryImageOfPage":{"@id":"https:\/\/europa-forum.org\/2024\/03\/einladung-zum-ef-goes-concert-chopin-recitals-17-03-2024-1830-uhr\/#primaryimage"},"image":{"@id":"https:\/\/europa-forum.org\/2024\/03\/einladung-zum-ef-goes-concert-chopin-recitals-17-03-2024-1830-uhr\/#primaryimage"},"thumbnailUrl":"https:\/\/storage.googleapis.com\/media-cloud-test-ef\/2024\/03\/Ingrid_Fliter_Fb_.jpg","datePublished":"2024-03-01T12:21:54+00:00","dateModified":"2024-12-10T13:44:54+00:00","breadcrumb":{"@id":"https:\/\/europa-forum.org\/2024\/03\/einladung-zum-ef-goes-concert-chopin-recitals-17-03-2024-1830-uhr\/#breadcrumb"},"inLanguage":"pl-PL","potentialAction":[{"@type":"ReadAction","target":["https:\/\/europa-forum.org\/2024\/03\/einladung-zum-ef-goes-concert-chopin-recitals-17-03-2024-1830-uhr\/"]}]},{"@type":"ImageObject","inLanguage":"pl-PL","@id":"https:\/\/europa-forum.org\/2024\/03\/einladung-zum-ef-goes-concert-chopin-recitals-17-03-2024-1830-uhr\/#primaryimage","url":"https:\/\/storage.googleapis.com\/media-cloud-test-ef\/2024\/03\/Ingrid_Fliter_Fb_.jpg","contentUrl":"https:\/\/storage.googleapis.com\/media-cloud-test-ef\/2024\/03\/Ingrid_Fliter_Fb_.jpg","width":2400,"height":1256},{"@type":"BreadcrumbList","@id":"https:\/\/europa-forum.org\/2024\/03\/einladung-zum-ef-goes-concert-chopin-recitals-17-03-2024-1830-uhr\/#breadcrumb","itemListElement":[{"@type":"ListItem","position":1,"name":"Home","item":"https:\/\/europa-forum.org\/pl\/"},{"@type":"ListItem","position":2,"name":"Zaproszenie na EF GOES CONCERT | Chopin Recitals 17.03.2024, godz. 18:30"}]},{"@type":"WebSite","@id":"https:\/\/europa-forum.org\/#website","url":"https:\/\/europa-forum.org\/","name":"EUROPA FORUM","description":"Polsko-Niemieckie Ko\u0142o Gospodarcze we Wroc\u0142awiu","publisher":{"@id":"https:\/\/europa-forum.org\/#organization"},"potentialAction":[{"@type":"SearchAction","target":{"@type":"EntryPoint","urlTemplate":"https:\/\/europa-forum.org\/?s={search_term_string}"},"query-input":{"@type":"PropertyValueSpecification","valueRequired":true,"valueName":"search_term_string"}}],"inLanguage":"pl-PL"},{"@type":"Organization","@id":"https:\/\/europa-forum.org\/#organization","name":"EUROPA FORUM","url":"https:\/\/europa-forum.org\/","logo":{"@type":"ImageObject","inLanguage":"pl-PL","@id":"https:\/\/europa-forum.org\/#\/schema\/logo\/image\/","url":"https:\/\/storage.googleapis.com\/media-cloud-test-ef\/2024\/12\/logo-square.png","contentUrl":"https:\/\/storage.googleapis.com\/media-cloud-test-ef\/2024\/12\/logo-square.png","width":240,"height":240,"caption":"EUROPA FORUM"},"image":{"@id":"https:\/\/europa-forum.org\/#\/schema\/logo\/image\/"},"sameAs":["https:\/\/www.facebook.com\/EuropaForum\/","https:\/\/www.linkedin.com\/company\/europa-forum"]},{"@type":"Person","@id":"https:\/\/europa-forum.org\/#\/schema\/person\/78941253d03fdc931167811f69ae5afc","name":"Web EUROPA FORUM","image":{"@type":"ImageObject","inLanguage":"pl-PL","@id":"https:\/\/secure.gravatar.com\/avatar\/a0d9522a5e276ed089f6a92e55c96a108f9d763254edaa18f45f2cae401cb51d?s=96&d=mm&r=g","url":"https:\/\/secure.gravatar.com\/avatar\/a0d9522a5e276ed089f6a92e55c96a108f9d763254edaa18f45f2cae401cb51d?s=96&d=mm&r=g","contentUrl":"https:\/\/secure.gravatar.com\/avatar\/a0d9522a5e276ed089f6a92e55c96a108f9d763254edaa18f45f2cae401cb51d?s=96&d=mm&r=g","caption":"Web EUROPA FORUM"}}]}},"_links":{"self":[{"href":"https:\/\/europa-forum.org\/pl\/wp-json\/wp\/v2\/posts\/29360","targetHints":{"allow":["GET"]}}],"collection":[{"href":"https:\/\/europa-forum.org\/pl\/wp-json\/wp\/v2\/posts"}],"about":[{"href":"https:\/\/europa-forum.org\/pl\/wp-json\/wp\/v2\/types\/post"}],"author":[{"embeddable":true,"href":"https:\/\/europa-forum.org\/pl\/wp-json\/wp\/v2\/users\/34"}],"replies":[{"embeddable":true,"href":"https:\/\/europa-forum.org\/pl\/wp-json\/wp\/v2\/comments?post=29360"}],"version-history":[{"count":5,"href":"https:\/\/europa-forum.org\/pl\/wp-json\/wp\/v2\/posts\/29360\/revisions"}],"predecessor-version":[{"id":29375,"href":"https:\/\/europa-forum.org\/pl\/wp-json\/wp\/v2\/posts\/29360\/revisions\/29375"}],"wp:featuredmedia":[{"embeddable":true,"href":"https:\/\/europa-forum.org\/pl\/wp-json\/wp\/v2\/media\/29361"}],"wp:attachment":[{"href":"https:\/\/europa-forum.org\/pl\/wp-json\/wp\/v2\/media?parent=29360"}],"wp:term":[{"taxonomy":"category","embeddable":true,"href":"https:\/\/europa-forum.org\/pl\/wp-json\/wp\/v2\/categories?post=29360"},{"taxonomy":"post_tag","embeddable":true,"href":"https:\/\/europa-forum.org\/pl\/wp-json\/wp\/v2\/tags?post=29360"}],"curies":[{"name":"wp","href":"https:\/\/api.w.org\/{rel}","templated":true}]}}