{"id":28029,"date":"2023-07-31T11:47:33","date_gmt":"2023-07-31T11:47:33","guid":{"rendered":"https:\/\/europa-forum.org\/?p=28029"},"modified":"2023-07-31T15:14:07","modified_gmt":"2023-07-31T15:14:07","slug":"zaproszenie-na-letnie-koncerty-krzyzowa-music-2023","status":"publish","type":"post","link":"https:\/\/europa-forum.org\/pl\/2023\/07\/zaproszenie-na-letnie-koncerty-krzyzowa-music-2023\/","title":{"rendered":"Zaproszenie na Letnie Koncerty Krzy\u017cowa-Music 2023"},"content":{"rendered":"<p>Drodzy Mi\u0142o\u015bnicy Muzyki,<\/p>\n<p><strong>EUROPA FORUM<\/strong> serdecznie zaprasza Pa\u0144stwa we wsp\u00f3\u0142pracy z naszym cz\u0142onkiem i partnerem, Festiwalem Muzyki Kameralnej <strong>Krzy\u017cowa-Music<\/strong>, na Letnie Koncerty 2023.<br \/>\n<!--more--><\/p>\n<p>W dniach od 20 sierpnia do 3 wrze\u015bnia 2023 roku, ponownie spotkaj\u0105 si\u0119 \u015bwiatowej s\u0142awy muzycy oraz obiecuj\u0105cy, m\u0142odzi arty\u015bci z europejskiej sceny muzycznej w Krzy\u017cowej. W ramach dziewi\u0105tej edycji mi\u0119dzynarodowego Festiwalu Muzyki Kameralnej Krzy\u017cowa-Music, arty\u015bci z prawie 30 r\u00f3\u017cnych kraj\u00f3w b\u0119d\u0105 wsp\u00f3lnie pracowa\u0107 podczas warsztat\u00f3w nad wykonaniem utwor\u00f3w z epoki baroku, muzyki klasycznej, romantyzmu oraz wsp\u00f3\u0142czesno\u015bci, kt\u00f3re zostan\u0105 zaprezentowane podczas koncert\u00f3w w Krzy\u017cowej, Wroc\u0142awiu, \u015awidnicy, Jaworze i Szczawnie-Zdroju.<\/p>\n<p><strong>Koncert fina\u0142owy w dniu 03.09.2023<\/strong>: EUROPA FORUM zarezerwowa\u0142o dla Pa\u0144stwa kontyngent miejsc na koncert fina\u0142owy wraz z ma\u0142ym pocz\u0119stunkiem po koncercie w mi\u0142ym gronie (r\u00f3wnie\u017c wyst\u0119puj\u0105cych artyst\u00f3w) w Krzy\u017cowej w dniu 03.09.2023 r. o godz. 18.00<\/p>\n<p><strong>Rejestracja i Wst\u0119p<\/strong>: Udzia\u0142 w tym koncercie jest mo\u017cliwy tylko po wcze\u015bniejszej rejestracji drog\u0105 mailow\u0105 na adres: <a href=\"mailto:info@ef.com.pl\" rel=\"noopener\" target=\"_blank\">info@ef.com.pl<\/a>. Liczba miejsc jest ograniczona, dlatego zalecamy jak najszybsze zg\u0142oszenie swojego uczestnictwa. O kolejno\u015bci zg\u0142osze\u0144 decyduje kolejno\u015b\u0107 przyjmowania zg\u0142osze\u0144. Dojazd na koncert we w\u0142asnym zakresie.<\/p>\n<p><strong>Na programie koncertu<\/strong>* znajduj\u0105 si\u0119 mi\u0119dzy innymi:<\/p>\n<ul>\n<li><em>Gra\u017cyna Bacewicz (1909-1969), Koncert na orkiestr\u0119 smyczkow\u0105 (1948)<\/em><\/li>\n<li><em>Helena Winkelman (*1974), Keeping Watch &#8211; Fantazja na ob\u00f3j d&#8217;amore, viol\u0119 d&#8217;amore i smyczki (2015)<\/em><\/li>\n<li><em>Johann Sebastian Bach (1685-1750), Koncert brandenburski nr 3, G-dur BWV 1048 (1721)<\/em><\/li>\n<li><em>oraz dodatkowe jeszcze nieustalone dzie\u0142a, kt\u00f3re wy\u0142oni\u0105 si\u0119 podczas warsztat\u00f3w.<\/em><\/li>\n<\/ul>\n<p><em>* Organizator zastrzega sobie prawo do zmiany repertuaru.<\/em><\/p>\n<p><strong>Wst\u0119p wolny &#8211; darowizny mile widziane:<\/strong><\/p>\n<p>Wst\u0119p na koncert jest bezp\u0142atny. Zamiast tego organizatorzy b\u0119d\u0105 wdzi\u0119czni za datki w formie got\u00f3wki przy wyj\u015bciu z koncertu lub przelane na konto: Fundacja Krzy\u017cowa, PL27 1090 2369 0000 0001 1624 4433.<\/p>\n<p><strong>Harmonogram koncert\u00f3w<\/strong>: Poni\u017cej przedstawiamy harmonogram wszystkich koncert\u00f3w w ramach Festiwalu Muzyki Kameralnej Krzy\u017cowa-Music, na kt\u00f3re r\u00f3wnie\u017c serdecznie zapraszamy:<\/p>\n<table>\n<tr>\n<td><strong>Czwartek, 24 sierpnia<\/strong><\/td>\n<td>18:00 Koncert inauguracyjny w Krzy\u017cowej<\/td>\n<\/tr>\n<tr>\n<td><strong>Pi\u0105tek, 25 sierpnia<\/strong><\/td>\n<td>19:00 Wieczorny koncert w Ko\u015bciele Pokoju w \u015awidnicy<\/td>\n<\/tr>\n<tr>\n<td rowspan=\"2\"><strong>Sobota, 26 sierpnia<\/strong><\/td>\n<td>18:00 Wieczorny koncert w Krzy\u017cowej<\/td>\n<\/tr>\n<tr>\n<td>21:00 Koncert nocny w Krzy\u017cowej<\/td>\n<\/tr>\n<tr>\n<td><strong>Niedziela, 27 sierpnia<\/strong><\/td>\n<td>19:00 Wieczorny koncert w Narodowym Forum Muzyki (NFM) we\u00a0 Wroc\u0142awiu<\/td>\n<\/tr>\n<tr>\n<td><strong>Czwartek, 31 sierpnia<\/strong><\/td>\n<td>19:00 Wieczorny koncert w Teatrze Zdrojowym w Szczawnie-Zdroju<\/td>\n<\/tr>\n<tr>\n<td><strong>Pi\u0105tek, 1 wrze\u015bnia<\/strong><\/td>\n<td>19:00 Wieczorny koncert w Ko\u015bciele Pokoju w Jaworze<\/td>\n<\/tr>\n<tr>\n<td rowspan=\"2\"><strong>Sobota, 2 wrze\u015bnia<\/strong><\/td>\n<td>18:00 Wieczorny koncert w Krzy\u017cowej<\/td>\n<\/tr>\n<tr>\n<td>21:00 Koncert nocny w Krzy\u017cowej<\/td>\n<\/tr>\n<tr>\n<td><strong>Niedziela, 3 wrze\u015bnia<\/strong><\/td>\n<td>18:00 Fina\u0142owy koncert w Krzy\u017cowej<\/td>\n<\/tr>\n<\/table>\n<p><strong>Rezerwacja bilet\u00f3w na koncert Krzy\u017cowa-Music we Wroc\u0142awiu (NFM):<\/strong><\/p>\n<p>W szczeg\u00f3lno\u015bci chcieliby\u015bmy zwr\u00f3ci\u0107 Pa\u0144stwa uwag\u0119 r\u00f3wnie\u017c na koncert Krzy\u017cowa-Music we Wroc\u0142awiu w Narodowym Forum Muzyki dnia <strong>27 sierpnia o godz. 19:00<\/strong>. W celu rezerwacji bilet\u00f3w prosimy o wys\u0142anie wiadomo\u015bci na adres \u00a0<a href=\"mailto:rezerwacje@nfm.wroclaw.pl\" rel=\"noopener\" target=\"_blank\">rezerwacje@nfm.wroclaw.pl<\/a>\u00a0z has\u0142em Krzy\u017cowa-Music oraz poda\u0107 ilo\u015b\u0107 i rodzaj bilet\u00f3w. Szczeg\u00f3\u0142y koncertu: <a href=\"https:\/\/www.nfm.wroclaw.pl\/component\/nfmcalendar\/event\/10439\" rel=\"noopener\" target=\"_blank\">Narodowe Forum Muzyki (nfm.wroclaw.pl)<\/a><\/p>\n<p><strong>Bilety i informacje<\/strong>: <em>Bilety oraz dalsze informacje na temat artyst\u00f3w i repertuaru mo\u017cna znale\u017a\u0107 na stronie: <a href=\"http:\/\/www.krzyzowa-music.eu\" rel=\"noopener\" target=\"_blank\">www.krzyzowa-music.eu<\/a>.<\/em><\/p>\n<p>Serdecznie zapraszamy<br \/>\nZesp\u00f3\u0142 EUROPA FORUM<\/p>\n<p><img loading=\"lazy\" decoding=\"async\" src=\"https:\/\/storage.googleapis.com\/media-cloud-test-ef\/2023\/07\/KM-Logo-2023-with-Claim-4c-leftaligned-5-scaled.jpg\" alt=\"\" width=\"2560\" height=\"690\" class=\"aligncenter size-full wp-image-28061\" srcset=\"https:\/\/storage.googleapis.com\/media-cloud-test-ef\/2023\/07\/KM-Logo-2023-with-Claim-4c-leftaligned-5-560x151.jpg 560w, https:\/\/storage.googleapis.com\/media-cloud-test-ef\/2023\/07\/KM-Logo-2023-with-Claim-4c-leftaligned-5-1024x276.jpg 1024w, https:\/\/storage.googleapis.com\/media-cloud-test-ef\/2023\/07\/KM-Logo-2023-with-Claim-4c-leftaligned-5-768x207.jpg 768w, https:\/\/storage.googleapis.com\/media-cloud-test-ef\/2023\/07\/KM-Logo-2023-with-Claim-4c-leftaligned-5-1536x414.jpg 1536w, https:\/\/storage.googleapis.com\/media-cloud-test-ef\/2023\/07\/KM-Logo-2023-with-Claim-4c-leftaligned-5-2048x552.jpg 2048w, https:\/\/storage.googleapis.com\/media-cloud-test-ef\/2023\/07\/KM-Logo-2023-with-Claim-4c-leftaligned-5-scaled.jpg 2560w\" sizes=\"auto, (max-width: 2560px) 100vw, 2560px\" \/><\/p>\n","protected":false},"excerpt":{"rendered":"<p>Drodzy Mi\u0142o\u015bnicy Muzyki, EUROPA FORUM serdecznie zaprasza Pa\u0144stwa we wsp\u00f3\u0142pracy z naszym cz\u0142onkiem i partnerem, Festiwalem Muzyki Kameralnej Krzy\u017cowa-Music, na Letnie Koncerty 2023.<\/p>\n","protected":false},"author":34,"featured_media":28030,"comment_status":"closed","ping_status":"open","sticky":false,"template":"","format":"standard","meta":{"ngg_post_thumbnail":0,"footnotes":""},"categories":[36],"tags":[231,53,148,182,181,180,69],"class_list":["post-28029","post","type-post","status-publish","format-standard","has-post-thumbnail","hentry","category-aktualnosci-stowarzyszenia","tag-231","tag-europa-forum-wroclaw","tag-gospodarka","tag-kolo-gospodarcze-pl","tag-polska-pl","tag-polsko-niemiecki-pl","tag-wroclaw"],"yoast_head":"<!-- This site is optimized with the Yoast SEO plugin v27.3 - https:\/\/yoast.com\/product\/yoast-seo-wordpress\/ -->\n<title>Zaproszenie na Letnie Koncerty Krzy\u017cowa-Music 2023 - EUROPA FORUM<\/title>\n<meta name=\"robots\" content=\"index, follow, max-snippet:-1, max-image-preview:large, max-video-preview:-1\" \/>\n<link rel=\"canonical\" href=\"https:\/\/europa-forum.org\/2023\/07\/einladung-zu-den-sommerkonzerten-von-krzyzowa-music-2023\/\" \/>\n<meta property=\"og:locale\" content=\"pl_PL\" \/>\n<meta property=\"og:type\" content=\"article\" \/>\n<meta property=\"og:title\" content=\"Zaproszenie na Letnie Koncerty Krzy\u017cowa-Music 2023 - EUROPA FORUM\" \/>\n<meta property=\"og:description\" content=\"Drodzy Mi\u0142o\u015bnicy Muzyki, EUROPA FORUM serdecznie zaprasza Pa\u0144stwa we wsp\u00f3\u0142pracy z naszym cz\u0142onkiem i partnerem, Festiwalem Muzyki Kameralnej Krzy\u017cowa-Music, na Letnie Koncerty 2023.\" \/>\n<meta property=\"og:url\" content=\"https:\/\/europa-forum.org\/2023\/07\/einladung-zu-den-sommerkonzerten-von-krzyzowa-music-2023\/\" \/>\n<meta property=\"og:site_name\" content=\"EUROPA FORUM\" \/>\n<meta property=\"article:publisher\" content=\"https:\/\/www.facebook.com\/EuropaForum\/\" \/>\n<meta property=\"article:published_time\" content=\"2023-07-31T11:47:33+00:00\" \/>\n<meta property=\"article:modified_time\" content=\"2023-07-31T15:14:07+00:00\" \/>\n<meta property=\"og:image\" content=\"https:\/\/storage.googleapis.com\/media-cloud-test-ef\/2023\/07\/EUROPA-FORUM_KRZYZOWA-MUSIC\u00a9Geert-Maciejewski2.jpg\" \/>\n\t<meta property=\"og:image:width\" content=\"2100\" \/>\n\t<meta property=\"og:image:height\" content=\"1404\" \/>\n\t<meta property=\"og:image:type\" content=\"image\/jpeg\" \/>\n<meta name=\"author\" content=\"Web EUROPA FORUM\" \/>\n<meta name=\"twitter:card\" content=\"summary_large_image\" \/>\n<meta name=\"twitter:label1\" content=\"Napisane przez\" \/>\n\t<meta name=\"twitter:data1\" content=\"Web EUROPA FORUM\" \/>\n\t<meta name=\"twitter:label2\" content=\"Szacowany czas czytania\" \/>\n\t<meta name=\"twitter:data2\" content=\"3 minuty\" \/>\n<script type=\"application\/ld+json\" class=\"yoast-schema-graph\">{\"@context\":\"https:\\\/\\\/schema.org\",\"@graph\":[{\"@type\":\"Article\",\"@id\":\"https:\\\/\\\/europa-forum.org\\\/2023\\\/07\\\/einladung-zu-den-sommerkonzerten-von-krzyzowa-music-2023\\\/#article\",\"isPartOf\":{\"@id\":\"https:\\\/\\\/europa-forum.org\\\/2023\\\/07\\\/einladung-zu-den-sommerkonzerten-von-krzyzowa-music-2023\\\/\"},\"author\":{\"name\":\"Web EUROPA FORUM\",\"@id\":\"https:\\\/\\\/europa-forum.org\\\/#\\\/schema\\\/person\\\/78941253d03fdc931167811f69ae5afc\"},\"headline\":\"Zaproszenie na Letnie Koncerty Krzy\u017cowa-Music 2023\",\"datePublished\":\"2023-07-31T11:47:33+00:00\",\"dateModified\":\"2023-07-31T15:14:07+00:00\",\"mainEntityOfPage\":{\"@id\":\"https:\\\/\\\/europa-forum.org\\\/2023\\\/07\\\/einladung-zu-den-sommerkonzerten-von-krzyzowa-music-2023\\\/\"},\"wordCount\":533,\"publisher\":{\"@id\":\"https:\\\/\\\/europa-forum.org\\\/#organization\"},\"image\":{\"@id\":\"https:\\\/\\\/europa-forum.org\\\/2023\\\/07\\\/einladung-zu-den-sommerkonzerten-von-krzyzowa-music-2023\\\/#primaryimage\"},\"thumbnailUrl\":\"https:\\\/\\\/storage.googleapis.com\\\/media-cloud-test-ef\\\/2023\\\/07\\\/EUROPA-FORUM_KRZYZOWA-MUSIC\u00a9Geert-Maciejewski2.jpg\",\"keywords\":[\"2023\",\"Europa Forum Wroc\u0142aw\",\"Gospodarka\",\"Ko\u0142o gospodarcze\",\"Polska\",\"Polsko-Niemiecki\",\"Wroc\u0142aw\"],\"articleSection\":[\"AKTUALNO\u015aCI STOWARZYSZENIA\"],\"inLanguage\":\"pl-PL\"},{\"@type\":\"WebPage\",\"@id\":\"https:\\\/\\\/europa-forum.org\\\/2023\\\/07\\\/einladung-zu-den-sommerkonzerten-von-krzyzowa-music-2023\\\/\",\"url\":\"https:\\\/\\\/europa-forum.org\\\/2023\\\/07\\\/einladung-zu-den-sommerkonzerten-von-krzyzowa-music-2023\\\/\",\"name\":\"Zaproszenie na Letnie Koncerty Krzy\u017cowa-Music 2023 - EUROPA FORUM\",\"isPartOf\":{\"@id\":\"https:\\\/\\\/europa-forum.org\\\/#website\"},\"primaryImageOfPage\":{\"@id\":\"https:\\\/\\\/europa-forum.org\\\/2023\\\/07\\\/einladung-zu-den-sommerkonzerten-von-krzyzowa-music-2023\\\/#primaryimage\"},\"image\":{\"@id\":\"https:\\\/\\\/europa-forum.org\\\/2023\\\/07\\\/einladung-zu-den-sommerkonzerten-von-krzyzowa-music-2023\\\/#primaryimage\"},\"thumbnailUrl\":\"https:\\\/\\\/storage.googleapis.com\\\/media-cloud-test-ef\\\/2023\\\/07\\\/EUROPA-FORUM_KRZYZOWA-MUSIC\u00a9Geert-Maciejewski2.jpg\",\"datePublished\":\"2023-07-31T11:47:33+00:00\",\"dateModified\":\"2023-07-31T15:14:07+00:00\",\"breadcrumb\":{\"@id\":\"https:\\\/\\\/europa-forum.org\\\/2023\\\/07\\\/einladung-zu-den-sommerkonzerten-von-krzyzowa-music-2023\\\/#breadcrumb\"},\"inLanguage\":\"pl-PL\",\"potentialAction\":[{\"@type\":\"ReadAction\",\"target\":[\"https:\\\/\\\/europa-forum.org\\\/2023\\\/07\\\/einladung-zu-den-sommerkonzerten-von-krzyzowa-music-2023\\\/\"]}]},{\"@type\":\"ImageObject\",\"inLanguage\":\"pl-PL\",\"@id\":\"https:\\\/\\\/europa-forum.org\\\/2023\\\/07\\\/einladung-zu-den-sommerkonzerten-von-krzyzowa-music-2023\\\/#primaryimage\",\"url\":\"https:\\\/\\\/storage.googleapis.com\\\/media-cloud-test-ef\\\/2023\\\/07\\\/EUROPA-FORUM_KRZYZOWA-MUSIC\u00a9Geert-Maciejewski2.jpg\",\"contentUrl\":\"https:\\\/\\\/storage.googleapis.com\\\/media-cloud-test-ef\\\/2023\\\/07\\\/EUROPA-FORUM_KRZYZOWA-MUSIC\u00a9Geert-Maciejewski2.jpg\",\"width\":2100,\"height\":1404},{\"@type\":\"BreadcrumbList\",\"@id\":\"https:\\\/\\\/europa-forum.org\\\/2023\\\/07\\\/einladung-zu-den-sommerkonzerten-von-krzyzowa-music-2023\\\/#breadcrumb\",\"itemListElement\":[{\"@type\":\"ListItem\",\"position\":1,\"name\":\"Home\",\"item\":\"https:\\\/\\\/europa-forum.org\\\/pl\\\/\"},{\"@type\":\"ListItem\",\"position\":2,\"name\":\"Zaproszenie na Letnie Koncerty Krzy\u017cowa-Music 2023\"}]},{\"@type\":\"WebSite\",\"@id\":\"https:\\\/\\\/europa-forum.org\\\/#website\",\"url\":\"https:\\\/\\\/europa-forum.org\\\/\",\"name\":\"EUROPA FORUM\",\"description\":\"Polsko-Niemieckie Ko\u0142o Gospodarcze we Wroc\u0142awiu\",\"publisher\":{\"@id\":\"https:\\\/\\\/europa-forum.org\\\/#organization\"},\"potentialAction\":[{\"@type\":\"SearchAction\",\"target\":{\"@type\":\"EntryPoint\",\"urlTemplate\":\"https:\\\/\\\/europa-forum.org\\\/?s={search_term_string}\"},\"query-input\":{\"@type\":\"PropertyValueSpecification\",\"valueRequired\":true,\"valueName\":\"search_term_string\"}}],\"inLanguage\":\"pl-PL\"},{\"@type\":\"Organization\",\"@id\":\"https:\\\/\\\/europa-forum.org\\\/#organization\",\"name\":\"EUROPA FORUM\",\"url\":\"https:\\\/\\\/europa-forum.org\\\/\",\"logo\":{\"@type\":\"ImageObject\",\"inLanguage\":\"pl-PL\",\"@id\":\"https:\\\/\\\/europa-forum.org\\\/#\\\/schema\\\/logo\\\/image\\\/\",\"url\":\"https:\\\/\\\/storage.googleapis.com\\\/media-cloud-test-ef\\\/2024\\\/12\\\/logo-square.png\",\"contentUrl\":\"https:\\\/\\\/storage.googleapis.com\\\/media-cloud-test-ef\\\/2024\\\/12\\\/logo-square.png\",\"width\":240,\"height\":240,\"caption\":\"EUROPA FORUM\"},\"image\":{\"@id\":\"https:\\\/\\\/europa-forum.org\\\/#\\\/schema\\\/logo\\\/image\\\/\"},\"sameAs\":[\"https:\\\/\\\/www.facebook.com\\\/EuropaForum\\\/\",\"https:\\\/\\\/www.linkedin.com\\\/company\\\/europa-forum\"]},{\"@type\":\"Person\",\"@id\":\"https:\\\/\\\/europa-forum.org\\\/#\\\/schema\\\/person\\\/78941253d03fdc931167811f69ae5afc\",\"name\":\"Web EUROPA FORUM\",\"image\":{\"@type\":\"ImageObject\",\"inLanguage\":\"pl-PL\",\"@id\":\"https:\\\/\\\/secure.gravatar.com\\\/avatar\\\/a0d9522a5e276ed089f6a92e55c96a108f9d763254edaa18f45f2cae401cb51d?s=96&d=mm&r=g\",\"url\":\"https:\\\/\\\/secure.gravatar.com\\\/avatar\\\/a0d9522a5e276ed089f6a92e55c96a108f9d763254edaa18f45f2cae401cb51d?s=96&d=mm&r=g\",\"contentUrl\":\"https:\\\/\\\/secure.gravatar.com\\\/avatar\\\/a0d9522a5e276ed089f6a92e55c96a108f9d763254edaa18f45f2cae401cb51d?s=96&d=mm&r=g\",\"caption\":\"Web EUROPA FORUM\"}}]}<\/script>\n<!-- \/ Yoast SEO plugin. -->","yoast_head_json":{"title":"Zaproszenie na Letnie Koncerty Krzy\u017cowa-Music 2023 - EUROPA FORUM","robots":{"index":"index","follow":"follow","max-snippet":"max-snippet:-1","max-image-preview":"max-image-preview:large","max-video-preview":"max-video-preview:-1"},"canonical":"https:\/\/europa-forum.org\/2023\/07\/einladung-zu-den-sommerkonzerten-von-krzyzowa-music-2023\/","og_locale":"pl_PL","og_type":"article","og_title":"Zaproszenie na Letnie Koncerty Krzy\u017cowa-Music 2023 - EUROPA FORUM","og_description":"Drodzy Mi\u0142o\u015bnicy Muzyki, EUROPA FORUM serdecznie zaprasza Pa\u0144stwa we wsp\u00f3\u0142pracy z naszym cz\u0142onkiem i partnerem, Festiwalem Muzyki Kameralnej Krzy\u017cowa-Music, na Letnie Koncerty 2023.","og_url":"https:\/\/europa-forum.org\/2023\/07\/einladung-zu-den-sommerkonzerten-von-krzyzowa-music-2023\/","og_site_name":"EUROPA FORUM","article_publisher":"https:\/\/www.facebook.com\/EuropaForum\/","article_published_time":"2023-07-31T11:47:33+00:00","article_modified_time":"2023-07-31T15:14:07+00:00","og_image":[{"width":2100,"height":1404,"url":"https:\/\/storage.googleapis.com\/media-cloud-test-ef\/2023\/07\/EUROPA-FORUM_KRZYZOWA-MUSIC\u00a9Geert-Maciejewski2.jpg","type":"image\/jpeg"}],"author":"Web EUROPA FORUM","twitter_card":"summary_large_image","twitter_misc":{"Napisane przez":"Web EUROPA FORUM","Szacowany czas czytania":"3 minuty"},"schema":{"@context":"https:\/\/schema.org","@graph":[{"@type":"Article","@id":"https:\/\/europa-forum.org\/2023\/07\/einladung-zu-den-sommerkonzerten-von-krzyzowa-music-2023\/#article","isPartOf":{"@id":"https:\/\/europa-forum.org\/2023\/07\/einladung-zu-den-sommerkonzerten-von-krzyzowa-music-2023\/"},"author":{"name":"Web EUROPA FORUM","@id":"https:\/\/europa-forum.org\/#\/schema\/person\/78941253d03fdc931167811f69ae5afc"},"headline":"Zaproszenie na Letnie Koncerty Krzy\u017cowa-Music 2023","datePublished":"2023-07-31T11:47:33+00:00","dateModified":"2023-07-31T15:14:07+00:00","mainEntityOfPage":{"@id":"https:\/\/europa-forum.org\/2023\/07\/einladung-zu-den-sommerkonzerten-von-krzyzowa-music-2023\/"},"wordCount":533,"publisher":{"@id":"https:\/\/europa-forum.org\/#organization"},"image":{"@id":"https:\/\/europa-forum.org\/2023\/07\/einladung-zu-den-sommerkonzerten-von-krzyzowa-music-2023\/#primaryimage"},"thumbnailUrl":"https:\/\/storage.googleapis.com\/media-cloud-test-ef\/2023\/07\/EUROPA-FORUM_KRZYZOWA-MUSIC\u00a9Geert-Maciejewski2.jpg","keywords":["2023","Europa Forum Wroc\u0142aw","Gospodarka","Ko\u0142o gospodarcze","Polska","Polsko-Niemiecki","Wroc\u0142aw"],"articleSection":["AKTUALNO\u015aCI STOWARZYSZENIA"],"inLanguage":"pl-PL"},{"@type":"WebPage","@id":"https:\/\/europa-forum.org\/2023\/07\/einladung-zu-den-sommerkonzerten-von-krzyzowa-music-2023\/","url":"https:\/\/europa-forum.org\/2023\/07\/einladung-zu-den-sommerkonzerten-von-krzyzowa-music-2023\/","name":"Zaproszenie na Letnie Koncerty Krzy\u017cowa-Music 2023 - EUROPA FORUM","isPartOf":{"@id":"https:\/\/europa-forum.org\/#website"},"primaryImageOfPage":{"@id":"https:\/\/europa-forum.org\/2023\/07\/einladung-zu-den-sommerkonzerten-von-krzyzowa-music-2023\/#primaryimage"},"image":{"@id":"https:\/\/europa-forum.org\/2023\/07\/einladung-zu-den-sommerkonzerten-von-krzyzowa-music-2023\/#primaryimage"},"thumbnailUrl":"https:\/\/storage.googleapis.com\/media-cloud-test-ef\/2023\/07\/EUROPA-FORUM_KRZYZOWA-MUSIC\u00a9Geert-Maciejewski2.jpg","datePublished":"2023-07-31T11:47:33+00:00","dateModified":"2023-07-31T15:14:07+00:00","breadcrumb":{"@id":"https:\/\/europa-forum.org\/2023\/07\/einladung-zu-den-sommerkonzerten-von-krzyzowa-music-2023\/#breadcrumb"},"inLanguage":"pl-PL","potentialAction":[{"@type":"ReadAction","target":["https:\/\/europa-forum.org\/2023\/07\/einladung-zu-den-sommerkonzerten-von-krzyzowa-music-2023\/"]}]},{"@type":"ImageObject","inLanguage":"pl-PL","@id":"https:\/\/europa-forum.org\/2023\/07\/einladung-zu-den-sommerkonzerten-von-krzyzowa-music-2023\/#primaryimage","url":"https:\/\/storage.googleapis.com\/media-cloud-test-ef\/2023\/07\/EUROPA-FORUM_KRZYZOWA-MUSIC\u00a9Geert-Maciejewski2.jpg","contentUrl":"https:\/\/storage.googleapis.com\/media-cloud-test-ef\/2023\/07\/EUROPA-FORUM_KRZYZOWA-MUSIC\u00a9Geert-Maciejewski2.jpg","width":2100,"height":1404},{"@type":"BreadcrumbList","@id":"https:\/\/europa-forum.org\/2023\/07\/einladung-zu-den-sommerkonzerten-von-krzyzowa-music-2023\/#breadcrumb","itemListElement":[{"@type":"ListItem","position":1,"name":"Home","item":"https:\/\/europa-forum.org\/pl\/"},{"@type":"ListItem","position":2,"name":"Zaproszenie na Letnie Koncerty Krzy\u017cowa-Music 2023"}]},{"@type":"WebSite","@id":"https:\/\/europa-forum.org\/#website","url":"https:\/\/europa-forum.org\/","name":"EUROPA FORUM","description":"Polsko-Niemieckie Ko\u0142o Gospodarcze we Wroc\u0142awiu","publisher":{"@id":"https:\/\/europa-forum.org\/#organization"},"potentialAction":[{"@type":"SearchAction","target":{"@type":"EntryPoint","urlTemplate":"https:\/\/europa-forum.org\/?s={search_term_string}"},"query-input":{"@type":"PropertyValueSpecification","valueRequired":true,"valueName":"search_term_string"}}],"inLanguage":"pl-PL"},{"@type":"Organization","@id":"https:\/\/europa-forum.org\/#organization","name":"EUROPA FORUM","url":"https:\/\/europa-forum.org\/","logo":{"@type":"ImageObject","inLanguage":"pl-PL","@id":"https:\/\/europa-forum.org\/#\/schema\/logo\/image\/","url":"https:\/\/storage.googleapis.com\/media-cloud-test-ef\/2024\/12\/logo-square.png","contentUrl":"https:\/\/storage.googleapis.com\/media-cloud-test-ef\/2024\/12\/logo-square.png","width":240,"height":240,"caption":"EUROPA FORUM"},"image":{"@id":"https:\/\/europa-forum.org\/#\/schema\/logo\/image\/"},"sameAs":["https:\/\/www.facebook.com\/EuropaForum\/","https:\/\/www.linkedin.com\/company\/europa-forum"]},{"@type":"Person","@id":"https:\/\/europa-forum.org\/#\/schema\/person\/78941253d03fdc931167811f69ae5afc","name":"Web EUROPA FORUM","image":{"@type":"ImageObject","inLanguage":"pl-PL","@id":"https:\/\/secure.gravatar.com\/avatar\/a0d9522a5e276ed089f6a92e55c96a108f9d763254edaa18f45f2cae401cb51d?s=96&d=mm&r=g","url":"https:\/\/secure.gravatar.com\/avatar\/a0d9522a5e276ed089f6a92e55c96a108f9d763254edaa18f45f2cae401cb51d?s=96&d=mm&r=g","contentUrl":"https:\/\/secure.gravatar.com\/avatar\/a0d9522a5e276ed089f6a92e55c96a108f9d763254edaa18f45f2cae401cb51d?s=96&d=mm&r=g","caption":"Web EUROPA FORUM"}}]}},"_links":{"self":[{"href":"https:\/\/europa-forum.org\/pl\/wp-json\/wp\/v2\/posts\/28029","targetHints":{"allow":["GET"]}}],"collection":[{"href":"https:\/\/europa-forum.org\/pl\/wp-json\/wp\/v2\/posts"}],"about":[{"href":"https:\/\/europa-forum.org\/pl\/wp-json\/wp\/v2\/types\/post"}],"author":[{"embeddable":true,"href":"https:\/\/europa-forum.org\/pl\/wp-json\/wp\/v2\/users\/34"}],"replies":[{"embeddable":true,"href":"https:\/\/europa-forum.org\/pl\/wp-json\/wp\/v2\/comments?post=28029"}],"version-history":[{"count":8,"href":"https:\/\/europa-forum.org\/pl\/wp-json\/wp\/v2\/posts\/28029\/revisions"}],"predecessor-version":[{"id":28064,"href":"https:\/\/europa-forum.org\/pl\/wp-json\/wp\/v2\/posts\/28029\/revisions\/28064"}],"wp:featuredmedia":[{"embeddable":true,"href":"https:\/\/europa-forum.org\/pl\/wp-json\/wp\/v2\/media\/28030"}],"wp:attachment":[{"href":"https:\/\/europa-forum.org\/pl\/wp-json\/wp\/v2\/media?parent=28029"}],"wp:term":[{"taxonomy":"category","embeddable":true,"href":"https:\/\/europa-forum.org\/pl\/wp-json\/wp\/v2\/categories?post=28029"},{"taxonomy":"post_tag","embeddable":true,"href":"https:\/\/europa-forum.org\/pl\/wp-json\/wp\/v2\/tags?post=28029"}],"curies":[{"name":"wp","href":"https:\/\/api.w.org\/{rel}","templated":true}]}}