{"id":27644,"date":"2023-03-20T10:51:23","date_gmt":"2023-03-20T09:51:23","guid":{"rendered":"https:\/\/europa-forum.org\/?p=27644"},"modified":"2023-03-20T13:24:28","modified_gmt":"2023-03-20T12:24:28","slug":"save-the-date-festiwal-wina-12-maj-2023-r","status":"publish","type":"post","link":"https:\/\/europa-forum.org\/pl\/2023\/03\/save-the-date-festiwal-wina-12-maj-2023-r\/","title":{"rendered":"SAVE THE DATE: Festiwal wina &#8211; 12 maj 2023 r."},"content":{"rendered":"<p>Szanowni cz\u0142onkowie oraz go\u015bcie Europa Forum.<\/p>\n<p>Z ogromn\u0105 przyjemno\u015bci\u0105 mamy okazj\u0119 poinformowa\u0107, \u017ce w tym roku organizujemy kolejn\u0105 uroczysto\u015b\u0107 &#8211; Festiwal Wina.<\/p>\n<p>Festiwal odb\u0119dzie si\u0119 w pi\u0105tek, <strong>12 maja 2023 r.<\/strong> o godzinie <strong>18:00<\/strong> w restauracji <strong>Forum Kulinarne we Wroc\u0142awiu<\/strong>.<\/p>\n<p><strong>Forum Kulinarne<br \/>\nPlac Wolno\u015bci 4,<br \/>\n50-071 Wroc\u0142aw<\/strong><\/p>\n<p><!--more--><\/p>\n<p>Prosimy ju\u017c teraz wszystkich zainteresowanych o zarezerwowanie sobie tego terminu w kalendarzu.<\/p>\n<p><img loading=\"lazy\" decoding=\"async\" src=\"https:\/\/storage.googleapis.com\/media-cloud-test-ef\/2023\/03\/de\/EF-Wine-Festival.jpg\" alt=\"EF Wine Festival\" width=\"325\" height=\"90\" class=\"aligncenter size-full wp-image-27650\" \/><\/p>\n<p>Wi\u0119cej informacji wraz z programem oraz cen\u0105 biletu udost\u0119pnimy ju\u017c wkr\u00f3tce.<\/p>\n<p>Chcemy Wam tak\u017ce przypomnie\u0107 o innych naszych wydarzeniach, kt\u00f3re jeszcze planujemy w 2023 roku.<\/p>\n<table>\n<tr>\n<th colspan=\"3\">Zaktualizowany plan wydarze\u0144 na 2023 rok<\/th>\n<\/tr>\n<tr>\n<td>marzec<\/td>\n<td>30.03.2023 r. (czwartek)<\/td>\n<td>Spotkanie miesi\u0119czne EF<\/td>\n<\/tr>\n<tr>\n<td>kwiecie\u0144<\/td>\n<td>27.04.2023 r. (czwartek)<\/td>\n<td>Walne zgromadzenie cz\u0142onk\u00f3w<\/td>\n<\/tr>\n<tr>\n<td rowspan=\"2\">maj<\/td>\n<td>12.05.2023 r. (pi\u0105tek)<\/td>\n<td>Festiwal Wina<\/td>\n<\/tr>\n<tr>\n<td>16.05.2023 r. (wtorek)<\/td>\n<td>EF goes concert | NFM | Anne-Sophie Mutter, 19:00<\/td>\n<\/tr>\n<tr>\n<td>czerwiec<\/td>\n<td>29.06.2023 r. (czwartek)<\/td>\n<td>Spotkanie miesi\u0119czne EF<\/td>\n<\/tr>\n<tr>\n<td>lipiec<\/td>\n<td>06.07 &#8211; 09.07.2023 r.<\/td>\n<td>Misja gospodarcza do Rygi<\/td>\n<\/tr>\n<tr>\n<td>sierpie\u0144<\/td>\n<td>23.08.2023 r. (\u015broda)<\/td>\n<td>Rejs po Odrze<\/td>\n<\/tr>\n<tr>\n<td>wrzesie\u0144<\/td>\n<td>28.09.2023 r. (czwartek)<\/td>\n<td>Spotkanie miesi\u0119czne EF<\/td>\n<\/tr>\n<tr>\n<td>pa\u017adziernik<\/td>\n<td>26.10.2023 r. (czwartek)<\/td>\n<td>Spotkanie miesi\u0119czne EF<\/td>\n<\/tr>\n<tr>\n<td>listopad<\/td>\n<td>30.11.2023 r. (czwartek)<\/td>\n<td>Spotkanie miesi\u0119czne EF<\/td>\n<\/tr>\n<tr>\n<td>grudzie\u0144<\/td>\n<td>08.12.2023 r. (pi\u0105tek)<\/td>\n<td>Spotkanie \u015bwi\u0105teczne<\/td>\n<\/tr>\n<\/table>\n<p>Serdecznie zapraszamy na ka\u017cde z wy\u017cej wymienionych wydarze\u0144!<\/p>\n<p>Przypominamy, \u017ce istnieje ju\u017c mo\u017cliwo\u015b\u0107 zapisywania si\u0119 na najbli\u017csze spotkanie miesi\u0119czne w dniu 30 marca 2023 r. Wi\u0119cej szczeg\u00f3\u0142\u00f3w mo\u017cna znale\u017a\u0107 pod linkiem:<br \/>\n<a href=\"\/?p=27596\" rel=\"noopener\" target=\"_blank\">Zaproszenie na spotkanie miesi\u0119czne Europa Forum w dniu 30.03.2023 r. &#8211; EUROPA FORUM<\/a>.<\/p>\n<p>Pozdrawiamy<br \/>\nZesp\u00f3\u0142 EUROPA FORUM<\/p>\n","protected":false},"excerpt":{"rendered":"<p>Szanowni cz\u0142onkowie oraz go\u015bcie Europa Forum. Z ogromn\u0105 przyjemno\u015bci\u0105 mamy okazj\u0119 poinformowa\u0107, \u017ce w tym roku organizujemy kolejn\u0105 uroczysto\u015b\u0107 &#8211; Festiwal Wina. Festiwal odb\u0119dzie si\u0119 w pi\u0105tek, 12 maja 2023 &#8230; <a class=\"read-more\" href=\"https:\/\/europa-forum.org\/pl\/2023\/03\/save-the-date-festiwal-wina-12-maj-2023-r\/\">Czytaj wi\u0119cej<\/a><\/p>\n","protected":false},"author":34,"featured_media":25211,"comment_status":"closed","ping_status":"open","sticky":false,"template":"","format":"standard","meta":{"ngg_post_thumbnail":0,"footnotes":""},"categories":[43],"tags":[231,53,182,180],"class_list":["post-27644","post","type-post","status-publish","format-standard","has-post-thumbnail","hentry","category-ef-wydarzenia","tag-231","tag-europa-forum-wroclaw","tag-kolo-gospodarcze-pl","tag-polsko-niemiecki-pl"],"yoast_head":"<!-- This site is optimized with the Yoast SEO plugin v27.3 - https:\/\/yoast.com\/product\/yoast-seo-wordpress\/ -->\n<title>SAVE THE DATE: Festiwal wina - 12 maj 2023 r. - EUROPA FORUM<\/title>\n<meta name=\"robots\" content=\"index, follow, max-snippet:-1, max-image-preview:large, max-video-preview:-1\" \/>\n<link rel=\"canonical\" href=\"https:\/\/europa-forum.org\/2023\/03\/save-the-date-ef-weinfestival-12-mai-2023-r\/\" \/>\n<meta property=\"og:locale\" content=\"pl_PL\" \/>\n<meta property=\"og:type\" content=\"article\" \/>\n<meta property=\"og:title\" content=\"SAVE THE DATE: Festiwal wina - 12 maj 2023 r. - EUROPA FORUM\" \/>\n<meta property=\"og:description\" content=\"Szanowni cz\u0142onkowie oraz go\u015bcie Europa Forum. Z ogromn\u0105 przyjemno\u015bci\u0105 mamy okazj\u0119 poinformowa\u0107, \u017ce w tym roku organizujemy kolejn\u0105 uroczysto\u015b\u0107 &#8211; Festiwal Wina. Festiwal odb\u0119dzie si\u0119 w pi\u0105tek, 12 maja 2023 ... Czytaj wi\u0119cej\" \/>\n<meta property=\"og:url\" content=\"https:\/\/europa-forum.org\/2023\/03\/save-the-date-ef-weinfestival-12-mai-2023-r\/\" \/>\n<meta property=\"og:site_name\" content=\"EUROPA FORUM\" \/>\n<meta property=\"article:publisher\" content=\"https:\/\/www.facebook.com\/EuropaForum\/\" \/>\n<meta property=\"article:published_time\" content=\"2023-03-20T09:51:23+00:00\" \/>\n<meta property=\"article:modified_time\" content=\"2023-03-20T12:24:28+00:00\" \/>\n<meta property=\"og:image\" content=\"https:\/\/storage.googleapis.com\/media-cloud-test-ef\/2021\/09\/pl\/einladung-zum-weinfestival.png\" \/>\n\t<meta property=\"og:image:width\" content=\"900\" \/>\n\t<meta property=\"og:image:height\" content=\"558\" \/>\n\t<meta property=\"og:image:type\" content=\"image\/png\" \/>\n<meta name=\"author\" content=\"Web EUROPA FORUM\" \/>\n<meta name=\"twitter:card\" content=\"summary_large_image\" \/>\n<meta name=\"twitter:label1\" content=\"Napisane przez\" \/>\n\t<meta name=\"twitter:data1\" content=\"Web EUROPA FORUM\" \/>\n\t<meta name=\"twitter:label2\" content=\"Szacowany czas czytania\" \/>\n\t<meta name=\"twitter:data2\" content=\"1 minuta\" \/>\n<script type=\"application\/ld+json\" class=\"yoast-schema-graph\">{\"@context\":\"https:\\\/\\\/schema.org\",\"@graph\":[{\"@type\":\"Article\",\"@id\":\"https:\\\/\\\/europa-forum.org\\\/2023\\\/03\\\/save-the-date-ef-weinfestival-12-mai-2023-r\\\/#article\",\"isPartOf\":{\"@id\":\"https:\\\/\\\/europa-forum.org\\\/2023\\\/03\\\/save-the-date-ef-weinfestival-12-mai-2023-r\\\/\"},\"author\":{\"name\":\"Web EUROPA FORUM\",\"@id\":\"https:\\\/\\\/europa-forum.org\\\/#\\\/schema\\\/person\\\/78941253d03fdc931167811f69ae5afc\"},\"headline\":\"SAVE THE DATE: Festiwal wina &#8211; 12 maj 2023 r.\",\"datePublished\":\"2023-03-20T09:51:23+00:00\",\"dateModified\":\"2023-03-20T12:24:28+00:00\",\"mainEntityOfPage\":{\"@id\":\"https:\\\/\\\/europa-forum.org\\\/2023\\\/03\\\/save-the-date-ef-weinfestival-12-mai-2023-r\\\/\"},\"wordCount\":237,\"publisher\":{\"@id\":\"https:\\\/\\\/europa-forum.org\\\/#organization\"},\"image\":{\"@id\":\"https:\\\/\\\/europa-forum.org\\\/2023\\\/03\\\/save-the-date-ef-weinfestival-12-mai-2023-r\\\/#primaryimage\"},\"thumbnailUrl\":\"https:\\\/\\\/storage.googleapis.com\\\/media-cloud-test-ef\\\/2021\\\/09\\\/pl\\\/einladung-zum-weinfestival.png\",\"keywords\":[\"2023\",\"Europa Forum Wroc\u0142aw\",\"Ko\u0142o gospodarcze\",\"Polsko-Niemiecki\"],\"articleSection\":[\"EF Wydarzenia\"],\"inLanguage\":\"pl-PL\"},{\"@type\":\"WebPage\",\"@id\":\"https:\\\/\\\/europa-forum.org\\\/2023\\\/03\\\/save-the-date-ef-weinfestival-12-mai-2023-r\\\/\",\"url\":\"https:\\\/\\\/europa-forum.org\\\/2023\\\/03\\\/save-the-date-ef-weinfestival-12-mai-2023-r\\\/\",\"name\":\"SAVE THE DATE: Festiwal wina - 12 maj 2023 r. - EUROPA FORUM\",\"isPartOf\":{\"@id\":\"https:\\\/\\\/europa-forum.org\\\/#website\"},\"primaryImageOfPage\":{\"@id\":\"https:\\\/\\\/europa-forum.org\\\/2023\\\/03\\\/save-the-date-ef-weinfestival-12-mai-2023-r\\\/#primaryimage\"},\"image\":{\"@id\":\"https:\\\/\\\/europa-forum.org\\\/2023\\\/03\\\/save-the-date-ef-weinfestival-12-mai-2023-r\\\/#primaryimage\"},\"thumbnailUrl\":\"https:\\\/\\\/storage.googleapis.com\\\/media-cloud-test-ef\\\/2021\\\/09\\\/pl\\\/einladung-zum-weinfestival.png\",\"datePublished\":\"2023-03-20T09:51:23+00:00\",\"dateModified\":\"2023-03-20T12:24:28+00:00\",\"breadcrumb\":{\"@id\":\"https:\\\/\\\/europa-forum.org\\\/2023\\\/03\\\/save-the-date-ef-weinfestival-12-mai-2023-r\\\/#breadcrumb\"},\"inLanguage\":\"pl-PL\",\"potentialAction\":[{\"@type\":\"ReadAction\",\"target\":[\"https:\\\/\\\/europa-forum.org\\\/2023\\\/03\\\/save-the-date-ef-weinfestival-12-mai-2023-r\\\/\"]}]},{\"@type\":\"ImageObject\",\"inLanguage\":\"pl-PL\",\"@id\":\"https:\\\/\\\/europa-forum.org\\\/2023\\\/03\\\/save-the-date-ef-weinfestival-12-mai-2023-r\\\/#primaryimage\",\"url\":\"https:\\\/\\\/storage.googleapis.com\\\/media-cloud-test-ef\\\/2021\\\/09\\\/pl\\\/einladung-zum-weinfestival.png\",\"contentUrl\":\"https:\\\/\\\/storage.googleapis.com\\\/media-cloud-test-ef\\\/2021\\\/09\\\/pl\\\/einladung-zum-weinfestival.png\",\"width\":900,\"height\":558},{\"@type\":\"BreadcrumbList\",\"@id\":\"https:\\\/\\\/europa-forum.org\\\/2023\\\/03\\\/save-the-date-ef-weinfestival-12-mai-2023-r\\\/#breadcrumb\",\"itemListElement\":[{\"@type\":\"ListItem\",\"position\":1,\"name\":\"Home\",\"item\":\"https:\\\/\\\/europa-forum.org\\\/pl\\\/\"},{\"@type\":\"ListItem\",\"position\":2,\"name\":\"SAVE THE DATE: Festiwal wina &#8211; 12 maj 2023 r.\"}]},{\"@type\":\"WebSite\",\"@id\":\"https:\\\/\\\/europa-forum.org\\\/#website\",\"url\":\"https:\\\/\\\/europa-forum.org\\\/\",\"name\":\"EUROPA FORUM\",\"description\":\"Polsko-Niemieckie Ko\u0142o Gospodarcze we Wroc\u0142awiu\",\"publisher\":{\"@id\":\"https:\\\/\\\/europa-forum.org\\\/#organization\"},\"potentialAction\":[{\"@type\":\"SearchAction\",\"target\":{\"@type\":\"EntryPoint\",\"urlTemplate\":\"https:\\\/\\\/europa-forum.org\\\/?s={search_term_string}\"},\"query-input\":{\"@type\":\"PropertyValueSpecification\",\"valueRequired\":true,\"valueName\":\"search_term_string\"}}],\"inLanguage\":\"pl-PL\"},{\"@type\":\"Organization\",\"@id\":\"https:\\\/\\\/europa-forum.org\\\/#organization\",\"name\":\"EUROPA FORUM\",\"url\":\"https:\\\/\\\/europa-forum.org\\\/\",\"logo\":{\"@type\":\"ImageObject\",\"inLanguage\":\"pl-PL\",\"@id\":\"https:\\\/\\\/europa-forum.org\\\/#\\\/schema\\\/logo\\\/image\\\/\",\"url\":\"https:\\\/\\\/storage.googleapis.com\\\/media-cloud-test-ef\\\/2024\\\/12\\\/logo-square.png\",\"contentUrl\":\"https:\\\/\\\/storage.googleapis.com\\\/media-cloud-test-ef\\\/2024\\\/12\\\/logo-square.png\",\"width\":240,\"height\":240,\"caption\":\"EUROPA FORUM\"},\"image\":{\"@id\":\"https:\\\/\\\/europa-forum.org\\\/#\\\/schema\\\/logo\\\/image\\\/\"},\"sameAs\":[\"https:\\\/\\\/www.facebook.com\\\/EuropaForum\\\/\",\"https:\\\/\\\/www.linkedin.com\\\/company\\\/europa-forum\"]},{\"@type\":\"Person\",\"@id\":\"https:\\\/\\\/europa-forum.org\\\/#\\\/schema\\\/person\\\/78941253d03fdc931167811f69ae5afc\",\"name\":\"Web EUROPA FORUM\",\"image\":{\"@type\":\"ImageObject\",\"inLanguage\":\"pl-PL\",\"@id\":\"https:\\\/\\\/secure.gravatar.com\\\/avatar\\\/a0d9522a5e276ed089f6a92e55c96a108f9d763254edaa18f45f2cae401cb51d?s=96&d=mm&r=g\",\"url\":\"https:\\\/\\\/secure.gravatar.com\\\/avatar\\\/a0d9522a5e276ed089f6a92e55c96a108f9d763254edaa18f45f2cae401cb51d?s=96&d=mm&r=g\",\"contentUrl\":\"https:\\\/\\\/secure.gravatar.com\\\/avatar\\\/a0d9522a5e276ed089f6a92e55c96a108f9d763254edaa18f45f2cae401cb51d?s=96&d=mm&r=g\",\"caption\":\"Web EUROPA FORUM\"}}]}<\/script>\n<!-- \/ Yoast SEO plugin. -->","yoast_head_json":{"title":"SAVE THE DATE: Festiwal wina - 12 maj 2023 r. - EUROPA FORUM","robots":{"index":"index","follow":"follow","max-snippet":"max-snippet:-1","max-image-preview":"max-image-preview:large","max-video-preview":"max-video-preview:-1"},"canonical":"https:\/\/europa-forum.org\/2023\/03\/save-the-date-ef-weinfestival-12-mai-2023-r\/","og_locale":"pl_PL","og_type":"article","og_title":"SAVE THE DATE: Festiwal wina - 12 maj 2023 r. - EUROPA FORUM","og_description":"Szanowni cz\u0142onkowie oraz go\u015bcie Europa Forum. Z ogromn\u0105 przyjemno\u015bci\u0105 mamy okazj\u0119 poinformowa\u0107, \u017ce w tym roku organizujemy kolejn\u0105 uroczysto\u015b\u0107 &#8211; Festiwal Wina. Festiwal odb\u0119dzie si\u0119 w pi\u0105tek, 12 maja 2023 ... Czytaj wi\u0119cej","og_url":"https:\/\/europa-forum.org\/2023\/03\/save-the-date-ef-weinfestival-12-mai-2023-r\/","og_site_name":"EUROPA FORUM","article_publisher":"https:\/\/www.facebook.com\/EuropaForum\/","article_published_time":"2023-03-20T09:51:23+00:00","article_modified_time":"2023-03-20T12:24:28+00:00","og_image":[{"width":900,"height":558,"url":"https:\/\/storage.googleapis.com\/media-cloud-test-ef\/2021\/09\/pl\/einladung-zum-weinfestival.png","type":"image\/png"}],"author":"Web EUROPA FORUM","twitter_card":"summary_large_image","twitter_misc":{"Napisane przez":"Web EUROPA FORUM","Szacowany czas czytania":"1 minuta"},"schema":{"@context":"https:\/\/schema.org","@graph":[{"@type":"Article","@id":"https:\/\/europa-forum.org\/2023\/03\/save-the-date-ef-weinfestival-12-mai-2023-r\/#article","isPartOf":{"@id":"https:\/\/europa-forum.org\/2023\/03\/save-the-date-ef-weinfestival-12-mai-2023-r\/"},"author":{"name":"Web EUROPA FORUM","@id":"https:\/\/europa-forum.org\/#\/schema\/person\/78941253d03fdc931167811f69ae5afc"},"headline":"SAVE THE DATE: Festiwal wina &#8211; 12 maj 2023 r.","datePublished":"2023-03-20T09:51:23+00:00","dateModified":"2023-03-20T12:24:28+00:00","mainEntityOfPage":{"@id":"https:\/\/europa-forum.org\/2023\/03\/save-the-date-ef-weinfestival-12-mai-2023-r\/"},"wordCount":237,"publisher":{"@id":"https:\/\/europa-forum.org\/#organization"},"image":{"@id":"https:\/\/europa-forum.org\/2023\/03\/save-the-date-ef-weinfestival-12-mai-2023-r\/#primaryimage"},"thumbnailUrl":"https:\/\/storage.googleapis.com\/media-cloud-test-ef\/2021\/09\/pl\/einladung-zum-weinfestival.png","keywords":["2023","Europa Forum Wroc\u0142aw","Ko\u0142o gospodarcze","Polsko-Niemiecki"],"articleSection":["EF Wydarzenia"],"inLanguage":"pl-PL"},{"@type":"WebPage","@id":"https:\/\/europa-forum.org\/2023\/03\/save-the-date-ef-weinfestival-12-mai-2023-r\/","url":"https:\/\/europa-forum.org\/2023\/03\/save-the-date-ef-weinfestival-12-mai-2023-r\/","name":"SAVE THE DATE: Festiwal wina - 12 maj 2023 r. - EUROPA FORUM","isPartOf":{"@id":"https:\/\/europa-forum.org\/#website"},"primaryImageOfPage":{"@id":"https:\/\/europa-forum.org\/2023\/03\/save-the-date-ef-weinfestival-12-mai-2023-r\/#primaryimage"},"image":{"@id":"https:\/\/europa-forum.org\/2023\/03\/save-the-date-ef-weinfestival-12-mai-2023-r\/#primaryimage"},"thumbnailUrl":"https:\/\/storage.googleapis.com\/media-cloud-test-ef\/2021\/09\/pl\/einladung-zum-weinfestival.png","datePublished":"2023-03-20T09:51:23+00:00","dateModified":"2023-03-20T12:24:28+00:00","breadcrumb":{"@id":"https:\/\/europa-forum.org\/2023\/03\/save-the-date-ef-weinfestival-12-mai-2023-r\/#breadcrumb"},"inLanguage":"pl-PL","potentialAction":[{"@type":"ReadAction","target":["https:\/\/europa-forum.org\/2023\/03\/save-the-date-ef-weinfestival-12-mai-2023-r\/"]}]},{"@type":"ImageObject","inLanguage":"pl-PL","@id":"https:\/\/europa-forum.org\/2023\/03\/save-the-date-ef-weinfestival-12-mai-2023-r\/#primaryimage","url":"https:\/\/storage.googleapis.com\/media-cloud-test-ef\/2021\/09\/pl\/einladung-zum-weinfestival.png","contentUrl":"https:\/\/storage.googleapis.com\/media-cloud-test-ef\/2021\/09\/pl\/einladung-zum-weinfestival.png","width":900,"height":558},{"@type":"BreadcrumbList","@id":"https:\/\/europa-forum.org\/2023\/03\/save-the-date-ef-weinfestival-12-mai-2023-r\/#breadcrumb","itemListElement":[{"@type":"ListItem","position":1,"name":"Home","item":"https:\/\/europa-forum.org\/pl\/"},{"@type":"ListItem","position":2,"name":"SAVE THE DATE: Festiwal wina &#8211; 12 maj 2023 r."}]},{"@type":"WebSite","@id":"https:\/\/europa-forum.org\/#website","url":"https:\/\/europa-forum.org\/","name":"EUROPA FORUM","description":"Polsko-Niemieckie Ko\u0142o Gospodarcze we Wroc\u0142awiu","publisher":{"@id":"https:\/\/europa-forum.org\/#organization"},"potentialAction":[{"@type":"SearchAction","target":{"@type":"EntryPoint","urlTemplate":"https:\/\/europa-forum.org\/?s={search_term_string}"},"query-input":{"@type":"PropertyValueSpecification","valueRequired":true,"valueName":"search_term_string"}}],"inLanguage":"pl-PL"},{"@type":"Organization","@id":"https:\/\/europa-forum.org\/#organization","name":"EUROPA FORUM","url":"https:\/\/europa-forum.org\/","logo":{"@type":"ImageObject","inLanguage":"pl-PL","@id":"https:\/\/europa-forum.org\/#\/schema\/logo\/image\/","url":"https:\/\/storage.googleapis.com\/media-cloud-test-ef\/2024\/12\/logo-square.png","contentUrl":"https:\/\/storage.googleapis.com\/media-cloud-test-ef\/2024\/12\/logo-square.png","width":240,"height":240,"caption":"EUROPA FORUM"},"image":{"@id":"https:\/\/europa-forum.org\/#\/schema\/logo\/image\/"},"sameAs":["https:\/\/www.facebook.com\/EuropaForum\/","https:\/\/www.linkedin.com\/company\/europa-forum"]},{"@type":"Person","@id":"https:\/\/europa-forum.org\/#\/schema\/person\/78941253d03fdc931167811f69ae5afc","name":"Web EUROPA FORUM","image":{"@type":"ImageObject","inLanguage":"pl-PL","@id":"https:\/\/secure.gravatar.com\/avatar\/a0d9522a5e276ed089f6a92e55c96a108f9d763254edaa18f45f2cae401cb51d?s=96&d=mm&r=g","url":"https:\/\/secure.gravatar.com\/avatar\/a0d9522a5e276ed089f6a92e55c96a108f9d763254edaa18f45f2cae401cb51d?s=96&d=mm&r=g","contentUrl":"https:\/\/secure.gravatar.com\/avatar\/a0d9522a5e276ed089f6a92e55c96a108f9d763254edaa18f45f2cae401cb51d?s=96&d=mm&r=g","caption":"Web EUROPA FORUM"}}]}},"_links":{"self":[{"href":"https:\/\/europa-forum.org\/pl\/wp-json\/wp\/v2\/posts\/27644","targetHints":{"allow":["GET"]}}],"collection":[{"href":"https:\/\/europa-forum.org\/pl\/wp-json\/wp\/v2\/posts"}],"about":[{"href":"https:\/\/europa-forum.org\/pl\/wp-json\/wp\/v2\/types\/post"}],"author":[{"embeddable":true,"href":"https:\/\/europa-forum.org\/pl\/wp-json\/wp\/v2\/users\/34"}],"replies":[{"embeddable":true,"href":"https:\/\/europa-forum.org\/pl\/wp-json\/wp\/v2\/comments?post=27644"}],"version-history":[{"count":8,"href":"https:\/\/europa-forum.org\/pl\/wp-json\/wp\/v2\/posts\/27644\/revisions"}],"predecessor-version":[{"id":27663,"href":"https:\/\/europa-forum.org\/pl\/wp-json\/wp\/v2\/posts\/27644\/revisions\/27663"}],"wp:featuredmedia":[{"embeddable":true,"href":"https:\/\/europa-forum.org\/pl\/wp-json\/wp\/v2\/media\/25211"}],"wp:attachment":[{"href":"https:\/\/europa-forum.org\/pl\/wp-json\/wp\/v2\/media?parent=27644"}],"wp:term":[{"taxonomy":"category","embeddable":true,"href":"https:\/\/europa-forum.org\/pl\/wp-json\/wp\/v2\/categories?post=27644"},{"taxonomy":"post_tag","embeddable":true,"href":"https:\/\/europa-forum.org\/pl\/wp-json\/wp\/v2\/tags?post=27644"}],"curies":[{"name":"wp","href":"https:\/\/api.w.org\/{rel}","templated":true}]}}