{"id":26993,"date":"2022-11-18T14:24:04","date_gmt":"2022-11-18T13:24:04","guid":{"rendered":"https:\/\/europa-forum.org\/?p=26993"},"modified":"2022-11-18T16:35:45","modified_gmt":"2022-11-18T15:35:45","slug":"zaproszenie-na-spotkanie-miesieczne-europa-forum-w-dniu-24-11-2022","status":"publish","type":"post","link":"https:\/\/europa-forum.org\/pl\/2022\/11\/zaproszenie-na-spotkanie-miesieczne-europa-forum-w-dniu-24-11-2022\/","title":{"rendered":"Zaproszenie na spotkanie miesi\u0119czne Europa Forum w dniu 24.11.2022"},"content":{"rendered":"<p style=\"text-align:center;\">Szanowni cz\u0142onkowie i go\u015bcie Stowarzyszenia,<\/p>\n<p style=\"text-align:center;\">Polsko-Niemieckie Ko\u0142o Gospodarcze EUROPA FORUM zaprasza w listopadzie na spotkanie na temat:<\/p>\n<p style=\"text-align:center;\"><strong><em>Cybersecurity i ochrona danych osobowych &#8211; bezpiecze\u0144stwo cyfrowe w firmie<\/em><\/strong><\/p>\n<p>Spotkanie odb\u0119dzie si\u0119 w czwartek <strong>24 listopada 2022 r.<\/strong> o godzinie <strong>18:00<\/strong> w hotelu DoubleTree by Hilton.<\/p>\n<p><strong>DoubleTree by Hilton<br \/>\nul. Podwale 84, 50-414 Wroc\u0142aw<\/strong><\/p>\n<p><!--more--><\/p>\n<p>Tym razem chcieliby\u015bmy zaproponowa\u0107 Pa\u0144stwu mo\u017cliwo\u015b\u0107 zapoznania si\u0119 z tematem cyberbezpiecze\u0144stwa. Bior\u0105c pod uwag\u0119 rosn\u0105c\u0105 liczb\u0119 atak\u00f3w cyfrowych na ma\u0142e i \u015brednie przedsi\u0119biorstwa oraz kilka bardzo g\u0142o\u015bnych przypadk\u00f3w w mediach, temat ten jest bardziej aktualny ni\u017c kiedykolwiek. Skutecznie przeprowadzony cyberatak mo\u017ce by\u0107 nie tylko bardzo kosztowny dla poszkodowanej firmy, ale tak\u017ce mie\u0107 dla niej daleko id\u0105ce konsekwencje na r\u00f3\u017cnych p\u0142aszczyznach.<\/p>\n<p>Chcieliby\u015bmy zaproponowa\u0107 Pa\u0144stwu dwa wyk\u0142ady oraz dwie relacje naszych cz\u0142onk\u00f3w z w\u0142asnych do\u015bwiadcze\u0144 z cyberatakami, aby przygotowa\u0107 Pa\u0144stwa do obrony przed cyberatakami.<\/p>\n<p>Pierwszym prelegentem b\u0119dzie dr in\u017c. Wojciech Wodo. Obecnie wyk\u0142ada na Politechnice Wroc\u0142awskiej na kierunku informatyka i specjalizuje si\u0119 w z\u0142o\u017conych zagadnieniach cyberprzestrzeni. Szczeg\u00f3lnie wa\u017cnym tematem jest dla niego cyberbezpiecze\u0144stwo, na kt\u00f3re stara si\u0119 patrze\u0107 holistycznie i z punktu widzenia u\u017cytkownika. Na naszym comiesi\u0119cznym spotkaniu Pan Wodo wyst\u0105pi z tematem &#8222;Cyberbezpiecze\u0144stwo jako konieczna kompetencja tera\u017aniejszo\u015bci&#8221;.<\/p>\n<p>Ponadto cieszymy si\u0119 na perspektyw\u0119 prawn\u0105 na to zagadnienie, kt\u00f3r\u0105 przedstawi nam Pan Damian Klimas. Pan Klimas jest obecnie partnerem w Kancelarii <em>dotlaw<\/em>, kt\u00f3ra zajmuje si\u0119 obs\u0142ug\u0105 prawn\u0105 bran\u017cy technologicznej. Pan Klimas jest specjalist\u0105 w zakresie ochrony danych, by\u0142 cz\u0142onkiem zespo\u0142u wdra\u017caj\u0105cego RODO w jednym z najwi\u0119kszych polskich bank\u00f3w oraz jest wyk\u0142adowc\u0105 na Uniwersytecie Wroc\u0142awskim. Podczas naszego spotkania Pan Klimas przedstawi prezentacj\u0119 pod tytu\u0142em &#8222;Incydent (cyber)bezpiecze\u0144stwa &#8211; co robi\u0107, jak si\u0119 zachowa\u0107?&#8221;.<\/p>\n<p>Na koniec przedstawiciele dw\u00f3ch cenionych firm cz\u0142onkowskich Europa Forum opowiedz\u0105 o w\u0142asnych do\u015bwiadczeniach z cyberatakami w firmie. Pani Agnieszka Szostak-Czajowska z firmy architektonicznej WENZEL+WENZEL Sp. z o.o. oraz Pan Andreas Pohling z firmy informatycznej VIALUTIONS Sp. z o.o. opowiedz\u0105 o przebiegu cyberatak\u00f3w na ich firmy, zwi\u0105zanych z tym konsekwencjach oraz \u015brodkach ostro\u017cno\u015bci podj\u0119tych przed i po.<\/p>\n<p>Po prezentacji b\u0119dzie mo\u017cna zadawa\u0107 pytania i uczestniczy\u0107 w panelu dyskusyjnym.<\/p>\n<p>Szczeg\u00f3\u0142owy program znajduje si\u0119 w za\u0142\u0105czniku. <a href=\"https:\/\/storage.googleapis.com\/media-cloud-test-ef\/2022\/11\/Program-24-11-22.pdf\" rel=\"noopener\" target=\"_blank\">PROGRAM<\/a><\/p>\n<p>Uprzejmie prosimy o zg\u0142aszanie swojego udzia\u0142u najp\u00f3\u017aniej do <strong>23 listopada 2022 r.<\/strong><\/p>\n<p>Link do rejestracji: <a href=\"https:\/\/app.evenea.pl\/event\/efandcybersecurity\/\" rel=\"noopener\" target=\"_blank\">https:\/\/app.evenea.pl\/event\/efandcybersecurity\/<\/a><\/p>\n<p>Pozdrawiamy serdecznie<\/p>\n<p>Zesp\u00f3\u0142 EUROPA FORUM<\/p>\n<p>***<\/p>\n<p><strong>Wa\u017cna informacja<\/strong><\/p>\n<p><em>Wej\u015bcie na teren, na kt\u00f3rym odbywa si\u0119 wydarzenie jest r\u00f3wnoznaczne ze zgod\u0105 uczestnika na bezp\u0142atn\u0105 publikacj\u0119 (strona internetowa, social media, newsletter) i rozpowszechnianie oraz\/lub czasowo nieograniczone przechowywanie i udost\u0119pnianie zdj\u0119\u0107 wykonanych podczas wydarzenia w ramach dzia\u0142a\u0144 promocyjnych Europa Forum. Je\u015bli w indywidualnych przypadkach uczestnik spotkania nie wyra\u017ca zgody na publikacj\u0119 jego wizerunku, prosimy o niezw\u0142oczne zg\u0142oszenie tego faktu organizatorowi wydarzenia.<\/em><\/p>\n","protected":false},"excerpt":{"rendered":"<p>Szanowni cz\u0142onkowie i go\u015bcie Stowarzyszenia, Polsko-Niemieckie Ko\u0142o Gospodarcze EUROPA FORUM zaprasza w listopadzie na spotkanie na temat: Cybersecurity i ochrona danych osobowych &#8211; bezpiecze\u0144stwo cyfrowe w firmie Spotkanie odb\u0119dzie si\u0119 &#8230; <a class=\"read-more\" href=\"https:\/\/europa-forum.org\/pl\/2022\/11\/zaproszenie-na-spotkanie-miesieczne-europa-forum-w-dniu-24-11-2022\/\">Czytaj wi\u0119cej<\/a><\/p>\n","protected":false},"author":34,"featured_media":26987,"comment_status":"closed","ping_status":"open","sticky":false,"template":"","format":"standard","meta":{"ngg_post_thumbnail":0,"footnotes":""},"categories":[57],"tags":[223,182,181,180,69],"class_list":["post-26993","post","type-post","status-publish","format-standard","has-post-thumbnail","hentry","category-ef-miesieczne-spotkania","tag-223","tag-kolo-gospodarcze-pl","tag-polska-pl","tag-polsko-niemiecki-pl","tag-wroclaw"],"yoast_head":"<!-- This site is optimized with the Yoast SEO plugin v27.3 - https:\/\/yoast.com\/product\/yoast-seo-wordpress\/ -->\n<title>Zaproszenie na spotkanie miesi\u0119czne Europa Forum w dniu 24.11.2022 - EUROPA FORUM<\/title>\n<meta name=\"robots\" content=\"index, follow, max-snippet:-1, max-image-preview:large, max-video-preview:-1\" \/>\n<link rel=\"canonical\" href=\"https:\/\/europa-forum.org\/2022\/11\/einladung-zum-ef-monatstreffen-am-24-11-2022\/\" \/>\n<meta property=\"og:locale\" content=\"pl_PL\" \/>\n<meta property=\"og:type\" content=\"article\" \/>\n<meta property=\"og:title\" content=\"Zaproszenie na spotkanie miesi\u0119czne Europa Forum w dniu 24.11.2022 - EUROPA FORUM\" \/>\n<meta property=\"og:description\" content=\"Szanowni cz\u0142onkowie i go\u015bcie Stowarzyszenia, Polsko-Niemieckie Ko\u0142o Gospodarcze EUROPA FORUM zaprasza w listopadzie na spotkanie na temat: Cybersecurity i ochrona danych osobowych &#8211; bezpiecze\u0144stwo cyfrowe w firmie Spotkanie odb\u0119dzie si\u0119 ... Czytaj wi\u0119cej\" \/>\n<meta property=\"og:url\" content=\"https:\/\/europa-forum.org\/2022\/11\/einladung-zum-ef-monatstreffen-am-24-11-2022\/\" \/>\n<meta property=\"og:site_name\" content=\"EUROPA FORUM\" \/>\n<meta property=\"article:publisher\" content=\"https:\/\/www.facebook.com\/EuropaForum\/\" \/>\n<meta property=\"article:published_time\" content=\"2022-11-18T13:24:04+00:00\" \/>\n<meta property=\"article:modified_time\" content=\"2022-11-18T15:35:45+00:00\" \/>\n<meta property=\"og:image\" content=\"https:\/\/storage.googleapis.com\/media-cloud-test-ef\/2022\/11\/pl\/security-bild1.jpg\" \/>\n\t<meta property=\"og:image:width\" content=\"1920\" \/>\n\t<meta property=\"og:image:height\" content=\"1200\" \/>\n\t<meta property=\"og:image:type\" content=\"image\/jpeg\" \/>\n<meta name=\"author\" content=\"Web EUROPA FORUM\" \/>\n<meta name=\"twitter:card\" content=\"summary_large_image\" \/>\n<meta name=\"twitter:label1\" content=\"Napisane przez\" \/>\n\t<meta name=\"twitter:data1\" content=\"Web EUROPA FORUM\" \/>\n\t<meta name=\"twitter:label2\" content=\"Szacowany czas czytania\" \/>\n\t<meta name=\"twitter:data2\" content=\"3 minuty\" \/>\n<script type=\"application\/ld+json\" class=\"yoast-schema-graph\">{\"@context\":\"https:\\\/\\\/schema.org\",\"@graph\":[{\"@type\":\"Article\",\"@id\":\"https:\\\/\\\/europa-forum.org\\\/2022\\\/11\\\/einladung-zum-ef-monatstreffen-am-24-11-2022\\\/#article\",\"isPartOf\":{\"@id\":\"https:\\\/\\\/europa-forum.org\\\/2022\\\/11\\\/einladung-zum-ef-monatstreffen-am-24-11-2022\\\/\"},\"author\":{\"name\":\"Web EUROPA FORUM\",\"@id\":\"https:\\\/\\\/europa-forum.org\\\/#\\\/schema\\\/person\\\/78941253d03fdc931167811f69ae5afc\"},\"headline\":\"Zaproszenie na spotkanie miesi\u0119czne Europa Forum w dniu 24.11.2022\",\"datePublished\":\"2022-11-18T13:24:04+00:00\",\"dateModified\":\"2022-11-18T15:35:45+00:00\",\"mainEntityOfPage\":{\"@id\":\"https:\\\/\\\/europa-forum.org\\\/2022\\\/11\\\/einladung-zum-ef-monatstreffen-am-24-11-2022\\\/\"},\"wordCount\":517,\"publisher\":{\"@id\":\"https:\\\/\\\/europa-forum.org\\\/#organization\"},\"image\":{\"@id\":\"https:\\\/\\\/europa-forum.org\\\/2022\\\/11\\\/einladung-zum-ef-monatstreffen-am-24-11-2022\\\/#primaryimage\"},\"thumbnailUrl\":\"https:\\\/\\\/storage.googleapis.com\\\/media-cloud-test-ef\\\/2022\\\/11\\\/pl\\\/security-bild1.jpg\",\"keywords\":[\"2022\",\"Ko\u0142o gospodarcze\",\"Polska\",\"Polsko-Niemiecki\",\"Wroc\u0142aw\"],\"articleSection\":[\"EF Miesi\u0119czne spotkania\"],\"inLanguage\":\"pl-PL\"},{\"@type\":\"WebPage\",\"@id\":\"https:\\\/\\\/europa-forum.org\\\/2022\\\/11\\\/einladung-zum-ef-monatstreffen-am-24-11-2022\\\/\",\"url\":\"https:\\\/\\\/europa-forum.org\\\/2022\\\/11\\\/einladung-zum-ef-monatstreffen-am-24-11-2022\\\/\",\"name\":\"Zaproszenie na spotkanie miesi\u0119czne Europa Forum w dniu 24.11.2022 - EUROPA FORUM\",\"isPartOf\":{\"@id\":\"https:\\\/\\\/europa-forum.org\\\/#website\"},\"primaryImageOfPage\":{\"@id\":\"https:\\\/\\\/europa-forum.org\\\/2022\\\/11\\\/einladung-zum-ef-monatstreffen-am-24-11-2022\\\/#primaryimage\"},\"image\":{\"@id\":\"https:\\\/\\\/europa-forum.org\\\/2022\\\/11\\\/einladung-zum-ef-monatstreffen-am-24-11-2022\\\/#primaryimage\"},\"thumbnailUrl\":\"https:\\\/\\\/storage.googleapis.com\\\/media-cloud-test-ef\\\/2022\\\/11\\\/pl\\\/security-bild1.jpg\",\"datePublished\":\"2022-11-18T13:24:04+00:00\",\"dateModified\":\"2022-11-18T15:35:45+00:00\",\"breadcrumb\":{\"@id\":\"https:\\\/\\\/europa-forum.org\\\/2022\\\/11\\\/einladung-zum-ef-monatstreffen-am-24-11-2022\\\/#breadcrumb\"},\"inLanguage\":\"pl-PL\",\"potentialAction\":[{\"@type\":\"ReadAction\",\"target\":[\"https:\\\/\\\/europa-forum.org\\\/2022\\\/11\\\/einladung-zum-ef-monatstreffen-am-24-11-2022\\\/\"]}]},{\"@type\":\"ImageObject\",\"inLanguage\":\"pl-PL\",\"@id\":\"https:\\\/\\\/europa-forum.org\\\/2022\\\/11\\\/einladung-zum-ef-monatstreffen-am-24-11-2022\\\/#primaryimage\",\"url\":\"https:\\\/\\\/storage.googleapis.com\\\/media-cloud-test-ef\\\/2022\\\/11\\\/pl\\\/security-bild1.jpg\",\"contentUrl\":\"https:\\\/\\\/storage.googleapis.com\\\/media-cloud-test-ef\\\/2022\\\/11\\\/pl\\\/security-bild1.jpg\",\"width\":1920,\"height\":1200},{\"@type\":\"BreadcrumbList\",\"@id\":\"https:\\\/\\\/europa-forum.org\\\/2022\\\/11\\\/einladung-zum-ef-monatstreffen-am-24-11-2022\\\/#breadcrumb\",\"itemListElement\":[{\"@type\":\"ListItem\",\"position\":1,\"name\":\"Home\",\"item\":\"https:\\\/\\\/europa-forum.org\\\/pl\\\/\"},{\"@type\":\"ListItem\",\"position\":2,\"name\":\"Zaproszenie na spotkanie miesi\u0119czne Europa Forum w dniu 24.11.2022\"}]},{\"@type\":\"WebSite\",\"@id\":\"https:\\\/\\\/europa-forum.org\\\/#website\",\"url\":\"https:\\\/\\\/europa-forum.org\\\/\",\"name\":\"EUROPA FORUM\",\"description\":\"Polsko-Niemieckie Ko\u0142o Gospodarcze we Wroc\u0142awiu\",\"publisher\":{\"@id\":\"https:\\\/\\\/europa-forum.org\\\/#organization\"},\"potentialAction\":[{\"@type\":\"SearchAction\",\"target\":{\"@type\":\"EntryPoint\",\"urlTemplate\":\"https:\\\/\\\/europa-forum.org\\\/?s={search_term_string}\"},\"query-input\":{\"@type\":\"PropertyValueSpecification\",\"valueRequired\":true,\"valueName\":\"search_term_string\"}}],\"inLanguage\":\"pl-PL\"},{\"@type\":\"Organization\",\"@id\":\"https:\\\/\\\/europa-forum.org\\\/#organization\",\"name\":\"EUROPA FORUM\",\"url\":\"https:\\\/\\\/europa-forum.org\\\/\",\"logo\":{\"@type\":\"ImageObject\",\"inLanguage\":\"pl-PL\",\"@id\":\"https:\\\/\\\/europa-forum.org\\\/#\\\/schema\\\/logo\\\/image\\\/\",\"url\":\"https:\\\/\\\/storage.googleapis.com\\\/media-cloud-test-ef\\\/2024\\\/12\\\/logo-square.png\",\"contentUrl\":\"https:\\\/\\\/storage.googleapis.com\\\/media-cloud-test-ef\\\/2024\\\/12\\\/logo-square.png\",\"width\":240,\"height\":240,\"caption\":\"EUROPA FORUM\"},\"image\":{\"@id\":\"https:\\\/\\\/europa-forum.org\\\/#\\\/schema\\\/logo\\\/image\\\/\"},\"sameAs\":[\"https:\\\/\\\/www.facebook.com\\\/EuropaForum\\\/\",\"https:\\\/\\\/www.linkedin.com\\\/company\\\/europa-forum\"]},{\"@type\":\"Person\",\"@id\":\"https:\\\/\\\/europa-forum.org\\\/#\\\/schema\\\/person\\\/78941253d03fdc931167811f69ae5afc\",\"name\":\"Web EUROPA FORUM\",\"image\":{\"@type\":\"ImageObject\",\"inLanguage\":\"pl-PL\",\"@id\":\"https:\\\/\\\/secure.gravatar.com\\\/avatar\\\/a0d9522a5e276ed089f6a92e55c96a108f9d763254edaa18f45f2cae401cb51d?s=96&d=mm&r=g\",\"url\":\"https:\\\/\\\/secure.gravatar.com\\\/avatar\\\/a0d9522a5e276ed089f6a92e55c96a108f9d763254edaa18f45f2cae401cb51d?s=96&d=mm&r=g\",\"contentUrl\":\"https:\\\/\\\/secure.gravatar.com\\\/avatar\\\/a0d9522a5e276ed089f6a92e55c96a108f9d763254edaa18f45f2cae401cb51d?s=96&d=mm&r=g\",\"caption\":\"Web EUROPA FORUM\"}}]}<\/script>\n<!-- \/ Yoast SEO plugin. -->","yoast_head_json":{"title":"Zaproszenie na spotkanie miesi\u0119czne Europa Forum w dniu 24.11.2022 - EUROPA FORUM","robots":{"index":"index","follow":"follow","max-snippet":"max-snippet:-1","max-image-preview":"max-image-preview:large","max-video-preview":"max-video-preview:-1"},"canonical":"https:\/\/europa-forum.org\/2022\/11\/einladung-zum-ef-monatstreffen-am-24-11-2022\/","og_locale":"pl_PL","og_type":"article","og_title":"Zaproszenie na spotkanie miesi\u0119czne Europa Forum w dniu 24.11.2022 - EUROPA FORUM","og_description":"Szanowni cz\u0142onkowie i go\u015bcie Stowarzyszenia, Polsko-Niemieckie Ko\u0142o Gospodarcze EUROPA FORUM zaprasza w listopadzie na spotkanie na temat: Cybersecurity i ochrona danych osobowych &#8211; bezpiecze\u0144stwo cyfrowe w firmie Spotkanie odb\u0119dzie si\u0119 ... Czytaj wi\u0119cej","og_url":"https:\/\/europa-forum.org\/2022\/11\/einladung-zum-ef-monatstreffen-am-24-11-2022\/","og_site_name":"EUROPA FORUM","article_publisher":"https:\/\/www.facebook.com\/EuropaForum\/","article_published_time":"2022-11-18T13:24:04+00:00","article_modified_time":"2022-11-18T15:35:45+00:00","og_image":[{"width":1920,"height":1200,"url":"https:\/\/storage.googleapis.com\/media-cloud-test-ef\/2022\/11\/pl\/security-bild1.jpg","type":"image\/jpeg"}],"author":"Web EUROPA FORUM","twitter_card":"summary_large_image","twitter_misc":{"Napisane przez":"Web EUROPA FORUM","Szacowany czas czytania":"3 minuty"},"schema":{"@context":"https:\/\/schema.org","@graph":[{"@type":"Article","@id":"https:\/\/europa-forum.org\/2022\/11\/einladung-zum-ef-monatstreffen-am-24-11-2022\/#article","isPartOf":{"@id":"https:\/\/europa-forum.org\/2022\/11\/einladung-zum-ef-monatstreffen-am-24-11-2022\/"},"author":{"name":"Web EUROPA FORUM","@id":"https:\/\/europa-forum.org\/#\/schema\/person\/78941253d03fdc931167811f69ae5afc"},"headline":"Zaproszenie na spotkanie miesi\u0119czne Europa Forum w dniu 24.11.2022","datePublished":"2022-11-18T13:24:04+00:00","dateModified":"2022-11-18T15:35:45+00:00","mainEntityOfPage":{"@id":"https:\/\/europa-forum.org\/2022\/11\/einladung-zum-ef-monatstreffen-am-24-11-2022\/"},"wordCount":517,"publisher":{"@id":"https:\/\/europa-forum.org\/#organization"},"image":{"@id":"https:\/\/europa-forum.org\/2022\/11\/einladung-zum-ef-monatstreffen-am-24-11-2022\/#primaryimage"},"thumbnailUrl":"https:\/\/storage.googleapis.com\/media-cloud-test-ef\/2022\/11\/pl\/security-bild1.jpg","keywords":["2022","Ko\u0142o gospodarcze","Polska","Polsko-Niemiecki","Wroc\u0142aw"],"articleSection":["EF Miesi\u0119czne spotkania"],"inLanguage":"pl-PL"},{"@type":"WebPage","@id":"https:\/\/europa-forum.org\/2022\/11\/einladung-zum-ef-monatstreffen-am-24-11-2022\/","url":"https:\/\/europa-forum.org\/2022\/11\/einladung-zum-ef-monatstreffen-am-24-11-2022\/","name":"Zaproszenie na spotkanie miesi\u0119czne Europa Forum w dniu 24.11.2022 - EUROPA FORUM","isPartOf":{"@id":"https:\/\/europa-forum.org\/#website"},"primaryImageOfPage":{"@id":"https:\/\/europa-forum.org\/2022\/11\/einladung-zum-ef-monatstreffen-am-24-11-2022\/#primaryimage"},"image":{"@id":"https:\/\/europa-forum.org\/2022\/11\/einladung-zum-ef-monatstreffen-am-24-11-2022\/#primaryimage"},"thumbnailUrl":"https:\/\/storage.googleapis.com\/media-cloud-test-ef\/2022\/11\/pl\/security-bild1.jpg","datePublished":"2022-11-18T13:24:04+00:00","dateModified":"2022-11-18T15:35:45+00:00","breadcrumb":{"@id":"https:\/\/europa-forum.org\/2022\/11\/einladung-zum-ef-monatstreffen-am-24-11-2022\/#breadcrumb"},"inLanguage":"pl-PL","potentialAction":[{"@type":"ReadAction","target":["https:\/\/europa-forum.org\/2022\/11\/einladung-zum-ef-monatstreffen-am-24-11-2022\/"]}]},{"@type":"ImageObject","inLanguage":"pl-PL","@id":"https:\/\/europa-forum.org\/2022\/11\/einladung-zum-ef-monatstreffen-am-24-11-2022\/#primaryimage","url":"https:\/\/storage.googleapis.com\/media-cloud-test-ef\/2022\/11\/pl\/security-bild1.jpg","contentUrl":"https:\/\/storage.googleapis.com\/media-cloud-test-ef\/2022\/11\/pl\/security-bild1.jpg","width":1920,"height":1200},{"@type":"BreadcrumbList","@id":"https:\/\/europa-forum.org\/2022\/11\/einladung-zum-ef-monatstreffen-am-24-11-2022\/#breadcrumb","itemListElement":[{"@type":"ListItem","position":1,"name":"Home","item":"https:\/\/europa-forum.org\/pl\/"},{"@type":"ListItem","position":2,"name":"Zaproszenie na spotkanie miesi\u0119czne Europa Forum w dniu 24.11.2022"}]},{"@type":"WebSite","@id":"https:\/\/europa-forum.org\/#website","url":"https:\/\/europa-forum.org\/","name":"EUROPA FORUM","description":"Polsko-Niemieckie Ko\u0142o Gospodarcze we Wroc\u0142awiu","publisher":{"@id":"https:\/\/europa-forum.org\/#organization"},"potentialAction":[{"@type":"SearchAction","target":{"@type":"EntryPoint","urlTemplate":"https:\/\/europa-forum.org\/?s={search_term_string}"},"query-input":{"@type":"PropertyValueSpecification","valueRequired":true,"valueName":"search_term_string"}}],"inLanguage":"pl-PL"},{"@type":"Organization","@id":"https:\/\/europa-forum.org\/#organization","name":"EUROPA FORUM","url":"https:\/\/europa-forum.org\/","logo":{"@type":"ImageObject","inLanguage":"pl-PL","@id":"https:\/\/europa-forum.org\/#\/schema\/logo\/image\/","url":"https:\/\/storage.googleapis.com\/media-cloud-test-ef\/2024\/12\/logo-square.png","contentUrl":"https:\/\/storage.googleapis.com\/media-cloud-test-ef\/2024\/12\/logo-square.png","width":240,"height":240,"caption":"EUROPA FORUM"},"image":{"@id":"https:\/\/europa-forum.org\/#\/schema\/logo\/image\/"},"sameAs":["https:\/\/www.facebook.com\/EuropaForum\/","https:\/\/www.linkedin.com\/company\/europa-forum"]},{"@type":"Person","@id":"https:\/\/europa-forum.org\/#\/schema\/person\/78941253d03fdc931167811f69ae5afc","name":"Web EUROPA FORUM","image":{"@type":"ImageObject","inLanguage":"pl-PL","@id":"https:\/\/secure.gravatar.com\/avatar\/a0d9522a5e276ed089f6a92e55c96a108f9d763254edaa18f45f2cae401cb51d?s=96&d=mm&r=g","url":"https:\/\/secure.gravatar.com\/avatar\/a0d9522a5e276ed089f6a92e55c96a108f9d763254edaa18f45f2cae401cb51d?s=96&d=mm&r=g","contentUrl":"https:\/\/secure.gravatar.com\/avatar\/a0d9522a5e276ed089f6a92e55c96a108f9d763254edaa18f45f2cae401cb51d?s=96&d=mm&r=g","caption":"Web EUROPA FORUM"}}]}},"_links":{"self":[{"href":"https:\/\/europa-forum.org\/pl\/wp-json\/wp\/v2\/posts\/26993","targetHints":{"allow":["GET"]}}],"collection":[{"href":"https:\/\/europa-forum.org\/pl\/wp-json\/wp\/v2\/posts"}],"about":[{"href":"https:\/\/europa-forum.org\/pl\/wp-json\/wp\/v2\/types\/post"}],"author":[{"embeddable":true,"href":"https:\/\/europa-forum.org\/pl\/wp-json\/wp\/v2\/users\/34"}],"replies":[{"embeddable":true,"href":"https:\/\/europa-forum.org\/pl\/wp-json\/wp\/v2\/comments?post=26993"}],"version-history":[{"count":7,"href":"https:\/\/europa-forum.org\/pl\/wp-json\/wp\/v2\/posts\/26993\/revisions"}],"predecessor-version":[{"id":27006,"href":"https:\/\/europa-forum.org\/pl\/wp-json\/wp\/v2\/posts\/26993\/revisions\/27006"}],"wp:featuredmedia":[{"embeddable":true,"href":"https:\/\/europa-forum.org\/pl\/wp-json\/wp\/v2\/media\/26987"}],"wp:attachment":[{"href":"https:\/\/europa-forum.org\/pl\/wp-json\/wp\/v2\/media?parent=26993"}],"wp:term":[{"taxonomy":"category","embeddable":true,"href":"https:\/\/europa-forum.org\/pl\/wp-json\/wp\/v2\/categories?post=26993"},{"taxonomy":"post_tag","embeddable":true,"href":"https:\/\/europa-forum.org\/pl\/wp-json\/wp\/v2\/tags?post=26993"}],"curies":[{"name":"wp","href":"https:\/\/api.w.org\/{rel}","templated":true}]}}