{"id":26102,"date":"2022-06-20T06:39:40","date_gmt":"2022-06-20T06:39:40","guid":{"rendered":"https:\/\/europa-forum.org\/?p=26102"},"modified":"2022-06-20T15:16:07","modified_gmt":"2022-06-20T15:16:07","slug":"zaproszenie-na-spotkanie-miesieczne-europa-forum-w-dniu-23-06-2022","status":"publish","type":"post","link":"https:\/\/europa-forum.org\/pl\/2022\/06\/zaproszenie-na-spotkanie-miesieczne-europa-forum-w-dniu-23-06-2022\/","title":{"rendered":"Zaproszenie na spotkanie miesi\u0119czne Europa Forum w dniu 23.06.2022"},"content":{"rendered":"<p>Szanowni Cz\u0142onkowie oraz Go\u015bcie Stowarzyszenia,<\/p>\n<p>Polsko-Niemieckie Ko\u0142o Gospodarcze EUROPA FORUM serdecznie zaprasza na kolejne spotkanie miesi\u0119czne w roku 2022.<\/p>\n<p>Spotkanie odb\u0119dzie si\u0119 w czwartek <strong>23 czerwca 2022 r. o godz. 18.00<\/strong> w DoubleTree by Hilton.<\/p>\n<p><strong>DoubleTree by Hilton<\/strong><br \/>\n<strong>ul. Podwale 84, 50-414 Wroc\u0142aw<\/strong><br \/>\n<!--more--><\/p>\n<p>Tym razem chcieliby\u015bmy zaproponowa\u0107 Pa\u0144stwu tematyk\u0119 ze \u015bwiata IT:<\/p>\n<p><strong>Sztuczna inteligencja i Blockchain \u2013 cyfrowe wyzwania nowej rzeczywisto\u015bci.<\/strong><\/p>\n<p>Prezentacj\u0119 rozpoczn\u0105 goszczeni u nas przedstawiciele stowarzyszenia ITCorner.<\/p>\n<p>Dyrektor Zarz\u0105dzaj\u0105ca ITCorner, Pani Karolina Charewicz-Jakubowska, przedstawi nam klaster zrzeszaj\u0105cy firmy technologiczne z ca\u0142ej Polski i zapozna nas z jego sposobem dzia\u0142ania.<\/p>\n<p>Cz\u0119\u015b\u0107 merytoryczn\u0105 poprowadzi Pan Tomasz Kowalczyk, wieloletni cz\u0142onek ITCorner.<br \/>\nPan Kowalczyk od ponad 15 lat zwi\u0105zany jest z bran\u017c\u0105 IT. Karier\u0119 zaczyna\u0142 jako programista, potem architekt oprogramowania, a nast\u0119pnie kierownik projekt\u00f3w we wroc\u0142awskich firmach IT o zasi\u0119gu polskim i mi\u0119dzynarodowym. Jest za\u0142o\u017cycielem i Prezesem Zarz\u0105du firmy IT specjalizuj\u0105cej si\u0119 w tworzeniu oprogramowania opartego o algorytmy AI i Machine Learning. Wsp\u00f3\u0142za\u0142o\u017cyciel dw\u00f3ch startup\u00f3w, kt\u00f3re pomagaj\u0105 przedsi\u0119biorstwom w transformacji cyfrowej i zarz\u0105dzaniu wiedz\u0105 w organizacji.<br \/>\nTematem prezentacji Pana Kowalczyka b\u0119dzie \u201eSztuczna Inteligencja (AI) w praktyce &#8211; jak zacz\u0105\u0107, gdzie stosowa\u0107 i dlaczego warto\u201d. Podczas tej prelekcji nie b\u0119dzie si\u0119 skupia\u0142 na teorii i formu\u0142kach o AI\/ML lecz zaprezentuje jak najwi\u0119cej praktycznych przyk\u0142ad\u00f3w zastosowa\u0144 algorytm\u00f3w AI, pokazuj\u0105c gdzie algorytmy tego typu wnosz\u0105 najwi\u0119ksz\u0105 warto\u015b\u0107 dla biznesu. Zacznie od zastosowa\u0144 przemys\u0142owych (optymalizacja proces\u00f3w, kontrola jako\u015bci), farmaceutycznych, a\u017c po us\u0142ugi (obieg dokument\u00f3w, customer support, analiza dokument\u00f3w). Om\u00f3wione zostan\u0105 r\u00f3wnie\u017c podstawowe bariery i problemy we wdra\u017caniu tego typu algorytm\u00f3w w praktyce.<\/p>\n<p>Naszym kolejnym prelegentem b\u0119dzie Pan Przemys\u0142aw Huminiecki &#8211; Absolwent Uniwersytetu Ekonomicznego we Wroc\u0142awiu, Za\u0142o\u017cyciel Dolno\u015bl\u0105skiego SF Business Centre Club, Wyk\u0142adowca na Akademii Sprzeda\u017cy w McHayes&#038;Steward Group, Mentor w projekcie Akademickie Inkubatory Przedsi\u0119biorczo\u015bci. Pan Huminiecki jest Entuzjast\u0105 \u015bwiata Cyfrowych Walut i Projekt\u00f3w. Cz\u0142onek Rady Nadzorczej funduszu inwestycyjnego Venture Capital oraz wsp\u00f3\u0142w\u0142a\u015bciciel Akademii Kryptowalut \u2013 Altruists Pro. Pan Huminiecki jako ekspert i praktyk rynku kryptowalut wprowadzi nas w \u015bwiat blockchain.<\/p>\n<p>Szczeg\u00f3\u0142owy program znajd\u0105 Pa\u0144stwo w za\u0142\u0105czniku. <a href=\"https:\/\/storage.googleapis.com\/media-cloud-test-ef\/2022\/06\/gMsGCrie-EF_Monatstreffen_Programm_23.06.2022-PL.pdf\">PROGRAM<\/a><\/p>\n<p><strong>Ze wzgl\u0119du na ograniczon\u0105 ilo\u015b\u0107 uczestnik\u00f3w, uprzejmie prosimy o zg\u0142oszenie uczestnictwa najp\u00f3\u017aniej do 21 czerwca 2022.<\/strong><\/p>\n<p>Link do rejestracji: <a href=\"https:\/\/app.evenea.pl\/event\/europaforum2022\/\" rel=\"noopener\" target=\"_blank\">https:\/\/app.evenea.pl\/event\/europaforum2022\/<\/a><\/p>\n<p><em>***<\/em><br \/>\n<strong>Wa\u017cna informacja<\/strong><br \/>\n<em>Wej\u015bcie na teren, na kt\u00f3rym odbywa si\u0119 wydarzenie jest r\u00f3wnoznaczne ze zgod\u0105 uczestnika na bezp\u0142atn\u0105 publikacj\u0119 (strona internetowa, social media, newsletter) i rozpowszechnianie oraz\/lub czasowo nieograniczone przechowywanie i udost\u0119pnianie zdj\u0119\u0107 wykonanych podczas wydarzenia w ramach dzia\u0142a\u0144 promocyjnych Europa Forum.<br \/>\nJe\u015bli w indywidualnych przypadkach uczestnik spotkania nie wyra\u017ca zgody na publikacj\u0119 jego wizerunku, prosimy o niezw\u0142oczne zg\u0142oszenie tego faktu organizatorowi wydarzenia.<\/em><\/p>\n","protected":false},"excerpt":{"rendered":"<p>Szanowni Cz\u0142onkowie oraz Go\u015bcie Stowarzyszenia, Polsko-Niemieckie Ko\u0142o Gospodarcze EUROPA FORUM serdecznie zaprasza na kolejne spotkanie miesi\u0119czne w roku 2022. Spotkanie odb\u0119dzie si\u0119 w czwartek 23 czerwca 2022 r. o godz. &#8230; <a class=\"read-more\" href=\"https:\/\/europa-forum.org\/pl\/2022\/06\/zaproszenie-na-spotkanie-miesieczne-europa-forum-w-dniu-23-06-2022\/\">Czytaj wi\u0119cej<\/a><\/p>\n","protected":false},"author":34,"featured_media":26105,"comment_status":"closed","ping_status":"open","sticky":false,"template":"","format":"standard","meta":{"ngg_post_thumbnail":0,"footnotes":""},"categories":[57],"tags":[182,181],"class_list":["post-26102","post","type-post","status-publish","format-standard","has-post-thumbnail","hentry","category-ef-miesieczne-spotkania","tag-kolo-gospodarcze-pl","tag-polska-pl"],"yoast_head":"<!-- This site is optimized with the Yoast SEO plugin v27.3 - https:\/\/yoast.com\/product\/yoast-seo-wordpress\/ -->\n<title>Zaproszenie na spotkanie miesi\u0119czne Europa Forum w dniu 23.06.2022 - EUROPA FORUM<\/title>\n<meta name=\"robots\" content=\"index, follow, max-snippet:-1, max-image-preview:large, max-video-preview:-1\" \/>\n<link rel=\"canonical\" href=\"https:\/\/europa-forum.org\/2022\/06\/einladung-zum-ef-monatstreffen-23-06-2022\/\" \/>\n<meta property=\"og:locale\" content=\"pl_PL\" \/>\n<meta property=\"og:type\" content=\"article\" \/>\n<meta property=\"og:title\" content=\"Zaproszenie na spotkanie miesi\u0119czne Europa Forum w dniu 23.06.2022 - EUROPA FORUM\" \/>\n<meta property=\"og:description\" content=\"Szanowni Cz\u0142onkowie oraz Go\u015bcie Stowarzyszenia, Polsko-Niemieckie Ko\u0142o Gospodarcze EUROPA FORUM serdecznie zaprasza na kolejne spotkanie miesi\u0119czne w roku 2022. Spotkanie odb\u0119dzie si\u0119 w czwartek 23 czerwca 2022 r. o godz. ... Czytaj wi\u0119cej\" \/>\n<meta property=\"og:url\" content=\"https:\/\/europa-forum.org\/2022\/06\/einladung-zum-ef-monatstreffen-23-06-2022\/\" \/>\n<meta property=\"og:site_name\" content=\"EUROPA FORUM\" \/>\n<meta property=\"article:publisher\" content=\"https:\/\/www.facebook.com\/EuropaForum\/\" \/>\n<meta property=\"article:published_time\" content=\"2022-06-20T06:39:40+00:00\" \/>\n<meta property=\"article:modified_time\" content=\"2022-06-20T15:16:07+00:00\" \/>\n<meta property=\"og:image\" content=\"https:\/\/storage.googleapis.com\/media-cloud-test-ef\/2022\/06\/pl\/1966259629-huge-scaled.jpg\" \/>\n\t<meta property=\"og:image:width\" content=\"2560\" \/>\n\t<meta property=\"og:image:height\" content=\"1442\" \/>\n\t<meta property=\"og:image:type\" content=\"image\/jpeg\" \/>\n<meta name=\"author\" content=\"Web EUROPA FORUM\" \/>\n<meta name=\"twitter:card\" content=\"summary_large_image\" \/>\n<meta name=\"twitter:label1\" content=\"Napisane przez\" \/>\n\t<meta name=\"twitter:data1\" content=\"Web EUROPA FORUM\" \/>\n\t<meta name=\"twitter:label2\" content=\"Szacowany czas czytania\" \/>\n\t<meta name=\"twitter:data2\" content=\"2 minuty\" \/>\n<script type=\"application\/ld+json\" class=\"yoast-schema-graph\">{\"@context\":\"https:\\\/\\\/schema.org\",\"@graph\":[{\"@type\":\"Article\",\"@id\":\"https:\\\/\\\/europa-forum.org\\\/2022\\\/06\\\/einladung-zum-ef-monatstreffen-23-06-2022\\\/#article\",\"isPartOf\":{\"@id\":\"https:\\\/\\\/europa-forum.org\\\/2022\\\/06\\\/einladung-zum-ef-monatstreffen-23-06-2022\\\/\"},\"author\":{\"name\":\"Web EUROPA FORUM\",\"@id\":\"https:\\\/\\\/europa-forum.org\\\/#\\\/schema\\\/person\\\/78941253d03fdc931167811f69ae5afc\"},\"headline\":\"Zaproszenie na spotkanie miesi\u0119czne Europa Forum w dniu 23.06.2022\",\"datePublished\":\"2022-06-20T06:39:40+00:00\",\"dateModified\":\"2022-06-20T15:16:07+00:00\",\"mainEntityOfPage\":{\"@id\":\"https:\\\/\\\/europa-forum.org\\\/2022\\\/06\\\/einladung-zum-ef-monatstreffen-23-06-2022\\\/\"},\"wordCount\":496,\"publisher\":{\"@id\":\"https:\\\/\\\/europa-forum.org\\\/#organization\"},\"image\":{\"@id\":\"https:\\\/\\\/europa-forum.org\\\/2022\\\/06\\\/einladung-zum-ef-monatstreffen-23-06-2022\\\/#primaryimage\"},\"thumbnailUrl\":\"https:\\\/\\\/storage.googleapis.com\\\/media-cloud-test-ef\\\/2022\\\/06\\\/pl\\\/1966259629-huge-scaled.jpg\",\"keywords\":[\"Ko\u0142o gospodarcze\",\"Polska\"],\"articleSection\":[\"EF Miesi\u0119czne spotkania\"],\"inLanguage\":\"pl-PL\"},{\"@type\":\"WebPage\",\"@id\":\"https:\\\/\\\/europa-forum.org\\\/2022\\\/06\\\/einladung-zum-ef-monatstreffen-23-06-2022\\\/\",\"url\":\"https:\\\/\\\/europa-forum.org\\\/2022\\\/06\\\/einladung-zum-ef-monatstreffen-23-06-2022\\\/\",\"name\":\"Zaproszenie na spotkanie miesi\u0119czne Europa Forum w dniu 23.06.2022 - EUROPA FORUM\",\"isPartOf\":{\"@id\":\"https:\\\/\\\/europa-forum.org\\\/#website\"},\"primaryImageOfPage\":{\"@id\":\"https:\\\/\\\/europa-forum.org\\\/2022\\\/06\\\/einladung-zum-ef-monatstreffen-23-06-2022\\\/#primaryimage\"},\"image\":{\"@id\":\"https:\\\/\\\/europa-forum.org\\\/2022\\\/06\\\/einladung-zum-ef-monatstreffen-23-06-2022\\\/#primaryimage\"},\"thumbnailUrl\":\"https:\\\/\\\/storage.googleapis.com\\\/media-cloud-test-ef\\\/2022\\\/06\\\/pl\\\/1966259629-huge-scaled.jpg\",\"datePublished\":\"2022-06-20T06:39:40+00:00\",\"dateModified\":\"2022-06-20T15:16:07+00:00\",\"breadcrumb\":{\"@id\":\"https:\\\/\\\/europa-forum.org\\\/2022\\\/06\\\/einladung-zum-ef-monatstreffen-23-06-2022\\\/#breadcrumb\"},\"inLanguage\":\"pl-PL\",\"potentialAction\":[{\"@type\":\"ReadAction\",\"target\":[\"https:\\\/\\\/europa-forum.org\\\/2022\\\/06\\\/einladung-zum-ef-monatstreffen-23-06-2022\\\/\"]}]},{\"@type\":\"ImageObject\",\"inLanguage\":\"pl-PL\",\"@id\":\"https:\\\/\\\/europa-forum.org\\\/2022\\\/06\\\/einladung-zum-ef-monatstreffen-23-06-2022\\\/#primaryimage\",\"url\":\"https:\\\/\\\/storage.googleapis.com\\\/media-cloud-test-ef\\\/2022\\\/06\\\/pl\\\/1966259629-huge-scaled.jpg\",\"contentUrl\":\"https:\\\/\\\/storage.googleapis.com\\\/media-cloud-test-ef\\\/2022\\\/06\\\/pl\\\/1966259629-huge-scaled.jpg\",\"width\":2560,\"height\":1442,\"caption\":\"Einladung zum EF Monatstreffen 23.06.2022\"},{\"@type\":\"BreadcrumbList\",\"@id\":\"https:\\\/\\\/europa-forum.org\\\/2022\\\/06\\\/einladung-zum-ef-monatstreffen-23-06-2022\\\/#breadcrumb\",\"itemListElement\":[{\"@type\":\"ListItem\",\"position\":1,\"name\":\"Home\",\"item\":\"https:\\\/\\\/europa-forum.org\\\/pl\\\/\"},{\"@type\":\"ListItem\",\"position\":2,\"name\":\"Zaproszenie na spotkanie miesi\u0119czne Europa Forum w dniu 23.06.2022\"}]},{\"@type\":\"WebSite\",\"@id\":\"https:\\\/\\\/europa-forum.org\\\/#website\",\"url\":\"https:\\\/\\\/europa-forum.org\\\/\",\"name\":\"EUROPA FORUM\",\"description\":\"Polsko-Niemieckie Ko\u0142o Gospodarcze we Wroc\u0142awiu\",\"publisher\":{\"@id\":\"https:\\\/\\\/europa-forum.org\\\/#organization\"},\"potentialAction\":[{\"@type\":\"SearchAction\",\"target\":{\"@type\":\"EntryPoint\",\"urlTemplate\":\"https:\\\/\\\/europa-forum.org\\\/?s={search_term_string}\"},\"query-input\":{\"@type\":\"PropertyValueSpecification\",\"valueRequired\":true,\"valueName\":\"search_term_string\"}}],\"inLanguage\":\"pl-PL\"},{\"@type\":\"Organization\",\"@id\":\"https:\\\/\\\/europa-forum.org\\\/#organization\",\"name\":\"EUROPA FORUM\",\"url\":\"https:\\\/\\\/europa-forum.org\\\/\",\"logo\":{\"@type\":\"ImageObject\",\"inLanguage\":\"pl-PL\",\"@id\":\"https:\\\/\\\/europa-forum.org\\\/#\\\/schema\\\/logo\\\/image\\\/\",\"url\":\"https:\\\/\\\/storage.googleapis.com\\\/media-cloud-test-ef\\\/2024\\\/12\\\/logo-square.png\",\"contentUrl\":\"https:\\\/\\\/storage.googleapis.com\\\/media-cloud-test-ef\\\/2024\\\/12\\\/logo-square.png\",\"width\":240,\"height\":240,\"caption\":\"EUROPA FORUM\"},\"image\":{\"@id\":\"https:\\\/\\\/europa-forum.org\\\/#\\\/schema\\\/logo\\\/image\\\/\"},\"sameAs\":[\"https:\\\/\\\/www.facebook.com\\\/EuropaForum\\\/\",\"https:\\\/\\\/www.linkedin.com\\\/company\\\/europa-forum\"]},{\"@type\":\"Person\",\"@id\":\"https:\\\/\\\/europa-forum.org\\\/#\\\/schema\\\/person\\\/78941253d03fdc931167811f69ae5afc\",\"name\":\"Web EUROPA FORUM\",\"image\":{\"@type\":\"ImageObject\",\"inLanguage\":\"pl-PL\",\"@id\":\"https:\\\/\\\/secure.gravatar.com\\\/avatar\\\/a0d9522a5e276ed089f6a92e55c96a108f9d763254edaa18f45f2cae401cb51d?s=96&d=mm&r=g\",\"url\":\"https:\\\/\\\/secure.gravatar.com\\\/avatar\\\/a0d9522a5e276ed089f6a92e55c96a108f9d763254edaa18f45f2cae401cb51d?s=96&d=mm&r=g\",\"contentUrl\":\"https:\\\/\\\/secure.gravatar.com\\\/avatar\\\/a0d9522a5e276ed089f6a92e55c96a108f9d763254edaa18f45f2cae401cb51d?s=96&d=mm&r=g\",\"caption\":\"Web EUROPA FORUM\"}}]}<\/script>\n<!-- \/ Yoast SEO plugin. -->","yoast_head_json":{"title":"Zaproszenie na spotkanie miesi\u0119czne Europa Forum w dniu 23.06.2022 - EUROPA FORUM","robots":{"index":"index","follow":"follow","max-snippet":"max-snippet:-1","max-image-preview":"max-image-preview:large","max-video-preview":"max-video-preview:-1"},"canonical":"https:\/\/europa-forum.org\/2022\/06\/einladung-zum-ef-monatstreffen-23-06-2022\/","og_locale":"pl_PL","og_type":"article","og_title":"Zaproszenie na spotkanie miesi\u0119czne Europa Forum w dniu 23.06.2022 - EUROPA FORUM","og_description":"Szanowni Cz\u0142onkowie oraz Go\u015bcie Stowarzyszenia, Polsko-Niemieckie Ko\u0142o Gospodarcze EUROPA FORUM serdecznie zaprasza na kolejne spotkanie miesi\u0119czne w roku 2022. Spotkanie odb\u0119dzie si\u0119 w czwartek 23 czerwca 2022 r. o godz. ... Czytaj wi\u0119cej","og_url":"https:\/\/europa-forum.org\/2022\/06\/einladung-zum-ef-monatstreffen-23-06-2022\/","og_site_name":"EUROPA FORUM","article_publisher":"https:\/\/www.facebook.com\/EuropaForum\/","article_published_time":"2022-06-20T06:39:40+00:00","article_modified_time":"2022-06-20T15:16:07+00:00","og_image":[{"width":2560,"height":1442,"url":"https:\/\/storage.googleapis.com\/media-cloud-test-ef\/2022\/06\/pl\/1966259629-huge-scaled.jpg","type":"image\/jpeg"}],"author":"Web EUROPA FORUM","twitter_card":"summary_large_image","twitter_misc":{"Napisane przez":"Web EUROPA FORUM","Szacowany czas czytania":"2 minuty"},"schema":{"@context":"https:\/\/schema.org","@graph":[{"@type":"Article","@id":"https:\/\/europa-forum.org\/2022\/06\/einladung-zum-ef-monatstreffen-23-06-2022\/#article","isPartOf":{"@id":"https:\/\/europa-forum.org\/2022\/06\/einladung-zum-ef-monatstreffen-23-06-2022\/"},"author":{"name":"Web EUROPA FORUM","@id":"https:\/\/europa-forum.org\/#\/schema\/person\/78941253d03fdc931167811f69ae5afc"},"headline":"Zaproszenie na spotkanie miesi\u0119czne Europa Forum w dniu 23.06.2022","datePublished":"2022-06-20T06:39:40+00:00","dateModified":"2022-06-20T15:16:07+00:00","mainEntityOfPage":{"@id":"https:\/\/europa-forum.org\/2022\/06\/einladung-zum-ef-monatstreffen-23-06-2022\/"},"wordCount":496,"publisher":{"@id":"https:\/\/europa-forum.org\/#organization"},"image":{"@id":"https:\/\/europa-forum.org\/2022\/06\/einladung-zum-ef-monatstreffen-23-06-2022\/#primaryimage"},"thumbnailUrl":"https:\/\/storage.googleapis.com\/media-cloud-test-ef\/2022\/06\/pl\/1966259629-huge-scaled.jpg","keywords":["Ko\u0142o gospodarcze","Polska"],"articleSection":["EF Miesi\u0119czne spotkania"],"inLanguage":"pl-PL"},{"@type":"WebPage","@id":"https:\/\/europa-forum.org\/2022\/06\/einladung-zum-ef-monatstreffen-23-06-2022\/","url":"https:\/\/europa-forum.org\/2022\/06\/einladung-zum-ef-monatstreffen-23-06-2022\/","name":"Zaproszenie na spotkanie miesi\u0119czne Europa Forum w dniu 23.06.2022 - EUROPA FORUM","isPartOf":{"@id":"https:\/\/europa-forum.org\/#website"},"primaryImageOfPage":{"@id":"https:\/\/europa-forum.org\/2022\/06\/einladung-zum-ef-monatstreffen-23-06-2022\/#primaryimage"},"image":{"@id":"https:\/\/europa-forum.org\/2022\/06\/einladung-zum-ef-monatstreffen-23-06-2022\/#primaryimage"},"thumbnailUrl":"https:\/\/storage.googleapis.com\/media-cloud-test-ef\/2022\/06\/pl\/1966259629-huge-scaled.jpg","datePublished":"2022-06-20T06:39:40+00:00","dateModified":"2022-06-20T15:16:07+00:00","breadcrumb":{"@id":"https:\/\/europa-forum.org\/2022\/06\/einladung-zum-ef-monatstreffen-23-06-2022\/#breadcrumb"},"inLanguage":"pl-PL","potentialAction":[{"@type":"ReadAction","target":["https:\/\/europa-forum.org\/2022\/06\/einladung-zum-ef-monatstreffen-23-06-2022\/"]}]},{"@type":"ImageObject","inLanguage":"pl-PL","@id":"https:\/\/europa-forum.org\/2022\/06\/einladung-zum-ef-monatstreffen-23-06-2022\/#primaryimage","url":"https:\/\/storage.googleapis.com\/media-cloud-test-ef\/2022\/06\/pl\/1966259629-huge-scaled.jpg","contentUrl":"https:\/\/storage.googleapis.com\/media-cloud-test-ef\/2022\/06\/pl\/1966259629-huge-scaled.jpg","width":2560,"height":1442,"caption":"Einladung zum EF Monatstreffen 23.06.2022"},{"@type":"BreadcrumbList","@id":"https:\/\/europa-forum.org\/2022\/06\/einladung-zum-ef-monatstreffen-23-06-2022\/#breadcrumb","itemListElement":[{"@type":"ListItem","position":1,"name":"Home","item":"https:\/\/europa-forum.org\/pl\/"},{"@type":"ListItem","position":2,"name":"Zaproszenie na spotkanie miesi\u0119czne Europa Forum w dniu 23.06.2022"}]},{"@type":"WebSite","@id":"https:\/\/europa-forum.org\/#website","url":"https:\/\/europa-forum.org\/","name":"EUROPA FORUM","description":"Polsko-Niemieckie Ko\u0142o Gospodarcze we Wroc\u0142awiu","publisher":{"@id":"https:\/\/europa-forum.org\/#organization"},"potentialAction":[{"@type":"SearchAction","target":{"@type":"EntryPoint","urlTemplate":"https:\/\/europa-forum.org\/?s={search_term_string}"},"query-input":{"@type":"PropertyValueSpecification","valueRequired":true,"valueName":"search_term_string"}}],"inLanguage":"pl-PL"},{"@type":"Organization","@id":"https:\/\/europa-forum.org\/#organization","name":"EUROPA FORUM","url":"https:\/\/europa-forum.org\/","logo":{"@type":"ImageObject","inLanguage":"pl-PL","@id":"https:\/\/europa-forum.org\/#\/schema\/logo\/image\/","url":"https:\/\/storage.googleapis.com\/media-cloud-test-ef\/2024\/12\/logo-square.png","contentUrl":"https:\/\/storage.googleapis.com\/media-cloud-test-ef\/2024\/12\/logo-square.png","width":240,"height":240,"caption":"EUROPA FORUM"},"image":{"@id":"https:\/\/europa-forum.org\/#\/schema\/logo\/image\/"},"sameAs":["https:\/\/www.facebook.com\/EuropaForum\/","https:\/\/www.linkedin.com\/company\/europa-forum"]},{"@type":"Person","@id":"https:\/\/europa-forum.org\/#\/schema\/person\/78941253d03fdc931167811f69ae5afc","name":"Web EUROPA FORUM","image":{"@type":"ImageObject","inLanguage":"pl-PL","@id":"https:\/\/secure.gravatar.com\/avatar\/a0d9522a5e276ed089f6a92e55c96a108f9d763254edaa18f45f2cae401cb51d?s=96&d=mm&r=g","url":"https:\/\/secure.gravatar.com\/avatar\/a0d9522a5e276ed089f6a92e55c96a108f9d763254edaa18f45f2cae401cb51d?s=96&d=mm&r=g","contentUrl":"https:\/\/secure.gravatar.com\/avatar\/a0d9522a5e276ed089f6a92e55c96a108f9d763254edaa18f45f2cae401cb51d?s=96&d=mm&r=g","caption":"Web EUROPA FORUM"}}]}},"_links":{"self":[{"href":"https:\/\/europa-forum.org\/pl\/wp-json\/wp\/v2\/posts\/26102","targetHints":{"allow":["GET"]}}],"collection":[{"href":"https:\/\/europa-forum.org\/pl\/wp-json\/wp\/v2\/posts"}],"about":[{"href":"https:\/\/europa-forum.org\/pl\/wp-json\/wp\/v2\/types\/post"}],"author":[{"embeddable":true,"href":"https:\/\/europa-forum.org\/pl\/wp-json\/wp\/v2\/users\/34"}],"replies":[{"embeddable":true,"href":"https:\/\/europa-forum.org\/pl\/wp-json\/wp\/v2\/comments?post=26102"}],"version-history":[{"count":8,"href":"https:\/\/europa-forum.org\/pl\/wp-json\/wp\/v2\/posts\/26102\/revisions"}],"predecessor-version":[{"id":26161,"href":"https:\/\/europa-forum.org\/pl\/wp-json\/wp\/v2\/posts\/26102\/revisions\/26161"}],"wp:featuredmedia":[{"embeddable":true,"href":"https:\/\/europa-forum.org\/pl\/wp-json\/wp\/v2\/media\/26105"}],"wp:attachment":[{"href":"https:\/\/europa-forum.org\/pl\/wp-json\/wp\/v2\/media?parent=26102"}],"wp:term":[{"taxonomy":"category","embeddable":true,"href":"https:\/\/europa-forum.org\/pl\/wp-json\/wp\/v2\/categories?post=26102"},{"taxonomy":"post_tag","embeddable":true,"href":"https:\/\/europa-forum.org\/pl\/wp-json\/wp\/v2\/tags?post=26102"}],"curies":[{"name":"wp","href":"https:\/\/api.w.org\/{rel}","templated":true}]}}