{"id":26074,"date":"2022-05-20T11:33:20","date_gmt":"2022-05-20T11:33:20","guid":{"rendered":"https:\/\/europa-forum.org\/?p=26074"},"modified":"2022-05-20T15:16:06","modified_gmt":"2022-05-20T15:16:06","slug":"zaproszenie-na-spotkanie-miesieczne-europa-forum-w-dniu-26-05-2022","status":"publish","type":"post","link":"https:\/\/europa-forum.org\/pl\/2022\/05\/zaproszenie-na-spotkanie-miesieczne-europa-forum-w-dniu-26-05-2022\/","title":{"rendered":"Zaproszenie na spotkanie miesi\u0119czne Europa Forum w dniu 26.05.2022"},"content":{"rendered":"<p>Szanowni Cz\u0142onkowie oraz Go\u015bcie Stowarzyszenia,<\/p>\n<p>Polsko-Niemieckie Ko\u0142o Gospodarcze EUROPA FORUM serdecznie zaprasza na kolejne spotkanie miesi\u0119czne w roku 2022.<\/p>\n<p>Spotkanie odb\u0119dzie si\u0119 w czwartek <strong>26 maja 2022 r. o godz. 18.00<\/strong> w biurze <strong>Hewlett Packard Enterprise<\/strong>.<\/p>\n<p><strong>Hewlett Packard Enterprise<br \/>\nUl. Ks. Piotra Skargi 1, 50-082 Wroc\u0142aw<\/strong><br \/>\n<!--more--><\/p>\n<p>Tym razem chcieliby\u015bmy zaproponowa\u0107 Pa\u0144stwu tematyk\u0119 prawn\u0105 w ramach wydarzenia hybrydowego, w kt\u00f3rym mo\u017cna wzi\u0105\u0107 udzia\u0142 zar\u00f3wno b\u0119d\u0105c na miejscu, jak i online:<br \/>\n<strong>\u201ePrzecie\u017c to w naszym wsp\u00f3lnym interesie!\u201d \u2013 kilka s\u0142\u00f3w o wi\u0105\u017c\u0105cych poleceniach w grupach sp\u00f3\u0142ek i nadchodz\u0105cym prawie koncernowym<\/strong><\/p>\n<p>Naszym prelegentem b\u0119dzie adw. Dorian Duda z cz\u0142onkowskiej kancelarii Keller &#038; Wsp\u00f3lnicy.<\/p>\n<p>Punktem wyj\u015bcia wyk\u0142adu b\u0119dzie nowelizacja Kodeksu sp\u00f3\u0142ek handlowych wprowadzaj\u0105ca do polskiego porz\u0105dku prawnego tzw. prawo holdingowe, zwane r\u00f3wnie\u017c prawem koncernowym. Nowelizacja ta zacznie obowi\u0105zywa\u0107 ju\u017c od pa\u017adziernika i przyniesie wa\u017cne zmiany dla sp\u00f3\u0142ek funkcjonuj\u0105cych w Polsce, kt\u00f3re organizacyjnie podlegaj\u0105 swoim sp\u00f3\u0142kom-matkom \u2013 zar\u00f3wno krajowym, jak i zagranicznym.<br \/>\nZ perspektywy grupy kapita\u0142owej istotny jest interes ekonomiczny ca\u0142ej grupy, a nie wy\u0142\u0105cznie poszczeg\u00f3lnych jej uczestnik\u00f3w. Z tych wzgl\u0119d\u00f3w, mened\u017cerowie sp\u00f3\u0142ek podleg\u0142ych cz\u0119sto szukaj\u0105 odpowiedzi na pytanie jak traktowa\u0107 polecenia dotycz\u0105ce podejmowania okre\u015blonych decyzji wydane przez sp\u00f3\u0142k\u0119-matk\u0119. Musz\u0105 oni zwykle dba\u0107 o interes ca\u0142ej grupy, nawet je\u015bli podejmowane przez nich decyzje nie s\u0105 najkorzystniejsze z perspektywy zarz\u0105dzanej przez nich pojedynczej sp\u00f3\u0142ki. Nowe przepisy otwieraj\u0105 mo\u017cliwo\u015b\u0107 bardziej komfortowego podejmowania decyzji faworyzuj\u0105cych interes grupy, a tak\u017ce ograniczaj\u0105 odpowiedzialno\u015b\u0107 mened\u017cer\u00f3w w takich sytuacjach.<br \/>\nZ drugiej strony, poza mo\u017cliwo\u015bci\u0105 wydawania wi\u0105\u017c\u0105cych polece\u0144 sp\u00f3\u0142kom zale\u017cnym, nowelizacja zawiera szereg przepis\u00f3w u\u0142atwiaj\u0105cych sp\u00f3\u0142ce dominuj\u0105cej sprawne zarz\u0105dzanie grup\u0105 podleg\u0142ych jej sp\u00f3\u0142ek. Istotnym instrumentem wzmacniaj\u0105cym pozycj\u0119 sp\u00f3\u0142ki dominuj\u0105cej b\u0119dzie mo\u017cliwo\u015b\u0107 przymusowego wykupu udzia\u0142\u00f3w lub akcji nale\u017c\u0105cych do mniejszo\u015bciowych wsp\u00f3lnik\u00f3w sp\u00f3\u0142ki zale\u017cnej.<br \/>\nNowelizacja zawiera wiele innych zmian, m.in. w zakresie mo\u017cliwo\u015bci dochodzenia przez wierzyciela sp\u00f3\u0142ki-c\u00f3rki roszcze\u0144 wzgl\u0119dem sp\u00f3\u0142ki dominuj\u0105cej czy te\u017c obowi\u0105zku protoko\u0142owania posiedze\u0144 zarz\u0105du. Aby niekt\u00f3re nowe rozwi\u0105zania znalaz\u0142y zastosowanie, sp\u00f3\u0142ki b\u0119d\u0105 musia\u0142y podj\u0105\u0107 stosowne korporacyjne kroki. <\/p>\n<p>O zmianach i ich znaczeniu b\u0119dzie mo\u017cna porozmawia\u0107 podczas rundy dyskusyjnej po prezentacji.<\/p>\n<p>Serdecznie zapraszamy na niniejsze hybrydowe wydarzenie, w kt\u00f3rym mo\u017cna wzi\u0105\u0107 udzia\u0142 zar\u00f3wno na miejscu w siedzibie HPE, jak i online. Prosimy, aby osoby zainteresowane spotkaniem w formie online, dodatkowo poinformowa\u0142y nas o tym, wysy\u0142aj\u0105c e-mail na adres <a href=\"mailto:info@ef.com.pl\">info@ef.com.pl<\/a><\/p>\n<p>Szczeg\u00f3\u0142owy program znajd\u0105 Pa\u0144stwo w za\u0142\u0105czniku. <a href=\"https:\/\/storage.googleapis.com\/media-cloud-test-ef\/2022\/05\/EF_Monatstreffen_Programm_26.05.2022-PL.pdf\">PROGRAM<\/a><\/p>\n<p><strong>Ze wzgl\u0119du na ograniczon\u0105 ilo\u015b\u0107 uczestnik\u00f3w, uprzejmie prosimy o zg\u0142oszenie uczestnictwa najp\u00f3\u017aniej do 24 maja 2022.<\/strong><\/p>\n<p>Link do rejestracji: <a href=\"https:\/\/app.evenea.pl\/event\/336283-58\/\">https:\/\/app.evenea.pl\/event\/336283-58\/<\/a><\/p>\n<p><strong>Wa\u017cna informacja<\/strong><\/p>\n<p><em>Wej\u015bcie na teren, na kt\u00f3rym odbywa si\u0119 wydarzenie jest r\u00f3wnoznaczne ze zgod\u0105 uczestnika na bezp\u0142atn\u0105 publikacj\u0119 (strona internetowa, social media, newsletter) i rozpowszechnianie oraz\/lub czasowo nieograniczone przechowywanie i udost\u0119pnianie zdj\u0119\u0107 wykonanych podczas wydarzenia w ramach dzia\u0142a\u0144 promocyjnych Europa Forum.<br \/>\n    Je\u015bli w indywidualnych przypadkach uczestnik spotkania nie wyra\u017ca zgody na publikacj\u0119 jego wizerunku, prosimy o niezw\u0142oczne zg\u0142oszenie tego faktu organizatorowi wydarzenia.<\/em> <\/p>\n","protected":false},"excerpt":{"rendered":"<p>Szanowni Cz\u0142onkowie oraz Go\u015bcie Stowarzyszenia, Polsko-Niemieckie Ko\u0142o Gospodarcze EUROPA FORUM serdecznie zaprasza na kolejne spotkanie miesi\u0119czne w roku 2022. Spotkanie odb\u0119dzie si\u0119 w czwartek 26 maja 2022 r. o godz. &#8230; <a class=\"read-more\" href=\"https:\/\/europa-forum.org\/pl\/2022\/05\/zaproszenie-na-spotkanie-miesieczne-europa-forum-w-dniu-26-05-2022\/\">Czytaj wi\u0119cej<\/a><\/p>\n","protected":false},"author":34,"featured_media":26073,"comment_status":"closed","ping_status":"open","sticky":false,"template":"","format":"standard","meta":{"ngg_post_thumbnail":0,"footnotes":""},"categories":[57],"tags":[53,148,182,181,180,69],"class_list":["post-26074","post","type-post","status-publish","format-standard","has-post-thumbnail","hentry","category-ef-miesieczne-spotkania","tag-europa-forum-wroclaw","tag-gospodarka","tag-kolo-gospodarcze-pl","tag-polska-pl","tag-polsko-niemiecki-pl","tag-wroclaw"],"yoast_head":"<!-- This site is optimized with the Yoast SEO plugin v27.3 - https:\/\/yoast.com\/product\/yoast-seo-wordpress\/ -->\n<title>Zaproszenie na spotkanie miesi\u0119czne Europa Forum w dniu 26.05.2022 - EUROPA FORUM<\/title>\n<meta name=\"robots\" content=\"index, follow, max-snippet:-1, max-image-preview:large, max-video-preview:-1\" \/>\n<link rel=\"canonical\" href=\"https:\/\/europa-forum.org\/2022\/05\/einladung-zum-ef-monatstreffen-26-05-2022\/\" \/>\n<meta property=\"og:locale\" content=\"pl_PL\" \/>\n<meta property=\"og:type\" content=\"article\" \/>\n<meta property=\"og:title\" content=\"Zaproszenie na spotkanie miesi\u0119czne Europa Forum w dniu 26.05.2022 - EUROPA FORUM\" \/>\n<meta property=\"og:description\" content=\"Szanowni Cz\u0142onkowie oraz Go\u015bcie Stowarzyszenia, Polsko-Niemieckie Ko\u0142o Gospodarcze EUROPA FORUM serdecznie zaprasza na kolejne spotkanie miesi\u0119czne w roku 2022. Spotkanie odb\u0119dzie si\u0119 w czwartek 26 maja 2022 r. o godz. ... Czytaj wi\u0119cej\" \/>\n<meta property=\"og:url\" content=\"https:\/\/europa-forum.org\/2022\/05\/einladung-zum-ef-monatstreffen-26-05-2022\/\" \/>\n<meta property=\"og:site_name\" content=\"EUROPA FORUM\" \/>\n<meta property=\"article:publisher\" content=\"https:\/\/www.facebook.com\/EuropaForum\/\" \/>\n<meta property=\"article:published_time\" content=\"2022-05-20T11:33:20+00:00\" \/>\n<meta property=\"article:modified_time\" content=\"2022-05-20T15:16:06+00:00\" \/>\n<meta property=\"og:image\" content=\"https:\/\/storage.googleapis.com\/media-cloud-test-ef\/2022\/05\/de\/obrazek-prawo.jpg\" \/>\n\t<meta property=\"og:image:width\" content=\"1911\" \/>\n\t<meta property=\"og:image:height\" content=\"1240\" \/>\n\t<meta property=\"og:image:type\" content=\"image\/jpeg\" \/>\n<meta name=\"author\" content=\"Web EUROPA FORUM\" \/>\n<meta name=\"twitter:card\" content=\"summary_large_image\" \/>\n<meta name=\"twitter:label1\" content=\"Napisane przez\" \/>\n\t<meta name=\"twitter:data1\" content=\"Web EUROPA FORUM\" \/>\n\t<meta name=\"twitter:label2\" content=\"Szacowany czas czytania\" \/>\n\t<meta name=\"twitter:data2\" content=\"3 minuty\" \/>\n<script type=\"application\/ld+json\" class=\"yoast-schema-graph\">{\"@context\":\"https:\\\/\\\/schema.org\",\"@graph\":[{\"@type\":\"Article\",\"@id\":\"https:\\\/\\\/europa-forum.org\\\/2022\\\/05\\\/einladung-zum-ef-monatstreffen-26-05-2022\\\/#article\",\"isPartOf\":{\"@id\":\"https:\\\/\\\/europa-forum.org\\\/2022\\\/05\\\/einladung-zum-ef-monatstreffen-26-05-2022\\\/\"},\"author\":{\"name\":\"Web EUROPA FORUM\",\"@id\":\"https:\\\/\\\/europa-forum.org\\\/#\\\/schema\\\/person\\\/78941253d03fdc931167811f69ae5afc\"},\"headline\":\"Zaproszenie na spotkanie miesi\u0119czne Europa Forum w dniu 26.05.2022\",\"datePublished\":\"2022-05-20T11:33:20+00:00\",\"dateModified\":\"2022-05-20T15:16:06+00:00\",\"mainEntityOfPage\":{\"@id\":\"https:\\\/\\\/europa-forum.org\\\/2022\\\/05\\\/einladung-zum-ef-monatstreffen-26-05-2022\\\/\"},\"wordCount\":581,\"publisher\":{\"@id\":\"https:\\\/\\\/europa-forum.org\\\/#organization\"},\"image\":{\"@id\":\"https:\\\/\\\/europa-forum.org\\\/2022\\\/05\\\/einladung-zum-ef-monatstreffen-26-05-2022\\\/#primaryimage\"},\"thumbnailUrl\":\"https:\\\/\\\/storage.googleapis.com\\\/media-cloud-test-ef\\\/2022\\\/05\\\/de\\\/obrazek-prawo.jpg\",\"keywords\":[\"Europa Forum Wroc\u0142aw\",\"Gospodarka\",\"Ko\u0142o gospodarcze\",\"Polska\",\"Polsko-Niemiecki\",\"Wroc\u0142aw\"],\"articleSection\":[\"EF Miesi\u0119czne spotkania\"],\"inLanguage\":\"pl-PL\"},{\"@type\":\"WebPage\",\"@id\":\"https:\\\/\\\/europa-forum.org\\\/2022\\\/05\\\/einladung-zum-ef-monatstreffen-26-05-2022\\\/\",\"url\":\"https:\\\/\\\/europa-forum.org\\\/2022\\\/05\\\/einladung-zum-ef-monatstreffen-26-05-2022\\\/\",\"name\":\"Zaproszenie na spotkanie miesi\u0119czne Europa Forum w dniu 26.05.2022 - EUROPA FORUM\",\"isPartOf\":{\"@id\":\"https:\\\/\\\/europa-forum.org\\\/#website\"},\"primaryImageOfPage\":{\"@id\":\"https:\\\/\\\/europa-forum.org\\\/2022\\\/05\\\/einladung-zum-ef-monatstreffen-26-05-2022\\\/#primaryimage\"},\"image\":{\"@id\":\"https:\\\/\\\/europa-forum.org\\\/2022\\\/05\\\/einladung-zum-ef-monatstreffen-26-05-2022\\\/#primaryimage\"},\"thumbnailUrl\":\"https:\\\/\\\/storage.googleapis.com\\\/media-cloud-test-ef\\\/2022\\\/05\\\/de\\\/obrazek-prawo.jpg\",\"datePublished\":\"2022-05-20T11:33:20+00:00\",\"dateModified\":\"2022-05-20T15:16:06+00:00\",\"breadcrumb\":{\"@id\":\"https:\\\/\\\/europa-forum.org\\\/2022\\\/05\\\/einladung-zum-ef-monatstreffen-26-05-2022\\\/#breadcrumb\"},\"inLanguage\":\"pl-PL\",\"potentialAction\":[{\"@type\":\"ReadAction\",\"target\":[\"https:\\\/\\\/europa-forum.org\\\/2022\\\/05\\\/einladung-zum-ef-monatstreffen-26-05-2022\\\/\"]}]},{\"@type\":\"ImageObject\",\"inLanguage\":\"pl-PL\",\"@id\":\"https:\\\/\\\/europa-forum.org\\\/2022\\\/05\\\/einladung-zum-ef-monatstreffen-26-05-2022\\\/#primaryimage\",\"url\":\"https:\\\/\\\/storage.googleapis.com\\\/media-cloud-test-ef\\\/2022\\\/05\\\/de\\\/obrazek-prawo.jpg\",\"contentUrl\":\"https:\\\/\\\/storage.googleapis.com\\\/media-cloud-test-ef\\\/2022\\\/05\\\/de\\\/obrazek-prawo.jpg\",\"width\":1911,\"height\":1240,\"caption\":\"EF Monatstreffen\"},{\"@type\":\"BreadcrumbList\",\"@id\":\"https:\\\/\\\/europa-forum.org\\\/2022\\\/05\\\/einladung-zum-ef-monatstreffen-26-05-2022\\\/#breadcrumb\",\"itemListElement\":[{\"@type\":\"ListItem\",\"position\":1,\"name\":\"Home\",\"item\":\"https:\\\/\\\/europa-forum.org\\\/pl\\\/\"},{\"@type\":\"ListItem\",\"position\":2,\"name\":\"Zaproszenie na spotkanie miesi\u0119czne Europa Forum w dniu 26.05.2022\"}]},{\"@type\":\"WebSite\",\"@id\":\"https:\\\/\\\/europa-forum.org\\\/#website\",\"url\":\"https:\\\/\\\/europa-forum.org\\\/\",\"name\":\"EUROPA FORUM\",\"description\":\"Polsko-Niemieckie Ko\u0142o Gospodarcze we Wroc\u0142awiu\",\"publisher\":{\"@id\":\"https:\\\/\\\/europa-forum.org\\\/#organization\"},\"potentialAction\":[{\"@type\":\"SearchAction\",\"target\":{\"@type\":\"EntryPoint\",\"urlTemplate\":\"https:\\\/\\\/europa-forum.org\\\/?s={search_term_string}\"},\"query-input\":{\"@type\":\"PropertyValueSpecification\",\"valueRequired\":true,\"valueName\":\"search_term_string\"}}],\"inLanguage\":\"pl-PL\"},{\"@type\":\"Organization\",\"@id\":\"https:\\\/\\\/europa-forum.org\\\/#organization\",\"name\":\"EUROPA FORUM\",\"url\":\"https:\\\/\\\/europa-forum.org\\\/\",\"logo\":{\"@type\":\"ImageObject\",\"inLanguage\":\"pl-PL\",\"@id\":\"https:\\\/\\\/europa-forum.org\\\/#\\\/schema\\\/logo\\\/image\\\/\",\"url\":\"https:\\\/\\\/storage.googleapis.com\\\/media-cloud-test-ef\\\/2024\\\/12\\\/logo-square.png\",\"contentUrl\":\"https:\\\/\\\/storage.googleapis.com\\\/media-cloud-test-ef\\\/2024\\\/12\\\/logo-square.png\",\"width\":240,\"height\":240,\"caption\":\"EUROPA FORUM\"},\"image\":{\"@id\":\"https:\\\/\\\/europa-forum.org\\\/#\\\/schema\\\/logo\\\/image\\\/\"},\"sameAs\":[\"https:\\\/\\\/www.facebook.com\\\/EuropaForum\\\/\",\"https:\\\/\\\/www.linkedin.com\\\/company\\\/europa-forum\"]},{\"@type\":\"Person\",\"@id\":\"https:\\\/\\\/europa-forum.org\\\/#\\\/schema\\\/person\\\/78941253d03fdc931167811f69ae5afc\",\"name\":\"Web EUROPA FORUM\",\"image\":{\"@type\":\"ImageObject\",\"inLanguage\":\"pl-PL\",\"@id\":\"https:\\\/\\\/secure.gravatar.com\\\/avatar\\\/a0d9522a5e276ed089f6a92e55c96a108f9d763254edaa18f45f2cae401cb51d?s=96&d=mm&r=g\",\"url\":\"https:\\\/\\\/secure.gravatar.com\\\/avatar\\\/a0d9522a5e276ed089f6a92e55c96a108f9d763254edaa18f45f2cae401cb51d?s=96&d=mm&r=g\",\"contentUrl\":\"https:\\\/\\\/secure.gravatar.com\\\/avatar\\\/a0d9522a5e276ed089f6a92e55c96a108f9d763254edaa18f45f2cae401cb51d?s=96&d=mm&r=g\",\"caption\":\"Web EUROPA FORUM\"}}]}<\/script>\n<!-- \/ Yoast SEO plugin. -->","yoast_head_json":{"title":"Zaproszenie na spotkanie miesi\u0119czne Europa Forum w dniu 26.05.2022 - EUROPA FORUM","robots":{"index":"index","follow":"follow","max-snippet":"max-snippet:-1","max-image-preview":"max-image-preview:large","max-video-preview":"max-video-preview:-1"},"canonical":"https:\/\/europa-forum.org\/2022\/05\/einladung-zum-ef-monatstreffen-26-05-2022\/","og_locale":"pl_PL","og_type":"article","og_title":"Zaproszenie na spotkanie miesi\u0119czne Europa Forum w dniu 26.05.2022 - EUROPA FORUM","og_description":"Szanowni Cz\u0142onkowie oraz Go\u015bcie Stowarzyszenia, Polsko-Niemieckie Ko\u0142o Gospodarcze EUROPA FORUM serdecznie zaprasza na kolejne spotkanie miesi\u0119czne w roku 2022. Spotkanie odb\u0119dzie si\u0119 w czwartek 26 maja 2022 r. o godz. ... Czytaj wi\u0119cej","og_url":"https:\/\/europa-forum.org\/2022\/05\/einladung-zum-ef-monatstreffen-26-05-2022\/","og_site_name":"EUROPA FORUM","article_publisher":"https:\/\/www.facebook.com\/EuropaForum\/","article_published_time":"2022-05-20T11:33:20+00:00","article_modified_time":"2022-05-20T15:16:06+00:00","og_image":[{"width":1911,"height":1240,"url":"https:\/\/storage.googleapis.com\/media-cloud-test-ef\/2022\/05\/de\/obrazek-prawo.jpg","type":"image\/jpeg"}],"author":"Web EUROPA FORUM","twitter_card":"summary_large_image","twitter_misc":{"Napisane przez":"Web EUROPA FORUM","Szacowany czas czytania":"3 minuty"},"schema":{"@context":"https:\/\/schema.org","@graph":[{"@type":"Article","@id":"https:\/\/europa-forum.org\/2022\/05\/einladung-zum-ef-monatstreffen-26-05-2022\/#article","isPartOf":{"@id":"https:\/\/europa-forum.org\/2022\/05\/einladung-zum-ef-monatstreffen-26-05-2022\/"},"author":{"name":"Web EUROPA FORUM","@id":"https:\/\/europa-forum.org\/#\/schema\/person\/78941253d03fdc931167811f69ae5afc"},"headline":"Zaproszenie na spotkanie miesi\u0119czne Europa Forum w dniu 26.05.2022","datePublished":"2022-05-20T11:33:20+00:00","dateModified":"2022-05-20T15:16:06+00:00","mainEntityOfPage":{"@id":"https:\/\/europa-forum.org\/2022\/05\/einladung-zum-ef-monatstreffen-26-05-2022\/"},"wordCount":581,"publisher":{"@id":"https:\/\/europa-forum.org\/#organization"},"image":{"@id":"https:\/\/europa-forum.org\/2022\/05\/einladung-zum-ef-monatstreffen-26-05-2022\/#primaryimage"},"thumbnailUrl":"https:\/\/storage.googleapis.com\/media-cloud-test-ef\/2022\/05\/de\/obrazek-prawo.jpg","keywords":["Europa Forum Wroc\u0142aw","Gospodarka","Ko\u0142o gospodarcze","Polska","Polsko-Niemiecki","Wroc\u0142aw"],"articleSection":["EF Miesi\u0119czne spotkania"],"inLanguage":"pl-PL"},{"@type":"WebPage","@id":"https:\/\/europa-forum.org\/2022\/05\/einladung-zum-ef-monatstreffen-26-05-2022\/","url":"https:\/\/europa-forum.org\/2022\/05\/einladung-zum-ef-monatstreffen-26-05-2022\/","name":"Zaproszenie na spotkanie miesi\u0119czne Europa Forum w dniu 26.05.2022 - EUROPA FORUM","isPartOf":{"@id":"https:\/\/europa-forum.org\/#website"},"primaryImageOfPage":{"@id":"https:\/\/europa-forum.org\/2022\/05\/einladung-zum-ef-monatstreffen-26-05-2022\/#primaryimage"},"image":{"@id":"https:\/\/europa-forum.org\/2022\/05\/einladung-zum-ef-monatstreffen-26-05-2022\/#primaryimage"},"thumbnailUrl":"https:\/\/storage.googleapis.com\/media-cloud-test-ef\/2022\/05\/de\/obrazek-prawo.jpg","datePublished":"2022-05-20T11:33:20+00:00","dateModified":"2022-05-20T15:16:06+00:00","breadcrumb":{"@id":"https:\/\/europa-forum.org\/2022\/05\/einladung-zum-ef-monatstreffen-26-05-2022\/#breadcrumb"},"inLanguage":"pl-PL","potentialAction":[{"@type":"ReadAction","target":["https:\/\/europa-forum.org\/2022\/05\/einladung-zum-ef-monatstreffen-26-05-2022\/"]}]},{"@type":"ImageObject","inLanguage":"pl-PL","@id":"https:\/\/europa-forum.org\/2022\/05\/einladung-zum-ef-monatstreffen-26-05-2022\/#primaryimage","url":"https:\/\/storage.googleapis.com\/media-cloud-test-ef\/2022\/05\/de\/obrazek-prawo.jpg","contentUrl":"https:\/\/storage.googleapis.com\/media-cloud-test-ef\/2022\/05\/de\/obrazek-prawo.jpg","width":1911,"height":1240,"caption":"EF Monatstreffen"},{"@type":"BreadcrumbList","@id":"https:\/\/europa-forum.org\/2022\/05\/einladung-zum-ef-monatstreffen-26-05-2022\/#breadcrumb","itemListElement":[{"@type":"ListItem","position":1,"name":"Home","item":"https:\/\/europa-forum.org\/pl\/"},{"@type":"ListItem","position":2,"name":"Zaproszenie na spotkanie miesi\u0119czne Europa Forum w dniu 26.05.2022"}]},{"@type":"WebSite","@id":"https:\/\/europa-forum.org\/#website","url":"https:\/\/europa-forum.org\/","name":"EUROPA FORUM","description":"Polsko-Niemieckie Ko\u0142o Gospodarcze we Wroc\u0142awiu","publisher":{"@id":"https:\/\/europa-forum.org\/#organization"},"potentialAction":[{"@type":"SearchAction","target":{"@type":"EntryPoint","urlTemplate":"https:\/\/europa-forum.org\/?s={search_term_string}"},"query-input":{"@type":"PropertyValueSpecification","valueRequired":true,"valueName":"search_term_string"}}],"inLanguage":"pl-PL"},{"@type":"Organization","@id":"https:\/\/europa-forum.org\/#organization","name":"EUROPA FORUM","url":"https:\/\/europa-forum.org\/","logo":{"@type":"ImageObject","inLanguage":"pl-PL","@id":"https:\/\/europa-forum.org\/#\/schema\/logo\/image\/","url":"https:\/\/storage.googleapis.com\/media-cloud-test-ef\/2024\/12\/logo-square.png","contentUrl":"https:\/\/storage.googleapis.com\/media-cloud-test-ef\/2024\/12\/logo-square.png","width":240,"height":240,"caption":"EUROPA FORUM"},"image":{"@id":"https:\/\/europa-forum.org\/#\/schema\/logo\/image\/"},"sameAs":["https:\/\/www.facebook.com\/EuropaForum\/","https:\/\/www.linkedin.com\/company\/europa-forum"]},{"@type":"Person","@id":"https:\/\/europa-forum.org\/#\/schema\/person\/78941253d03fdc931167811f69ae5afc","name":"Web EUROPA FORUM","image":{"@type":"ImageObject","inLanguage":"pl-PL","@id":"https:\/\/secure.gravatar.com\/avatar\/a0d9522a5e276ed089f6a92e55c96a108f9d763254edaa18f45f2cae401cb51d?s=96&d=mm&r=g","url":"https:\/\/secure.gravatar.com\/avatar\/a0d9522a5e276ed089f6a92e55c96a108f9d763254edaa18f45f2cae401cb51d?s=96&d=mm&r=g","contentUrl":"https:\/\/secure.gravatar.com\/avatar\/a0d9522a5e276ed089f6a92e55c96a108f9d763254edaa18f45f2cae401cb51d?s=96&d=mm&r=g","caption":"Web EUROPA FORUM"}}]}},"_links":{"self":[{"href":"https:\/\/europa-forum.org\/pl\/wp-json\/wp\/v2\/posts\/26074","targetHints":{"allow":["GET"]}}],"collection":[{"href":"https:\/\/europa-forum.org\/pl\/wp-json\/wp\/v2\/posts"}],"about":[{"href":"https:\/\/europa-forum.org\/pl\/wp-json\/wp\/v2\/types\/post"}],"author":[{"embeddable":true,"href":"https:\/\/europa-forum.org\/pl\/wp-json\/wp\/v2\/users\/34"}],"replies":[{"embeddable":true,"href":"https:\/\/europa-forum.org\/pl\/wp-json\/wp\/v2\/comments?post=26074"}],"version-history":[{"count":5,"href":"https:\/\/europa-forum.org\/pl\/wp-json\/wp\/v2\/posts\/26074\/revisions"}],"predecessor-version":[{"id":26088,"href":"https:\/\/europa-forum.org\/pl\/wp-json\/wp\/v2\/posts\/26074\/revisions\/26088"}],"wp:featuredmedia":[{"embeddable":true,"href":"https:\/\/europa-forum.org\/pl\/wp-json\/wp\/v2\/media\/26073"}],"wp:attachment":[{"href":"https:\/\/europa-forum.org\/pl\/wp-json\/wp\/v2\/media?parent=26074"}],"wp:term":[{"taxonomy":"category","embeddable":true,"href":"https:\/\/europa-forum.org\/pl\/wp-json\/wp\/v2\/categories?post=26074"},{"taxonomy":"post_tag","embeddable":true,"href":"https:\/\/europa-forum.org\/pl\/wp-json\/wp\/v2\/tags?post=26074"}],"curies":[{"name":"wp","href":"https:\/\/api.w.org\/{rel}","templated":true}]}}