{"id":25858,"date":"2022-03-01T11:46:46","date_gmt":"2022-03-01T10:46:46","guid":{"rendered":"https:\/\/europa-forum.org\/?p=25858"},"modified":"2022-03-01T14:12:45","modified_gmt":"2022-03-01T13:12:45","slug":"lutowe-spotkanie-miesieczne-europa-forum-juz-za-nami","status":"publish","type":"post","link":"https:\/\/europa-forum.org\/pl\/2022\/03\/lutowe-spotkanie-miesieczne-europa-forum-juz-za-nami\/","title":{"rendered":"Lutowe spotkanie miesi\u0119czne Europa Forum ju\u017c za nami"},"content":{"rendered":"<p>W dniu 24.02.2022 cz\u0142onkowie oraz sympatycy Europa Forum mogli po raz kolejny wzi\u0105\u0107 udzia\u0142 w spotkaniu miesi\u0119cznym zorganizowanym wsp\u00f3lnie z Biurem Saksonii. <\/p>\n<p>Tematem spotkania by\u0142a  architektura oraz jej wzajemne przenikanie si\u0119 z naszym \u017cyciem. Postrzegana w ten spos\u00f3b architektura jest wyrazem rozwoju spo\u0142ecznego: budowle odzwierciedlaj\u0105 ekonomiczne, socjalne, kulturowe i polityczne cechy danej epoki. Spos\u00f3b, w jaki wznosimy budynki ukazuje, jak pojmujemy rzeczywisto\u015b\u0107 i co traktujemy w niej jako szczeg\u00f3lnie wa\u017cne.<!--more--><\/p>\n<p>Pierwszy wyk\u0142ad, wyg\u0142oszony przez  dr Jerzego Ilkosza, Dyrektora wroc\u0142awskiego Muzeum Architektury oraz badacza architektury modernizmu przeni\u00f3s\u0142 nas w lata 1900-1932. Wroc\u0142aw w trzech pierwszych dekadach XX wieku by\u0142 jednym z wa\u017cniejszych o\u015brodk\u00f3w innowacyjnej architektury w Niemczech. W powsta\u0142ych wtedy tu budowlach i projektach znajduje swe odzwierciedlenie, ukszta\u0142towana przez szybkie zmiany i r\u00f3\u017cnorodne wp\u0142ywy, historia architektury tych dziesi\u0119cioleci. We Wroc\u0142awiu pracowali zar\u00f3wno przez d\u0142u\u017cszy czas, jak i nad pojedynczymi projektami, tak znakomici architekci, jak np. Max Berg, Hans Poelzig, Ernst May, Erich Mendelsohn, Adolf Rading czy Hans Scharoun. Uczestnicy spotkania mogli podczas prezentacji podziwia\u0107 szereg fascynuj\u0105cych zdj\u0119\u0107 i szkic\u00f3w dom\u00f3w towarowych, biurowc\u00f3w, wie\u017cowc\u00f3w, nowatorskich budowli w konstrukcji \u017celbetowej (Hala Stulecia, Hala Targowa), nowoczesnych i praktycznie zaaran\u017cowanych osiedli mieszkaniowych z pocz\u0105tku XX-ego wieku.<\/p>\n<p>Po tym kr\u00f3tkim wyk\u0142adzie pani Daria Kie\u017cun, prezeska wroc\u0142awskiego oddzia\u0142u Stowarzyszenia Architekt\u00f3w Polskich przedstawi\u0142a histori\u0119, cele oraz dzia\u0142alno\u015b\u0107 SARP-u. Wroc\u0142awski oddzia\u0142 SARP, jeden z najwi\u0119kszych w kraju, dba o jako\u015b\u0107 architektury i \u015brodowiska, tworzy warunki dla rozwoju tw\u00f3rczo\u015bci architektonicznej oraz prowadzi dzia\u0142alno\u015b\u0107 edukacyjn\u0105, naukow\u0105, o\u015bwiatow\u0105 i kulturaln\u0105 a tak\u017ce organizuje konkursy architektoniczne (r\u00f3wnie\u017c we wsp\u00f3\u0142pracy z kolegami ze Stowarzyszenia Architekt\u00f3w Niemieckich (Bund Deutscher Architektinnen und Architekten BDA e.V.) Jedn\u0105 z wa\u017cniejszych i bardziej znacz\u0105cych imprez cyklicznych jest DOA \u2013 Dolno\u015bl\u0105ski Festiwal Architektury. SARP prowadzi te\u017c niezwykle bogat\u0105 i sp\u00f3jn\u0105 graficznie dzia\u0142alno\u015b\u0107 wydawnicz\u0105.<\/p>\n<p>O tym, \u017ce architektura stoi w centrum zainteresowania tak\u017ce historyk\u00f3w sztuki, mogli\u015bmy si\u0119 przekona\u0107 podczas wyk\u0142adu pani Katarzyny Sonntag, mgr historii sztuki z Drezna, kt\u00f3r\u0105 swoje wyst\u0105pienie  po\u015bwi\u0119ci\u0142a tematyce Drezna i Wroc\u0142awia. Mogli\u015bmy przekona\u0107 si\u0119, \u017ce rozw\u00f3j i historia budownictwa obu miast by\u0142a podobna, a dramatyczne wydarzenia ostatniej wojny \u015bwiatowej odcisn\u0119\u0142y swoje pi\u0119tno na obu metropoliach.  I chocia\u017c zar\u00f3wno Wroc\u0142aw jak i Drezno musia\u0142y zmierzy\u0107 si\u0119 z podobn\u0105 skal\u0105 zniszcze\u0144 wojennych, to ka\u017cde z tych miast zrobi\u0142o to w inny spos\u00f3b. Pani Sonntag na licznych przyk\u0142adach pokaza\u0142a wyra\u017anie, w jakim stopniu aspekty polityczne, historyczne i spo\u0142eczne wp\u0142yn\u0119\u0142y na to\u017csamo\u015b\u0107 tych miast.<br \/>\nEUROPA FORUM serdecznie dzi\u0119kuje wszystkim prelegentom za niezwykle ciekawe wyst\u0105pienia. <\/p>\n<p><strong>Save the date:<\/strong><br \/>\n31.03.2022 \u2013  Walne Zebranie Cz\u0142onk\u00f3w<\/p>\n<hr \/>\n<p><strong>Galeria zdj\u0119\u0107:<\/strong><\/p>\nngg_shortcode_0_placeholder\n<p>\u00a9 Quelle: Agata W\u0142adyczka\/Rechte: SMJusDEG<br \/>\nZdj\u0119cia zosta\u0142y nam udost\u0119pnione przez Biuro \u0141\u0105cznikowe Wolnego Pa\u0144stwa Saksonii.<\/p>\n","protected":false},"excerpt":{"rendered":"<p>W dniu 24.02.2022 cz\u0142onkowie oraz sympatycy Europa Forum mogli po raz kolejny wzi\u0105\u0107 udzia\u0142 w spotkaniu miesi\u0119cznym zorganizowanym wsp\u00f3lnie z Biurem Saksonii. Tematem spotkania by\u0142a architektura oraz jej wzajemne przenikanie &#8230; <a class=\"read-more\" href=\"https:\/\/europa-forum.org\/pl\/2022\/03\/lutowe-spotkanie-miesieczne-europa-forum-juz-za-nami\/\">Czytaj wi\u0119cej<\/a><\/p>\n","protected":false},"author":34,"featured_media":25865,"comment_status":"closed","ping_status":"open","sticky":false,"template":"","format":"standard","meta":{"ngg_post_thumbnail":0,"footnotes":""},"categories":[57],"tags":[223,182,181,69],"class_list":["post-25858","post","type-post","status-publish","format-standard","has-post-thumbnail","hentry","category-ef-miesieczne-spotkania","tag-223","tag-kolo-gospodarcze-pl","tag-polska-pl","tag-wroclaw"],"yoast_head":"<!-- This site is optimized with the Yoast SEO plugin v27.3 - https:\/\/yoast.com\/product\/yoast-seo-wordpress\/ -->\n<title>Lutowe spotkanie miesi\u0119czne Europa Forum ju\u017c za nami - EUROPA FORUM<\/title>\n<meta name=\"robots\" content=\"index, follow, max-snippet:-1, max-image-preview:large, max-video-preview:-1\" \/>\n<link rel=\"canonical\" href=\"https:\/\/europa-forum.org\/2022\/03\/das-war-das-ef-treffen-im-februar-2\/\" \/>\n<meta property=\"og:locale\" content=\"pl_PL\" \/>\n<meta property=\"og:type\" content=\"article\" \/>\n<meta property=\"og:title\" content=\"Lutowe spotkanie miesi\u0119czne Europa Forum ju\u017c za nami - EUROPA FORUM\" \/>\n<meta property=\"og:description\" content=\"W dniu 24.02.2022 cz\u0142onkowie oraz sympatycy Europa Forum mogli po raz kolejny wzi\u0105\u0107 udzia\u0142 w spotkaniu miesi\u0119cznym zorganizowanym wsp\u00f3lnie z Biurem Saksonii. Tematem spotkania by\u0142a architektura oraz jej wzajemne przenikanie ... Czytaj wi\u0119cej\" \/>\n<meta property=\"og:url\" content=\"https:\/\/europa-forum.org\/2022\/03\/das-war-das-ef-treffen-im-februar-2\/\" \/>\n<meta property=\"og:site_name\" content=\"EUROPA FORUM\" \/>\n<meta property=\"article:publisher\" content=\"https:\/\/www.facebook.com\/EuropaForum\/\" \/>\n<meta property=\"article:published_time\" content=\"2022-03-01T10:46:46+00:00\" \/>\n<meta property=\"article:modified_time\" content=\"2022-03-01T13:12:45+00:00\" \/>\n<meta property=\"og:image\" content=\"https:\/\/storage.googleapis.com\/media-cloud-test-ef\/2022\/03\/pl\/europa-forum-februar.jpg\" \/>\n\t<meta property=\"og:image:width\" content=\"2048\" \/>\n\t<meta property=\"og:image:height\" content=\"1365\" \/>\n\t<meta property=\"og:image:type\" content=\"image\/jpeg\" \/>\n<meta name=\"author\" content=\"Web EUROPA FORUM\" \/>\n<meta name=\"twitter:card\" content=\"summary_large_image\" \/>\n<meta name=\"twitter:label1\" content=\"Napisane przez\" \/>\n\t<meta name=\"twitter:data1\" content=\"Web EUROPA FORUM\" \/>\n\t<meta name=\"twitter:label2\" content=\"Szacowany czas czytania\" \/>\n\t<meta name=\"twitter:data2\" content=\"3 minuty\" \/>\n<script type=\"application\/ld+json\" class=\"yoast-schema-graph\">{\"@context\":\"https:\\\/\\\/schema.org\",\"@graph\":[{\"@type\":\"Article\",\"@id\":\"https:\\\/\\\/europa-forum.org\\\/2022\\\/03\\\/das-war-das-ef-treffen-im-februar-2\\\/#article\",\"isPartOf\":{\"@id\":\"https:\\\/\\\/europa-forum.org\\\/2022\\\/03\\\/das-war-das-ef-treffen-im-februar-2\\\/\"},\"author\":{\"name\":\"Web EUROPA FORUM\",\"@id\":\"https:\\\/\\\/europa-forum.org\\\/#\\\/schema\\\/person\\\/78941253d03fdc931167811f69ae5afc\"},\"headline\":\"Lutowe spotkanie miesi\u0119czne Europa Forum ju\u017c za nami\",\"datePublished\":\"2022-03-01T10:46:46+00:00\",\"dateModified\":\"2022-03-01T13:12:45+00:00\",\"mainEntityOfPage\":{\"@id\":\"https:\\\/\\\/europa-forum.org\\\/2022\\\/03\\\/das-war-das-ef-treffen-im-februar-2\\\/\"},\"wordCount\":529,\"publisher\":{\"@id\":\"https:\\\/\\\/europa-forum.org\\\/#organization\"},\"image\":{\"@id\":\"https:\\\/\\\/europa-forum.org\\\/2022\\\/03\\\/das-war-das-ef-treffen-im-februar-2\\\/#primaryimage\"},\"thumbnailUrl\":\"https:\\\/\\\/storage.googleapis.com\\\/media-cloud-test-ef\\\/2022\\\/03\\\/pl\\\/europa-forum-februar.jpg\",\"keywords\":[\"2022\",\"Ko\u0142o gospodarcze\",\"Polska\",\"Wroc\u0142aw\"],\"articleSection\":[\"EF Miesi\u0119czne spotkania\"],\"inLanguage\":\"pl-PL\"},{\"@type\":\"WebPage\",\"@id\":\"https:\\\/\\\/europa-forum.org\\\/2022\\\/03\\\/das-war-das-ef-treffen-im-februar-2\\\/\",\"url\":\"https:\\\/\\\/europa-forum.org\\\/2022\\\/03\\\/das-war-das-ef-treffen-im-februar-2\\\/\",\"name\":\"Lutowe spotkanie miesi\u0119czne Europa Forum ju\u017c za nami - EUROPA FORUM\",\"isPartOf\":{\"@id\":\"https:\\\/\\\/europa-forum.org\\\/#website\"},\"primaryImageOfPage\":{\"@id\":\"https:\\\/\\\/europa-forum.org\\\/2022\\\/03\\\/das-war-das-ef-treffen-im-februar-2\\\/#primaryimage\"},\"image\":{\"@id\":\"https:\\\/\\\/europa-forum.org\\\/2022\\\/03\\\/das-war-das-ef-treffen-im-februar-2\\\/#primaryimage\"},\"thumbnailUrl\":\"https:\\\/\\\/storage.googleapis.com\\\/media-cloud-test-ef\\\/2022\\\/03\\\/pl\\\/europa-forum-februar.jpg\",\"datePublished\":\"2022-03-01T10:46:46+00:00\",\"dateModified\":\"2022-03-01T13:12:45+00:00\",\"breadcrumb\":{\"@id\":\"https:\\\/\\\/europa-forum.org\\\/2022\\\/03\\\/das-war-das-ef-treffen-im-februar-2\\\/#breadcrumb\"},\"inLanguage\":\"pl-PL\",\"potentialAction\":[{\"@type\":\"ReadAction\",\"target\":[\"https:\\\/\\\/europa-forum.org\\\/2022\\\/03\\\/das-war-das-ef-treffen-im-februar-2\\\/\"]}]},{\"@type\":\"ImageObject\",\"inLanguage\":\"pl-PL\",\"@id\":\"https:\\\/\\\/europa-forum.org\\\/2022\\\/03\\\/das-war-das-ef-treffen-im-februar-2\\\/#primaryimage\",\"url\":\"https:\\\/\\\/storage.googleapis.com\\\/media-cloud-test-ef\\\/2022\\\/03\\\/pl\\\/europa-forum-februar.jpg\",\"contentUrl\":\"https:\\\/\\\/storage.googleapis.com\\\/media-cloud-test-ef\\\/2022\\\/03\\\/pl\\\/europa-forum-februar.jpg\",\"width\":2048,\"height\":1365},{\"@type\":\"BreadcrumbList\",\"@id\":\"https:\\\/\\\/europa-forum.org\\\/2022\\\/03\\\/das-war-das-ef-treffen-im-februar-2\\\/#breadcrumb\",\"itemListElement\":[{\"@type\":\"ListItem\",\"position\":1,\"name\":\"Home\",\"item\":\"https:\\\/\\\/europa-forum.org\\\/pl\\\/\"},{\"@type\":\"ListItem\",\"position\":2,\"name\":\"Lutowe spotkanie miesi\u0119czne Europa Forum ju\u017c za nami\"}]},{\"@type\":\"WebSite\",\"@id\":\"https:\\\/\\\/europa-forum.org\\\/#website\",\"url\":\"https:\\\/\\\/europa-forum.org\\\/\",\"name\":\"EUROPA FORUM\",\"description\":\"Polsko-Niemieckie Ko\u0142o Gospodarcze we Wroc\u0142awiu\",\"publisher\":{\"@id\":\"https:\\\/\\\/europa-forum.org\\\/#organization\"},\"potentialAction\":[{\"@type\":\"SearchAction\",\"target\":{\"@type\":\"EntryPoint\",\"urlTemplate\":\"https:\\\/\\\/europa-forum.org\\\/?s={search_term_string}\"},\"query-input\":{\"@type\":\"PropertyValueSpecification\",\"valueRequired\":true,\"valueName\":\"search_term_string\"}}],\"inLanguage\":\"pl-PL\"},{\"@type\":\"Organization\",\"@id\":\"https:\\\/\\\/europa-forum.org\\\/#organization\",\"name\":\"EUROPA FORUM\",\"url\":\"https:\\\/\\\/europa-forum.org\\\/\",\"logo\":{\"@type\":\"ImageObject\",\"inLanguage\":\"pl-PL\",\"@id\":\"https:\\\/\\\/europa-forum.org\\\/#\\\/schema\\\/logo\\\/image\\\/\",\"url\":\"https:\\\/\\\/storage.googleapis.com\\\/media-cloud-test-ef\\\/2024\\\/12\\\/logo-square.png\",\"contentUrl\":\"https:\\\/\\\/storage.googleapis.com\\\/media-cloud-test-ef\\\/2024\\\/12\\\/logo-square.png\",\"width\":240,\"height\":240,\"caption\":\"EUROPA FORUM\"},\"image\":{\"@id\":\"https:\\\/\\\/europa-forum.org\\\/#\\\/schema\\\/logo\\\/image\\\/\"},\"sameAs\":[\"https:\\\/\\\/www.facebook.com\\\/EuropaForum\\\/\",\"https:\\\/\\\/www.linkedin.com\\\/company\\\/europa-forum\"]},{\"@type\":\"Person\",\"@id\":\"https:\\\/\\\/europa-forum.org\\\/#\\\/schema\\\/person\\\/78941253d03fdc931167811f69ae5afc\",\"name\":\"Web EUROPA FORUM\",\"image\":{\"@type\":\"ImageObject\",\"inLanguage\":\"pl-PL\",\"@id\":\"https:\\\/\\\/secure.gravatar.com\\\/avatar\\\/a0d9522a5e276ed089f6a92e55c96a108f9d763254edaa18f45f2cae401cb51d?s=96&d=mm&r=g\",\"url\":\"https:\\\/\\\/secure.gravatar.com\\\/avatar\\\/a0d9522a5e276ed089f6a92e55c96a108f9d763254edaa18f45f2cae401cb51d?s=96&d=mm&r=g\",\"contentUrl\":\"https:\\\/\\\/secure.gravatar.com\\\/avatar\\\/a0d9522a5e276ed089f6a92e55c96a108f9d763254edaa18f45f2cae401cb51d?s=96&d=mm&r=g\",\"caption\":\"Web EUROPA FORUM\"}}]}<\/script>\n<!-- \/ Yoast SEO plugin. -->","yoast_head_json":{"title":"Lutowe spotkanie miesi\u0119czne Europa Forum ju\u017c za nami - EUROPA FORUM","robots":{"index":"index","follow":"follow","max-snippet":"max-snippet:-1","max-image-preview":"max-image-preview:large","max-video-preview":"max-video-preview:-1"},"canonical":"https:\/\/europa-forum.org\/2022\/03\/das-war-das-ef-treffen-im-februar-2\/","og_locale":"pl_PL","og_type":"article","og_title":"Lutowe spotkanie miesi\u0119czne Europa Forum ju\u017c za nami - EUROPA FORUM","og_description":"W dniu 24.02.2022 cz\u0142onkowie oraz sympatycy Europa Forum mogli po raz kolejny wzi\u0105\u0107 udzia\u0142 w spotkaniu miesi\u0119cznym zorganizowanym wsp\u00f3lnie z Biurem Saksonii. Tematem spotkania by\u0142a architektura oraz jej wzajemne przenikanie ... Czytaj wi\u0119cej","og_url":"https:\/\/europa-forum.org\/2022\/03\/das-war-das-ef-treffen-im-februar-2\/","og_site_name":"EUROPA FORUM","article_publisher":"https:\/\/www.facebook.com\/EuropaForum\/","article_published_time":"2022-03-01T10:46:46+00:00","article_modified_time":"2022-03-01T13:12:45+00:00","og_image":[{"width":2048,"height":1365,"url":"https:\/\/storage.googleapis.com\/media-cloud-test-ef\/2022\/03\/pl\/europa-forum-februar.jpg","type":"image\/jpeg"}],"author":"Web EUROPA FORUM","twitter_card":"summary_large_image","twitter_misc":{"Napisane przez":"Web EUROPA FORUM","Szacowany czas czytania":"3 minuty"},"schema":{"@context":"https:\/\/schema.org","@graph":[{"@type":"Article","@id":"https:\/\/europa-forum.org\/2022\/03\/das-war-das-ef-treffen-im-februar-2\/#article","isPartOf":{"@id":"https:\/\/europa-forum.org\/2022\/03\/das-war-das-ef-treffen-im-februar-2\/"},"author":{"name":"Web EUROPA FORUM","@id":"https:\/\/europa-forum.org\/#\/schema\/person\/78941253d03fdc931167811f69ae5afc"},"headline":"Lutowe spotkanie miesi\u0119czne Europa Forum ju\u017c za nami","datePublished":"2022-03-01T10:46:46+00:00","dateModified":"2022-03-01T13:12:45+00:00","mainEntityOfPage":{"@id":"https:\/\/europa-forum.org\/2022\/03\/das-war-das-ef-treffen-im-februar-2\/"},"wordCount":529,"publisher":{"@id":"https:\/\/europa-forum.org\/#organization"},"image":{"@id":"https:\/\/europa-forum.org\/2022\/03\/das-war-das-ef-treffen-im-februar-2\/#primaryimage"},"thumbnailUrl":"https:\/\/storage.googleapis.com\/media-cloud-test-ef\/2022\/03\/pl\/europa-forum-februar.jpg","keywords":["2022","Ko\u0142o gospodarcze","Polska","Wroc\u0142aw"],"articleSection":["EF Miesi\u0119czne spotkania"],"inLanguage":"pl-PL"},{"@type":"WebPage","@id":"https:\/\/europa-forum.org\/2022\/03\/das-war-das-ef-treffen-im-februar-2\/","url":"https:\/\/europa-forum.org\/2022\/03\/das-war-das-ef-treffen-im-februar-2\/","name":"Lutowe spotkanie miesi\u0119czne Europa Forum ju\u017c za nami - EUROPA FORUM","isPartOf":{"@id":"https:\/\/europa-forum.org\/#website"},"primaryImageOfPage":{"@id":"https:\/\/europa-forum.org\/2022\/03\/das-war-das-ef-treffen-im-februar-2\/#primaryimage"},"image":{"@id":"https:\/\/europa-forum.org\/2022\/03\/das-war-das-ef-treffen-im-februar-2\/#primaryimage"},"thumbnailUrl":"https:\/\/storage.googleapis.com\/media-cloud-test-ef\/2022\/03\/pl\/europa-forum-februar.jpg","datePublished":"2022-03-01T10:46:46+00:00","dateModified":"2022-03-01T13:12:45+00:00","breadcrumb":{"@id":"https:\/\/europa-forum.org\/2022\/03\/das-war-das-ef-treffen-im-februar-2\/#breadcrumb"},"inLanguage":"pl-PL","potentialAction":[{"@type":"ReadAction","target":["https:\/\/europa-forum.org\/2022\/03\/das-war-das-ef-treffen-im-februar-2\/"]}]},{"@type":"ImageObject","inLanguage":"pl-PL","@id":"https:\/\/europa-forum.org\/2022\/03\/das-war-das-ef-treffen-im-februar-2\/#primaryimage","url":"https:\/\/storage.googleapis.com\/media-cloud-test-ef\/2022\/03\/pl\/europa-forum-februar.jpg","contentUrl":"https:\/\/storage.googleapis.com\/media-cloud-test-ef\/2022\/03\/pl\/europa-forum-februar.jpg","width":2048,"height":1365},{"@type":"BreadcrumbList","@id":"https:\/\/europa-forum.org\/2022\/03\/das-war-das-ef-treffen-im-februar-2\/#breadcrumb","itemListElement":[{"@type":"ListItem","position":1,"name":"Home","item":"https:\/\/europa-forum.org\/pl\/"},{"@type":"ListItem","position":2,"name":"Lutowe spotkanie miesi\u0119czne Europa Forum ju\u017c za nami"}]},{"@type":"WebSite","@id":"https:\/\/europa-forum.org\/#website","url":"https:\/\/europa-forum.org\/","name":"EUROPA FORUM","description":"Polsko-Niemieckie Ko\u0142o Gospodarcze we Wroc\u0142awiu","publisher":{"@id":"https:\/\/europa-forum.org\/#organization"},"potentialAction":[{"@type":"SearchAction","target":{"@type":"EntryPoint","urlTemplate":"https:\/\/europa-forum.org\/?s={search_term_string}"},"query-input":{"@type":"PropertyValueSpecification","valueRequired":true,"valueName":"search_term_string"}}],"inLanguage":"pl-PL"},{"@type":"Organization","@id":"https:\/\/europa-forum.org\/#organization","name":"EUROPA FORUM","url":"https:\/\/europa-forum.org\/","logo":{"@type":"ImageObject","inLanguage":"pl-PL","@id":"https:\/\/europa-forum.org\/#\/schema\/logo\/image\/","url":"https:\/\/storage.googleapis.com\/media-cloud-test-ef\/2024\/12\/logo-square.png","contentUrl":"https:\/\/storage.googleapis.com\/media-cloud-test-ef\/2024\/12\/logo-square.png","width":240,"height":240,"caption":"EUROPA FORUM"},"image":{"@id":"https:\/\/europa-forum.org\/#\/schema\/logo\/image\/"},"sameAs":["https:\/\/www.facebook.com\/EuropaForum\/","https:\/\/www.linkedin.com\/company\/europa-forum"]},{"@type":"Person","@id":"https:\/\/europa-forum.org\/#\/schema\/person\/78941253d03fdc931167811f69ae5afc","name":"Web EUROPA FORUM","image":{"@type":"ImageObject","inLanguage":"pl-PL","@id":"https:\/\/secure.gravatar.com\/avatar\/a0d9522a5e276ed089f6a92e55c96a108f9d763254edaa18f45f2cae401cb51d?s=96&d=mm&r=g","url":"https:\/\/secure.gravatar.com\/avatar\/a0d9522a5e276ed089f6a92e55c96a108f9d763254edaa18f45f2cae401cb51d?s=96&d=mm&r=g","contentUrl":"https:\/\/secure.gravatar.com\/avatar\/a0d9522a5e276ed089f6a92e55c96a108f9d763254edaa18f45f2cae401cb51d?s=96&d=mm&r=g","caption":"Web EUROPA FORUM"}}]}},"_links":{"self":[{"href":"https:\/\/europa-forum.org\/pl\/wp-json\/wp\/v2\/posts\/25858","targetHints":{"allow":["GET"]}}],"collection":[{"href":"https:\/\/europa-forum.org\/pl\/wp-json\/wp\/v2\/posts"}],"about":[{"href":"https:\/\/europa-forum.org\/pl\/wp-json\/wp\/v2\/types\/post"}],"author":[{"embeddable":true,"href":"https:\/\/europa-forum.org\/pl\/wp-json\/wp\/v2\/users\/34"}],"replies":[{"embeddable":true,"href":"https:\/\/europa-forum.org\/pl\/wp-json\/wp\/v2\/comments?post=25858"}],"version-history":[{"count":6,"href":"https:\/\/europa-forum.org\/pl\/wp-json\/wp\/v2\/posts\/25858\/revisions"}],"predecessor-version":[{"id":25897,"href":"https:\/\/europa-forum.org\/pl\/wp-json\/wp\/v2\/posts\/25858\/revisions\/25897"}],"wp:featuredmedia":[{"embeddable":true,"href":"https:\/\/europa-forum.org\/pl\/wp-json\/wp\/v2\/media\/25865"}],"wp:attachment":[{"href":"https:\/\/europa-forum.org\/pl\/wp-json\/wp\/v2\/media?parent=25858"}],"wp:term":[{"taxonomy":"category","embeddable":true,"href":"https:\/\/europa-forum.org\/pl\/wp-json\/wp\/v2\/categories?post=25858"},{"taxonomy":"post_tag","embeddable":true,"href":"https:\/\/europa-forum.org\/pl\/wp-json\/wp\/v2\/tags?post=25858"}],"curies":[{"name":"wp","href":"https:\/\/api.w.org\/{rel}","templated":true}]}}