{"id":25657,"date":"2021-12-15T12:31:23","date_gmt":"2021-12-15T11:31:23","guid":{"rendered":"https:\/\/europa-forum.org\/?p=25657"},"modified":"2021-12-15T16:40:26","modified_gmt":"2021-12-15T15:40:26","slug":"spotkanie-swiateczne-2021-z-europa-forum-juz-za-nami","status":"publish","type":"post","link":"https:\/\/europa-forum.org\/pl\/2021\/12\/spotkanie-swiateczne-2021-z-europa-forum-juz-za-nami\/","title":{"rendered":"Spotkanie \u015bwi\u0105teczne 2021 z Europa Forum  ju\u017c za nami!"},"content":{"rendered":"<p>W pi\u0105tek,  10 grudnia w Sali kominkowej Art Hotelu we Wroc\u0142awiu odby\u0142o si\u0119 coroczne spotkanie \u015bwi\u0105teczne. Na zaproszenie zarz\u0105du Europa Forum odpowiedzia\u0142o w tym roku nieco mniej liczne grono cz\u0142onk\u00f3w, niemniej spotkanie przebieg\u0142o w bardzo serdecznej atmosferze.<!--more--><\/p>\n<p>W swoim powitalnym przem\u00f3wieniu prezes stowarzyszenia Claus Frank oraz  wiceprezeska Lucyna Schumacher-Gebhard dokonali podsumowania roku 2021, kt\u00f3rego bilans okaza\u0142 si\u0119 bardzo pozytywny. Pomimo pandemii Europa Forum mog\u0142o realizowa\u0107 swoje cele, a od czerwca ponownie organizowa\u0107 spotkania na \u017cywo.  Opr\u00f3cz tradycyjnych ju\u017c imprez, takich jak rejs po Odrze czy spotkanie \u015bwi\u0105teczne po raz pierwszy w tym roku zaproponowano cz\u0142onkom i przyjacio\u0142om Europa Forum nowe wydarzenie, czyli festiwal wina w pa\u017adzierniku, kt\u00f3ry ma si\u0119 sta\u0107 coroczn\u0105 tradycj\u0105.<\/p>\n<p>Po takim wst\u0119pie uczestnicy spotkania \u015bwi\u0119towali przy smacznych potrawach, dobrym winie i w pozytywnym nastroju a\u017c do p\u00f3\u017anych godzin wieczornych. Przerywnikiem uroczysto\u015bci by\u0142y te\u017c znane kol\u0119dy, za\u015bpiewane wsp\u00f3lnie  przy akompaniamencie pianina. <\/p>\n<hr \/>\n<p><strong>Galeria zdj\u0119\u0107:<\/strong><\/p>\nngg_shortcode_0_placeholder\n","protected":false},"excerpt":{"rendered":"<p>W pi\u0105tek, 10 grudnia w Sali kominkowej Art Hotelu we Wroc\u0142awiu odby\u0142o si\u0119 coroczne spotkanie \u015bwi\u0105teczne. Na zaproszenie zarz\u0105du Europa Forum odpowiedzia\u0142o w tym roku nieco mniej liczne grono cz\u0142onk\u00f3w, &#8230; <a class=\"read-more\" href=\"https:\/\/europa-forum.org\/pl\/2021\/12\/spotkanie-swiateczne-2021-z-europa-forum-juz-za-nami\/\">Czytaj wi\u0119cej<\/a><\/p>\n","protected":false},"author":34,"featured_media":25656,"comment_status":"closed","ping_status":"open","sticky":false,"template":"","format":"standard","meta":{"ngg_post_thumbnail":0,"footnotes":""},"categories":[36],"tags":[213,53,148,182,181,180,69],"class_list":["post-25657","post","type-post","status-publish","format-standard","has-post-thumbnail","hentry","category-aktualnosci-stowarzyszenia","tag-2021-pl","tag-europa-forum-wroclaw","tag-gospodarka","tag-kolo-gospodarcze-pl","tag-polska-pl","tag-polsko-niemiecki-pl","tag-wroclaw"],"yoast_head":"<!-- This site is optimized with the Yoast SEO plugin v27.3 - https:\/\/yoast.com\/product\/yoast-seo-wordpress\/ -->\n<title>Spotkanie \u015bwi\u0105teczne 2021 z Europa Forum ju\u017c za nami! - EUROPA FORUM<\/title>\n<meta name=\"robots\" content=\"index, follow, max-snippet:-1, max-image-preview:large, max-video-preview:-1\" \/>\n<link rel=\"canonical\" href=\"https:\/\/europa-forum.org\/2021\/12\/das-war-die-ef-weihnachtsfeier-2021\/\" \/>\n<meta property=\"og:locale\" content=\"pl_PL\" \/>\n<meta property=\"og:type\" content=\"article\" \/>\n<meta property=\"og:title\" content=\"Spotkanie \u015bwi\u0105teczne 2021 z Europa Forum ju\u017c za nami! - EUROPA FORUM\" \/>\n<meta property=\"og:description\" content=\"W pi\u0105tek, 10 grudnia w Sali kominkowej Art Hotelu we Wroc\u0142awiu odby\u0142o si\u0119 coroczne spotkanie \u015bwi\u0105teczne. Na zaproszenie zarz\u0105du Europa Forum odpowiedzia\u0142o w tym roku nieco mniej liczne grono cz\u0142onk\u00f3w, ... Czytaj wi\u0119cej\" \/>\n<meta property=\"og:url\" content=\"https:\/\/europa-forum.org\/2021\/12\/das-war-die-ef-weihnachtsfeier-2021\/\" \/>\n<meta property=\"og:site_name\" content=\"EUROPA FORUM\" \/>\n<meta property=\"article:publisher\" content=\"https:\/\/www.facebook.com\/EuropaForum\/\" \/>\n<meta property=\"article:published_time\" content=\"2021-12-15T11:31:23+00:00\" \/>\n<meta property=\"article:modified_time\" content=\"2021-12-15T15:40:26+00:00\" \/>\n<meta property=\"og:image\" content=\"https:\/\/storage.googleapis.com\/media-cloud-test-ef\/2021\/12\/pl\/GLOWNE.jpg\" \/>\n\t<meta property=\"og:image:width\" content=\"600\" \/>\n\t<meta property=\"og:image:height\" content=\"800\" \/>\n\t<meta property=\"og:image:type\" content=\"image\/jpeg\" \/>\n<meta name=\"author\" content=\"Web EUROPA FORUM\" \/>\n<meta name=\"twitter:card\" content=\"summary_large_image\" \/>\n<meta name=\"twitter:label1\" content=\"Napisane przez\" \/>\n\t<meta name=\"twitter:data1\" content=\"Web EUROPA FORUM\" \/>\n\t<meta name=\"twitter:label2\" content=\"Szacowany czas czytania\" \/>\n\t<meta name=\"twitter:data2\" content=\"1 minuta\" \/>\n<script type=\"application\/ld+json\" class=\"yoast-schema-graph\">{\"@context\":\"https:\\\/\\\/schema.org\",\"@graph\":[{\"@type\":\"Article\",\"@id\":\"https:\\\/\\\/europa-forum.org\\\/2021\\\/12\\\/das-war-die-ef-weihnachtsfeier-2021\\\/#article\",\"isPartOf\":{\"@id\":\"https:\\\/\\\/europa-forum.org\\\/2021\\\/12\\\/das-war-die-ef-weihnachtsfeier-2021\\\/\"},\"author\":{\"name\":\"Web EUROPA FORUM\",\"@id\":\"https:\\\/\\\/europa-forum.org\\\/#\\\/schema\\\/person\\\/78941253d03fdc931167811f69ae5afc\"},\"headline\":\"Spotkanie \u015bwi\u0105teczne 2021 z Europa Forum ju\u017c za nami!\",\"datePublished\":\"2021-12-15T11:31:23+00:00\",\"dateModified\":\"2021-12-15T15:40:26+00:00\",\"mainEntityOfPage\":{\"@id\":\"https:\\\/\\\/europa-forum.org\\\/2021\\\/12\\\/das-war-die-ef-weihnachtsfeier-2021\\\/\"},\"wordCount\":187,\"publisher\":{\"@id\":\"https:\\\/\\\/europa-forum.org\\\/#organization\"},\"image\":{\"@id\":\"https:\\\/\\\/europa-forum.org\\\/2021\\\/12\\\/das-war-die-ef-weihnachtsfeier-2021\\\/#primaryimage\"},\"thumbnailUrl\":\"https:\\\/\\\/storage.googleapis.com\\\/media-cloud-test-ef\\\/2021\\\/12\\\/pl\\\/GLOWNE.jpg\",\"keywords\":[\"2021\",\"Europa Forum Wroc\u0142aw\",\"Gospodarka\",\"Ko\u0142o gospodarcze\",\"Polska\",\"Polsko-Niemiecki\",\"Wroc\u0142aw\"],\"articleSection\":[\"AKTUALNO\u015aCI STOWARZYSZENIA\"],\"inLanguage\":\"pl-PL\"},{\"@type\":\"WebPage\",\"@id\":\"https:\\\/\\\/europa-forum.org\\\/2021\\\/12\\\/das-war-die-ef-weihnachtsfeier-2021\\\/\",\"url\":\"https:\\\/\\\/europa-forum.org\\\/2021\\\/12\\\/das-war-die-ef-weihnachtsfeier-2021\\\/\",\"name\":\"Spotkanie \u015bwi\u0105teczne 2021 z Europa Forum ju\u017c za nami! - EUROPA FORUM\",\"isPartOf\":{\"@id\":\"https:\\\/\\\/europa-forum.org\\\/#website\"},\"primaryImageOfPage\":{\"@id\":\"https:\\\/\\\/europa-forum.org\\\/2021\\\/12\\\/das-war-die-ef-weihnachtsfeier-2021\\\/#primaryimage\"},\"image\":{\"@id\":\"https:\\\/\\\/europa-forum.org\\\/2021\\\/12\\\/das-war-die-ef-weihnachtsfeier-2021\\\/#primaryimage\"},\"thumbnailUrl\":\"https:\\\/\\\/storage.googleapis.com\\\/media-cloud-test-ef\\\/2021\\\/12\\\/pl\\\/GLOWNE.jpg\",\"datePublished\":\"2021-12-15T11:31:23+00:00\",\"dateModified\":\"2021-12-15T15:40:26+00:00\",\"breadcrumb\":{\"@id\":\"https:\\\/\\\/europa-forum.org\\\/2021\\\/12\\\/das-war-die-ef-weihnachtsfeier-2021\\\/#breadcrumb\"},\"inLanguage\":\"pl-PL\",\"potentialAction\":[{\"@type\":\"ReadAction\",\"target\":[\"https:\\\/\\\/europa-forum.org\\\/2021\\\/12\\\/das-war-die-ef-weihnachtsfeier-2021\\\/\"]}]},{\"@type\":\"ImageObject\",\"inLanguage\":\"pl-PL\",\"@id\":\"https:\\\/\\\/europa-forum.org\\\/2021\\\/12\\\/das-war-die-ef-weihnachtsfeier-2021\\\/#primaryimage\",\"url\":\"https:\\\/\\\/storage.googleapis.com\\\/media-cloud-test-ef\\\/2021\\\/12\\\/pl\\\/GLOWNE.jpg\",\"contentUrl\":\"https:\\\/\\\/storage.googleapis.com\\\/media-cloud-test-ef\\\/2021\\\/12\\\/pl\\\/GLOWNE.jpg\",\"width\":600,\"height\":800},{\"@type\":\"BreadcrumbList\",\"@id\":\"https:\\\/\\\/europa-forum.org\\\/2021\\\/12\\\/das-war-die-ef-weihnachtsfeier-2021\\\/#breadcrumb\",\"itemListElement\":[{\"@type\":\"ListItem\",\"position\":1,\"name\":\"Home\",\"item\":\"https:\\\/\\\/europa-forum.org\\\/pl\\\/\"},{\"@type\":\"ListItem\",\"position\":2,\"name\":\"Spotkanie \u015bwi\u0105teczne 2021 z Europa Forum ju\u017c za nami!\"}]},{\"@type\":\"WebSite\",\"@id\":\"https:\\\/\\\/europa-forum.org\\\/#website\",\"url\":\"https:\\\/\\\/europa-forum.org\\\/\",\"name\":\"EUROPA FORUM\",\"description\":\"Polsko-Niemieckie Ko\u0142o Gospodarcze we Wroc\u0142awiu\",\"publisher\":{\"@id\":\"https:\\\/\\\/europa-forum.org\\\/#organization\"},\"potentialAction\":[{\"@type\":\"SearchAction\",\"target\":{\"@type\":\"EntryPoint\",\"urlTemplate\":\"https:\\\/\\\/europa-forum.org\\\/?s={search_term_string}\"},\"query-input\":{\"@type\":\"PropertyValueSpecification\",\"valueRequired\":true,\"valueName\":\"search_term_string\"}}],\"inLanguage\":\"pl-PL\"},{\"@type\":\"Organization\",\"@id\":\"https:\\\/\\\/europa-forum.org\\\/#organization\",\"name\":\"EUROPA FORUM\",\"url\":\"https:\\\/\\\/europa-forum.org\\\/\",\"logo\":{\"@type\":\"ImageObject\",\"inLanguage\":\"pl-PL\",\"@id\":\"https:\\\/\\\/europa-forum.org\\\/#\\\/schema\\\/logo\\\/image\\\/\",\"url\":\"https:\\\/\\\/storage.googleapis.com\\\/media-cloud-test-ef\\\/2024\\\/12\\\/logo-square.png\",\"contentUrl\":\"https:\\\/\\\/storage.googleapis.com\\\/media-cloud-test-ef\\\/2024\\\/12\\\/logo-square.png\",\"width\":240,\"height\":240,\"caption\":\"EUROPA FORUM\"},\"image\":{\"@id\":\"https:\\\/\\\/europa-forum.org\\\/#\\\/schema\\\/logo\\\/image\\\/\"},\"sameAs\":[\"https:\\\/\\\/www.facebook.com\\\/EuropaForum\\\/\",\"https:\\\/\\\/www.linkedin.com\\\/company\\\/europa-forum\"]},{\"@type\":\"Person\",\"@id\":\"https:\\\/\\\/europa-forum.org\\\/#\\\/schema\\\/person\\\/78941253d03fdc931167811f69ae5afc\",\"name\":\"Web EUROPA FORUM\",\"image\":{\"@type\":\"ImageObject\",\"inLanguage\":\"pl-PL\",\"@id\":\"https:\\\/\\\/secure.gravatar.com\\\/avatar\\\/a0d9522a5e276ed089f6a92e55c96a108f9d763254edaa18f45f2cae401cb51d?s=96&d=mm&r=g\",\"url\":\"https:\\\/\\\/secure.gravatar.com\\\/avatar\\\/a0d9522a5e276ed089f6a92e55c96a108f9d763254edaa18f45f2cae401cb51d?s=96&d=mm&r=g\",\"contentUrl\":\"https:\\\/\\\/secure.gravatar.com\\\/avatar\\\/a0d9522a5e276ed089f6a92e55c96a108f9d763254edaa18f45f2cae401cb51d?s=96&d=mm&r=g\",\"caption\":\"Web EUROPA FORUM\"}}]}<\/script>\n<!-- \/ Yoast SEO plugin. -->","yoast_head_json":{"title":"Spotkanie \u015bwi\u0105teczne 2021 z Europa Forum ju\u017c za nami! - EUROPA FORUM","robots":{"index":"index","follow":"follow","max-snippet":"max-snippet:-1","max-image-preview":"max-image-preview:large","max-video-preview":"max-video-preview:-1"},"canonical":"https:\/\/europa-forum.org\/2021\/12\/das-war-die-ef-weihnachtsfeier-2021\/","og_locale":"pl_PL","og_type":"article","og_title":"Spotkanie \u015bwi\u0105teczne 2021 z Europa Forum ju\u017c za nami! - EUROPA FORUM","og_description":"W pi\u0105tek, 10 grudnia w Sali kominkowej Art Hotelu we Wroc\u0142awiu odby\u0142o si\u0119 coroczne spotkanie \u015bwi\u0105teczne. Na zaproszenie zarz\u0105du Europa Forum odpowiedzia\u0142o w tym roku nieco mniej liczne grono cz\u0142onk\u00f3w, ... Czytaj wi\u0119cej","og_url":"https:\/\/europa-forum.org\/2021\/12\/das-war-die-ef-weihnachtsfeier-2021\/","og_site_name":"EUROPA FORUM","article_publisher":"https:\/\/www.facebook.com\/EuropaForum\/","article_published_time":"2021-12-15T11:31:23+00:00","article_modified_time":"2021-12-15T15:40:26+00:00","og_image":[{"width":600,"height":800,"url":"https:\/\/storage.googleapis.com\/media-cloud-test-ef\/2021\/12\/pl\/GLOWNE.jpg","type":"image\/jpeg"}],"author":"Web EUROPA FORUM","twitter_card":"summary_large_image","twitter_misc":{"Napisane przez":"Web EUROPA FORUM","Szacowany czas czytania":"1 minuta"},"schema":{"@context":"https:\/\/schema.org","@graph":[{"@type":"Article","@id":"https:\/\/europa-forum.org\/2021\/12\/das-war-die-ef-weihnachtsfeier-2021\/#article","isPartOf":{"@id":"https:\/\/europa-forum.org\/2021\/12\/das-war-die-ef-weihnachtsfeier-2021\/"},"author":{"name":"Web EUROPA FORUM","@id":"https:\/\/europa-forum.org\/#\/schema\/person\/78941253d03fdc931167811f69ae5afc"},"headline":"Spotkanie \u015bwi\u0105teczne 2021 z Europa Forum ju\u017c za nami!","datePublished":"2021-12-15T11:31:23+00:00","dateModified":"2021-12-15T15:40:26+00:00","mainEntityOfPage":{"@id":"https:\/\/europa-forum.org\/2021\/12\/das-war-die-ef-weihnachtsfeier-2021\/"},"wordCount":187,"publisher":{"@id":"https:\/\/europa-forum.org\/#organization"},"image":{"@id":"https:\/\/europa-forum.org\/2021\/12\/das-war-die-ef-weihnachtsfeier-2021\/#primaryimage"},"thumbnailUrl":"https:\/\/storage.googleapis.com\/media-cloud-test-ef\/2021\/12\/pl\/GLOWNE.jpg","keywords":["2021","Europa Forum Wroc\u0142aw","Gospodarka","Ko\u0142o gospodarcze","Polska","Polsko-Niemiecki","Wroc\u0142aw"],"articleSection":["AKTUALNO\u015aCI STOWARZYSZENIA"],"inLanguage":"pl-PL"},{"@type":"WebPage","@id":"https:\/\/europa-forum.org\/2021\/12\/das-war-die-ef-weihnachtsfeier-2021\/","url":"https:\/\/europa-forum.org\/2021\/12\/das-war-die-ef-weihnachtsfeier-2021\/","name":"Spotkanie \u015bwi\u0105teczne 2021 z Europa Forum ju\u017c za nami! - EUROPA FORUM","isPartOf":{"@id":"https:\/\/europa-forum.org\/#website"},"primaryImageOfPage":{"@id":"https:\/\/europa-forum.org\/2021\/12\/das-war-die-ef-weihnachtsfeier-2021\/#primaryimage"},"image":{"@id":"https:\/\/europa-forum.org\/2021\/12\/das-war-die-ef-weihnachtsfeier-2021\/#primaryimage"},"thumbnailUrl":"https:\/\/storage.googleapis.com\/media-cloud-test-ef\/2021\/12\/pl\/GLOWNE.jpg","datePublished":"2021-12-15T11:31:23+00:00","dateModified":"2021-12-15T15:40:26+00:00","breadcrumb":{"@id":"https:\/\/europa-forum.org\/2021\/12\/das-war-die-ef-weihnachtsfeier-2021\/#breadcrumb"},"inLanguage":"pl-PL","potentialAction":[{"@type":"ReadAction","target":["https:\/\/europa-forum.org\/2021\/12\/das-war-die-ef-weihnachtsfeier-2021\/"]}]},{"@type":"ImageObject","inLanguage":"pl-PL","@id":"https:\/\/europa-forum.org\/2021\/12\/das-war-die-ef-weihnachtsfeier-2021\/#primaryimage","url":"https:\/\/storage.googleapis.com\/media-cloud-test-ef\/2021\/12\/pl\/GLOWNE.jpg","contentUrl":"https:\/\/storage.googleapis.com\/media-cloud-test-ef\/2021\/12\/pl\/GLOWNE.jpg","width":600,"height":800},{"@type":"BreadcrumbList","@id":"https:\/\/europa-forum.org\/2021\/12\/das-war-die-ef-weihnachtsfeier-2021\/#breadcrumb","itemListElement":[{"@type":"ListItem","position":1,"name":"Home","item":"https:\/\/europa-forum.org\/pl\/"},{"@type":"ListItem","position":2,"name":"Spotkanie \u015bwi\u0105teczne 2021 z Europa Forum ju\u017c za nami!"}]},{"@type":"WebSite","@id":"https:\/\/europa-forum.org\/#website","url":"https:\/\/europa-forum.org\/","name":"EUROPA FORUM","description":"Polsko-Niemieckie Ko\u0142o Gospodarcze we Wroc\u0142awiu","publisher":{"@id":"https:\/\/europa-forum.org\/#organization"},"potentialAction":[{"@type":"SearchAction","target":{"@type":"EntryPoint","urlTemplate":"https:\/\/europa-forum.org\/?s={search_term_string}"},"query-input":{"@type":"PropertyValueSpecification","valueRequired":true,"valueName":"search_term_string"}}],"inLanguage":"pl-PL"},{"@type":"Organization","@id":"https:\/\/europa-forum.org\/#organization","name":"EUROPA FORUM","url":"https:\/\/europa-forum.org\/","logo":{"@type":"ImageObject","inLanguage":"pl-PL","@id":"https:\/\/europa-forum.org\/#\/schema\/logo\/image\/","url":"https:\/\/storage.googleapis.com\/media-cloud-test-ef\/2024\/12\/logo-square.png","contentUrl":"https:\/\/storage.googleapis.com\/media-cloud-test-ef\/2024\/12\/logo-square.png","width":240,"height":240,"caption":"EUROPA FORUM"},"image":{"@id":"https:\/\/europa-forum.org\/#\/schema\/logo\/image\/"},"sameAs":["https:\/\/www.facebook.com\/EuropaForum\/","https:\/\/www.linkedin.com\/company\/europa-forum"]},{"@type":"Person","@id":"https:\/\/europa-forum.org\/#\/schema\/person\/78941253d03fdc931167811f69ae5afc","name":"Web EUROPA FORUM","image":{"@type":"ImageObject","inLanguage":"pl-PL","@id":"https:\/\/secure.gravatar.com\/avatar\/a0d9522a5e276ed089f6a92e55c96a108f9d763254edaa18f45f2cae401cb51d?s=96&d=mm&r=g","url":"https:\/\/secure.gravatar.com\/avatar\/a0d9522a5e276ed089f6a92e55c96a108f9d763254edaa18f45f2cae401cb51d?s=96&d=mm&r=g","contentUrl":"https:\/\/secure.gravatar.com\/avatar\/a0d9522a5e276ed089f6a92e55c96a108f9d763254edaa18f45f2cae401cb51d?s=96&d=mm&r=g","caption":"Web EUROPA FORUM"}}]}},"_links":{"self":[{"href":"https:\/\/europa-forum.org\/pl\/wp-json\/wp\/v2\/posts\/25657","targetHints":{"allow":["GET"]}}],"collection":[{"href":"https:\/\/europa-forum.org\/pl\/wp-json\/wp\/v2\/posts"}],"about":[{"href":"https:\/\/europa-forum.org\/pl\/wp-json\/wp\/v2\/types\/post"}],"author":[{"embeddable":true,"href":"https:\/\/europa-forum.org\/pl\/wp-json\/wp\/v2\/users\/34"}],"replies":[{"embeddable":true,"href":"https:\/\/europa-forum.org\/pl\/wp-json\/wp\/v2\/comments?post=25657"}],"version-history":[{"count":1,"href":"https:\/\/europa-forum.org\/pl\/wp-json\/wp\/v2\/posts\/25657\/revisions"}],"predecessor-version":[{"id":25658,"href":"https:\/\/europa-forum.org\/pl\/wp-json\/wp\/v2\/posts\/25657\/revisions\/25658"}],"wp:featuredmedia":[{"embeddable":true,"href":"https:\/\/europa-forum.org\/pl\/wp-json\/wp\/v2\/media\/25656"}],"wp:attachment":[{"href":"https:\/\/europa-forum.org\/pl\/wp-json\/wp\/v2\/media?parent=25657"}],"wp:term":[{"taxonomy":"category","embeddable":true,"href":"https:\/\/europa-forum.org\/pl\/wp-json\/wp\/v2\/categories?post=25657"},{"taxonomy":"post_tag","embeddable":true,"href":"https:\/\/europa-forum.org\/pl\/wp-json\/wp\/v2\/tags?post=25657"}],"curies":[{"name":"wp","href":"https:\/\/api.w.org\/{rel}","templated":true}]}}