{"id":25402,"date":"2021-10-14T07:43:01","date_gmt":"2021-10-14T07:43:01","guid":{"rendered":"https:\/\/europa-forum.org\/?p=25402"},"modified":"2021-10-14T09:56:11","modified_gmt":"2021-10-14T09:56:11","slug":"pierwszy-festiwal-wina-z-europa-forum","status":"publish","type":"post","link":"https:\/\/europa-forum.org\/pl\/2021\/10\/pierwszy-festiwal-wina-z-europa-forum\/","title":{"rendered":"Pierwszy Festiwal wina z Europa Forum"},"content":{"rendered":"<p>Pierwszy Festiwal wina z Europa Forum odby\u0142 si\u0119  8 pa\u017adziernika 2021. Mi\u0142o\u015bnicy wina spotkali si\u0119 w restauracji Forum kulinarne we Wroc\u0142awiu z zamiarem przetestowania r\u00f3\u017cnych rodzaj\u00f3w win. <\/p>\n<p>Dla wielu koneser\u00f3w dobre wino wymaga towarzystwa wybornych da\u0144. Dlatego te\u017c wiecz\u00f3r rozpocz\u0119li\u015bmy degustacj\u0105 wina moderowan\u0105 przez profesjonalnego sommeliera z winoteki Ars Vini, kt\u00f3ry przeprowadzi\u0142 nas przez 6 zestaw\u00f3w  foodpairingowych. \u201eFoodpairing\u201d polega na takim zestawieniu wina z jedzeniem, aby powsta\u0142y niestandardowe po\u0142\u0105czenia smak\u00f3w.<!--more--><\/p>\n<p>S\u0105 wina uniwersalne, po kt\u00f3re mo\u017cna si\u0119gn\u0105\u0107 przy ka\u017cdej okazji, poniewa\u017c zawsze smakuj\u0105 i pasuj\u0105 do wszystkich potraw. S\u0105 te\u017c wina specjalne, kt\u00f3rych zestawienie z okre\u015blonymi potrawami stanowi odwa\u017cn\u0105 kombinacj\u0119.<\/p>\n<p>Okazuje si\u0119, \u017ce np. Gew\u00fcrztraminer doskonale pasuje do pasztet\u00f3w (p\u00e2t\u00e9). Je\u015bli kto\u015b nie wierzy, powinien sam spr\u00f3bowa\u0107. <\/p>\n<p>A poniewa\u017c zar\u00f3wno wino jak i muzyka w r\u00f3wnym stopniu wp\u0142ywaj\u0105 na nasze zmys\u0142y i poprawiaj\u0105 nastr\u00f3j, degustacji wina towarzyszy\u0142a grana na \u017cywo muzyka w wykonaniu pianisty.  <\/p>\n<p>Wyj\u0105tkowa degustacja wina z Francji, Portugalii, ale tak\u017ce z polskich winnic trwa\u0142a prawie dwie godziny. Ale po niej nie nast\u0105pi\u0142 jeszcze koniec imprezy. <\/p>\n<p>Dla wszystkich uczestnik\u00f3w przygotowali\u015bmy niespodziank\u0119 \u2013 test z wiedzy o winie, w kt\u00f3rym czworo spo\u015br\u00f3d naszych go\u015bci mog\u0142o sprawdzi\u0107, czy naprawd\u0119 s\u0105 znawcami wina.<\/p>\n<p>A pytania wcale nie by\u0142y proste. A mo\u017ce Pa\u0144stwo wiecie, ile litr\u00f3w wina mo\u017cna uzyska\u0107 z kilograma winogron?  <\/p>\n<p>Jak przysta\u0142o na prawdziwy festiwal wina, na go\u015bci czeka\u0142y tak\u017ce cztery stoiska degustacyjne z szerok\u0105 ofert\u0105 win. Obok win australijskich, francuskich, w\u0119gierskich, austriackich i nowozelandzkich mo\u017cna by\u0142o spr\u00f3bowa\u0107 r\u00f3wnie\u017c win greckich i morawskich (z Czech).<\/p>\n<p>Ka\u017cdy m\u00f3g\u0142 zatem znale\u017a\u0107 spo\u015br\u00f3d oferowanych produkt\u00f3w swojego faworyta i naby\u0107 wybrane wino na miejscu. A by\u0142o naprawd\u0119 z czego wybiera\u0107. <\/p>\n<p>Ten niezwykle udany wiecz\u00f3r na pewno powt\u00f3rzymy w przysz\u0142ym roku. Ju\u017c dzi\u015b cieszymy si\u0119 na ponowne spotkanie w gronie mi\u0142o\u015bnik\u00f3w wina EF.<\/p>\n<p>Serdecznie dzi\u0119kujemy partnerom wydarzenia:<\/p>\n<p><img loading=\"lazy\" decoding=\"async\" src=\"https:\/\/storage.googleapis.com\/media-cloud-test-ef\/2021\/10\/pl\/weinfestival-partners.png\" alt=\"\" width=\"382\" height=\"238\" class=\"alignnone size-full wp-image-25355\" \/><\/p>\n<hr \/>\n<p>Galeria zdj\u0119\u0107:<\/p>\nngg_shortcode_0_placeholder\n","protected":false},"excerpt":{"rendered":"<p>Pierwszy Festiwal wina z Europa Forum odby\u0142 si\u0119 8 pa\u017adziernika 2021. Mi\u0142o\u015bnicy wina spotkali si\u0119 w restauracji Forum kulinarne we Wroc\u0142awiu z zamiarem przetestowania r\u00f3\u017cnych rodzaj\u00f3w win. Dla wielu koneser\u00f3w &#8230; <a class=\"read-more\" href=\"https:\/\/europa-forum.org\/pl\/2021\/10\/pierwszy-festiwal-wina-z-europa-forum\/\">Czytaj wi\u0119cej<\/a><\/p>\n","protected":false},"author":34,"featured_media":25366,"comment_status":"closed","ping_status":"open","sticky":false,"template":"","format":"standard","meta":{"ngg_post_thumbnail":0,"footnotes":""},"categories":[43],"tags":[213,53,148,182,181,180,69],"class_list":["post-25402","post","type-post","status-publish","format-standard","has-post-thumbnail","hentry","category-ef-wydarzenia","tag-2021-pl","tag-europa-forum-wroclaw","tag-gospodarka","tag-kolo-gospodarcze-pl","tag-polska-pl","tag-polsko-niemiecki-pl","tag-wroclaw"],"yoast_head":"<!-- This site is optimized with the Yoast SEO plugin v27.3 - https:\/\/yoast.com\/product\/yoast-seo-wordpress\/ -->\n<title>Pierwszy Festiwal wina z Europa Forum - EUROPA FORUM<\/title>\n<meta name=\"robots\" content=\"index, follow, max-snippet:-1, max-image-preview:large, max-video-preview:-1\" \/>\n<link rel=\"canonical\" href=\"https:\/\/europa-forum.org\/2021\/10\/das-erste-europa-forum-weinfestival\/\" \/>\n<meta property=\"og:locale\" content=\"pl_PL\" \/>\n<meta property=\"og:type\" content=\"article\" \/>\n<meta property=\"og:title\" content=\"Pierwszy Festiwal wina z Europa Forum - EUROPA FORUM\" \/>\n<meta property=\"og:description\" content=\"Pierwszy Festiwal wina z Europa Forum odby\u0142 si\u0119 8 pa\u017adziernika 2021. Mi\u0142o\u015bnicy wina spotkali si\u0119 w restauracji Forum kulinarne we Wroc\u0142awiu z zamiarem przetestowania r\u00f3\u017cnych rodzaj\u00f3w win. Dla wielu koneser\u00f3w ... Czytaj wi\u0119cej\" \/>\n<meta property=\"og:url\" content=\"https:\/\/europa-forum.org\/2021\/10\/das-erste-europa-forum-weinfestival\/\" \/>\n<meta property=\"og:site_name\" content=\"EUROPA FORUM\" \/>\n<meta property=\"article:publisher\" content=\"https:\/\/www.facebook.com\/EuropaForum\/\" \/>\n<meta property=\"article:published_time\" content=\"2021-10-14T07:43:01+00:00\" \/>\n<meta property=\"article:modified_time\" content=\"2021-10-14T09:56:11+00:00\" \/>\n<meta property=\"og:image\" content=\"https:\/\/storage.googleapis.com\/media-cloud-test-ef\/2021\/10\/pl\/weinfestival-glowne.png\" \/>\n\t<meta property=\"og:image:width\" content=\"751\" \/>\n\t<meta property=\"og:image:height\" content=\"700\" \/>\n\t<meta property=\"og:image:type\" content=\"image\/png\" \/>\n<meta name=\"author\" content=\"Web EUROPA FORUM\" \/>\n<meta name=\"twitter:card\" content=\"summary_large_image\" \/>\n<meta name=\"twitter:label1\" content=\"Napisane przez\" \/>\n\t<meta name=\"twitter:data1\" content=\"Web EUROPA FORUM\" \/>\n\t<meta name=\"twitter:label2\" content=\"Szacowany czas czytania\" \/>\n\t<meta name=\"twitter:data2\" content=\"2 minuty\" \/>\n<script type=\"application\/ld+json\" class=\"yoast-schema-graph\">{\"@context\":\"https:\\\/\\\/schema.org\",\"@graph\":[{\"@type\":\"Article\",\"@id\":\"https:\\\/\\\/europa-forum.org\\\/2021\\\/10\\\/das-erste-europa-forum-weinfestival\\\/#article\",\"isPartOf\":{\"@id\":\"https:\\\/\\\/europa-forum.org\\\/2021\\\/10\\\/das-erste-europa-forum-weinfestival\\\/\"},\"author\":{\"name\":\"Web EUROPA FORUM\",\"@id\":\"https:\\\/\\\/europa-forum.org\\\/#\\\/schema\\\/person\\\/78941253d03fdc931167811f69ae5afc\"},\"headline\":\"Pierwszy Festiwal wina z Europa Forum\",\"datePublished\":\"2021-10-14T07:43:01+00:00\",\"dateModified\":\"2021-10-14T09:56:11+00:00\",\"mainEntityOfPage\":{\"@id\":\"https:\\\/\\\/europa-forum.org\\\/2021\\\/10\\\/das-erste-europa-forum-weinfestival\\\/\"},\"wordCount\":375,\"publisher\":{\"@id\":\"https:\\\/\\\/europa-forum.org\\\/#organization\"},\"image\":{\"@id\":\"https:\\\/\\\/europa-forum.org\\\/2021\\\/10\\\/das-erste-europa-forum-weinfestival\\\/#primaryimage\"},\"thumbnailUrl\":\"https:\\\/\\\/storage.googleapis.com\\\/media-cloud-test-ef\\\/2021\\\/10\\\/pl\\\/weinfestival-glowne.png\",\"keywords\":[\"2021\",\"Europa Forum Wroc\u0142aw\",\"Gospodarka\",\"Ko\u0142o gospodarcze\",\"Polska\",\"Polsko-Niemiecki\",\"Wroc\u0142aw\"],\"articleSection\":[\"EF Wydarzenia\"],\"inLanguage\":\"pl-PL\"},{\"@type\":\"WebPage\",\"@id\":\"https:\\\/\\\/europa-forum.org\\\/2021\\\/10\\\/das-erste-europa-forum-weinfestival\\\/\",\"url\":\"https:\\\/\\\/europa-forum.org\\\/2021\\\/10\\\/das-erste-europa-forum-weinfestival\\\/\",\"name\":\"Pierwszy Festiwal wina z Europa Forum - EUROPA FORUM\",\"isPartOf\":{\"@id\":\"https:\\\/\\\/europa-forum.org\\\/#website\"},\"primaryImageOfPage\":{\"@id\":\"https:\\\/\\\/europa-forum.org\\\/2021\\\/10\\\/das-erste-europa-forum-weinfestival\\\/#primaryimage\"},\"image\":{\"@id\":\"https:\\\/\\\/europa-forum.org\\\/2021\\\/10\\\/das-erste-europa-forum-weinfestival\\\/#primaryimage\"},\"thumbnailUrl\":\"https:\\\/\\\/storage.googleapis.com\\\/media-cloud-test-ef\\\/2021\\\/10\\\/pl\\\/weinfestival-glowne.png\",\"datePublished\":\"2021-10-14T07:43:01+00:00\",\"dateModified\":\"2021-10-14T09:56:11+00:00\",\"breadcrumb\":{\"@id\":\"https:\\\/\\\/europa-forum.org\\\/2021\\\/10\\\/das-erste-europa-forum-weinfestival\\\/#breadcrumb\"},\"inLanguage\":\"pl-PL\",\"potentialAction\":[{\"@type\":\"ReadAction\",\"target\":[\"https:\\\/\\\/europa-forum.org\\\/2021\\\/10\\\/das-erste-europa-forum-weinfestival\\\/\"]}]},{\"@type\":\"ImageObject\",\"inLanguage\":\"pl-PL\",\"@id\":\"https:\\\/\\\/europa-forum.org\\\/2021\\\/10\\\/das-erste-europa-forum-weinfestival\\\/#primaryimage\",\"url\":\"https:\\\/\\\/storage.googleapis.com\\\/media-cloud-test-ef\\\/2021\\\/10\\\/pl\\\/weinfestival-glowne.png\",\"contentUrl\":\"https:\\\/\\\/storage.googleapis.com\\\/media-cloud-test-ef\\\/2021\\\/10\\\/pl\\\/weinfestival-glowne.png\",\"width\":751,\"height\":700},{\"@type\":\"BreadcrumbList\",\"@id\":\"https:\\\/\\\/europa-forum.org\\\/2021\\\/10\\\/das-erste-europa-forum-weinfestival\\\/#breadcrumb\",\"itemListElement\":[{\"@type\":\"ListItem\",\"position\":1,\"name\":\"Home\",\"item\":\"https:\\\/\\\/europa-forum.org\\\/pl\\\/\"},{\"@type\":\"ListItem\",\"position\":2,\"name\":\"Pierwszy Festiwal wina z Europa Forum\"}]},{\"@type\":\"WebSite\",\"@id\":\"https:\\\/\\\/europa-forum.org\\\/#website\",\"url\":\"https:\\\/\\\/europa-forum.org\\\/\",\"name\":\"EUROPA FORUM\",\"description\":\"Polsko-Niemieckie Ko\u0142o Gospodarcze we Wroc\u0142awiu\",\"publisher\":{\"@id\":\"https:\\\/\\\/europa-forum.org\\\/#organization\"},\"potentialAction\":[{\"@type\":\"SearchAction\",\"target\":{\"@type\":\"EntryPoint\",\"urlTemplate\":\"https:\\\/\\\/europa-forum.org\\\/?s={search_term_string}\"},\"query-input\":{\"@type\":\"PropertyValueSpecification\",\"valueRequired\":true,\"valueName\":\"search_term_string\"}}],\"inLanguage\":\"pl-PL\"},{\"@type\":\"Organization\",\"@id\":\"https:\\\/\\\/europa-forum.org\\\/#organization\",\"name\":\"EUROPA FORUM\",\"url\":\"https:\\\/\\\/europa-forum.org\\\/\",\"logo\":{\"@type\":\"ImageObject\",\"inLanguage\":\"pl-PL\",\"@id\":\"https:\\\/\\\/europa-forum.org\\\/#\\\/schema\\\/logo\\\/image\\\/\",\"url\":\"https:\\\/\\\/storage.googleapis.com\\\/media-cloud-test-ef\\\/2024\\\/12\\\/logo-square.png\",\"contentUrl\":\"https:\\\/\\\/storage.googleapis.com\\\/media-cloud-test-ef\\\/2024\\\/12\\\/logo-square.png\",\"width\":240,\"height\":240,\"caption\":\"EUROPA FORUM\"},\"image\":{\"@id\":\"https:\\\/\\\/europa-forum.org\\\/#\\\/schema\\\/logo\\\/image\\\/\"},\"sameAs\":[\"https:\\\/\\\/www.facebook.com\\\/EuropaForum\\\/\",\"https:\\\/\\\/www.linkedin.com\\\/company\\\/europa-forum\"]},{\"@type\":\"Person\",\"@id\":\"https:\\\/\\\/europa-forum.org\\\/#\\\/schema\\\/person\\\/78941253d03fdc931167811f69ae5afc\",\"name\":\"Web EUROPA FORUM\",\"image\":{\"@type\":\"ImageObject\",\"inLanguage\":\"pl-PL\",\"@id\":\"https:\\\/\\\/secure.gravatar.com\\\/avatar\\\/a0d9522a5e276ed089f6a92e55c96a108f9d763254edaa18f45f2cae401cb51d?s=96&d=mm&r=g\",\"url\":\"https:\\\/\\\/secure.gravatar.com\\\/avatar\\\/a0d9522a5e276ed089f6a92e55c96a108f9d763254edaa18f45f2cae401cb51d?s=96&d=mm&r=g\",\"contentUrl\":\"https:\\\/\\\/secure.gravatar.com\\\/avatar\\\/a0d9522a5e276ed089f6a92e55c96a108f9d763254edaa18f45f2cae401cb51d?s=96&d=mm&r=g\",\"caption\":\"Web EUROPA FORUM\"}}]}<\/script>\n<!-- \/ Yoast SEO plugin. -->","yoast_head_json":{"title":"Pierwszy Festiwal wina z Europa Forum - EUROPA FORUM","robots":{"index":"index","follow":"follow","max-snippet":"max-snippet:-1","max-image-preview":"max-image-preview:large","max-video-preview":"max-video-preview:-1"},"canonical":"https:\/\/europa-forum.org\/2021\/10\/das-erste-europa-forum-weinfestival\/","og_locale":"pl_PL","og_type":"article","og_title":"Pierwszy Festiwal wina z Europa Forum - EUROPA FORUM","og_description":"Pierwszy Festiwal wina z Europa Forum odby\u0142 si\u0119 8 pa\u017adziernika 2021. Mi\u0142o\u015bnicy wina spotkali si\u0119 w restauracji Forum kulinarne we Wroc\u0142awiu z zamiarem przetestowania r\u00f3\u017cnych rodzaj\u00f3w win. Dla wielu koneser\u00f3w ... Czytaj wi\u0119cej","og_url":"https:\/\/europa-forum.org\/2021\/10\/das-erste-europa-forum-weinfestival\/","og_site_name":"EUROPA FORUM","article_publisher":"https:\/\/www.facebook.com\/EuropaForum\/","article_published_time":"2021-10-14T07:43:01+00:00","article_modified_time":"2021-10-14T09:56:11+00:00","og_image":[{"width":751,"height":700,"url":"https:\/\/storage.googleapis.com\/media-cloud-test-ef\/2021\/10\/pl\/weinfestival-glowne.png","type":"image\/png"}],"author":"Web EUROPA FORUM","twitter_card":"summary_large_image","twitter_misc":{"Napisane przez":"Web EUROPA FORUM","Szacowany czas czytania":"2 minuty"},"schema":{"@context":"https:\/\/schema.org","@graph":[{"@type":"Article","@id":"https:\/\/europa-forum.org\/2021\/10\/das-erste-europa-forum-weinfestival\/#article","isPartOf":{"@id":"https:\/\/europa-forum.org\/2021\/10\/das-erste-europa-forum-weinfestival\/"},"author":{"name":"Web EUROPA FORUM","@id":"https:\/\/europa-forum.org\/#\/schema\/person\/78941253d03fdc931167811f69ae5afc"},"headline":"Pierwszy Festiwal wina z Europa Forum","datePublished":"2021-10-14T07:43:01+00:00","dateModified":"2021-10-14T09:56:11+00:00","mainEntityOfPage":{"@id":"https:\/\/europa-forum.org\/2021\/10\/das-erste-europa-forum-weinfestival\/"},"wordCount":375,"publisher":{"@id":"https:\/\/europa-forum.org\/#organization"},"image":{"@id":"https:\/\/europa-forum.org\/2021\/10\/das-erste-europa-forum-weinfestival\/#primaryimage"},"thumbnailUrl":"https:\/\/storage.googleapis.com\/media-cloud-test-ef\/2021\/10\/pl\/weinfestival-glowne.png","keywords":["2021","Europa Forum Wroc\u0142aw","Gospodarka","Ko\u0142o gospodarcze","Polska","Polsko-Niemiecki","Wroc\u0142aw"],"articleSection":["EF Wydarzenia"],"inLanguage":"pl-PL"},{"@type":"WebPage","@id":"https:\/\/europa-forum.org\/2021\/10\/das-erste-europa-forum-weinfestival\/","url":"https:\/\/europa-forum.org\/2021\/10\/das-erste-europa-forum-weinfestival\/","name":"Pierwszy Festiwal wina z Europa Forum - EUROPA FORUM","isPartOf":{"@id":"https:\/\/europa-forum.org\/#website"},"primaryImageOfPage":{"@id":"https:\/\/europa-forum.org\/2021\/10\/das-erste-europa-forum-weinfestival\/#primaryimage"},"image":{"@id":"https:\/\/europa-forum.org\/2021\/10\/das-erste-europa-forum-weinfestival\/#primaryimage"},"thumbnailUrl":"https:\/\/storage.googleapis.com\/media-cloud-test-ef\/2021\/10\/pl\/weinfestival-glowne.png","datePublished":"2021-10-14T07:43:01+00:00","dateModified":"2021-10-14T09:56:11+00:00","breadcrumb":{"@id":"https:\/\/europa-forum.org\/2021\/10\/das-erste-europa-forum-weinfestival\/#breadcrumb"},"inLanguage":"pl-PL","potentialAction":[{"@type":"ReadAction","target":["https:\/\/europa-forum.org\/2021\/10\/das-erste-europa-forum-weinfestival\/"]}]},{"@type":"ImageObject","inLanguage":"pl-PL","@id":"https:\/\/europa-forum.org\/2021\/10\/das-erste-europa-forum-weinfestival\/#primaryimage","url":"https:\/\/storage.googleapis.com\/media-cloud-test-ef\/2021\/10\/pl\/weinfestival-glowne.png","contentUrl":"https:\/\/storage.googleapis.com\/media-cloud-test-ef\/2021\/10\/pl\/weinfestival-glowne.png","width":751,"height":700},{"@type":"BreadcrumbList","@id":"https:\/\/europa-forum.org\/2021\/10\/das-erste-europa-forum-weinfestival\/#breadcrumb","itemListElement":[{"@type":"ListItem","position":1,"name":"Home","item":"https:\/\/europa-forum.org\/pl\/"},{"@type":"ListItem","position":2,"name":"Pierwszy Festiwal wina z Europa Forum"}]},{"@type":"WebSite","@id":"https:\/\/europa-forum.org\/#website","url":"https:\/\/europa-forum.org\/","name":"EUROPA FORUM","description":"Polsko-Niemieckie Ko\u0142o Gospodarcze we Wroc\u0142awiu","publisher":{"@id":"https:\/\/europa-forum.org\/#organization"},"potentialAction":[{"@type":"SearchAction","target":{"@type":"EntryPoint","urlTemplate":"https:\/\/europa-forum.org\/?s={search_term_string}"},"query-input":{"@type":"PropertyValueSpecification","valueRequired":true,"valueName":"search_term_string"}}],"inLanguage":"pl-PL"},{"@type":"Organization","@id":"https:\/\/europa-forum.org\/#organization","name":"EUROPA FORUM","url":"https:\/\/europa-forum.org\/","logo":{"@type":"ImageObject","inLanguage":"pl-PL","@id":"https:\/\/europa-forum.org\/#\/schema\/logo\/image\/","url":"https:\/\/storage.googleapis.com\/media-cloud-test-ef\/2024\/12\/logo-square.png","contentUrl":"https:\/\/storage.googleapis.com\/media-cloud-test-ef\/2024\/12\/logo-square.png","width":240,"height":240,"caption":"EUROPA FORUM"},"image":{"@id":"https:\/\/europa-forum.org\/#\/schema\/logo\/image\/"},"sameAs":["https:\/\/www.facebook.com\/EuropaForum\/","https:\/\/www.linkedin.com\/company\/europa-forum"]},{"@type":"Person","@id":"https:\/\/europa-forum.org\/#\/schema\/person\/78941253d03fdc931167811f69ae5afc","name":"Web EUROPA FORUM","image":{"@type":"ImageObject","inLanguage":"pl-PL","@id":"https:\/\/secure.gravatar.com\/avatar\/a0d9522a5e276ed089f6a92e55c96a108f9d763254edaa18f45f2cae401cb51d?s=96&d=mm&r=g","url":"https:\/\/secure.gravatar.com\/avatar\/a0d9522a5e276ed089f6a92e55c96a108f9d763254edaa18f45f2cae401cb51d?s=96&d=mm&r=g","contentUrl":"https:\/\/secure.gravatar.com\/avatar\/a0d9522a5e276ed089f6a92e55c96a108f9d763254edaa18f45f2cae401cb51d?s=96&d=mm&r=g","caption":"Web EUROPA FORUM"}}]}},"_links":{"self":[{"href":"https:\/\/europa-forum.org\/pl\/wp-json\/wp\/v2\/posts\/25402","targetHints":{"allow":["GET"]}}],"collection":[{"href":"https:\/\/europa-forum.org\/pl\/wp-json\/wp\/v2\/posts"}],"about":[{"href":"https:\/\/europa-forum.org\/pl\/wp-json\/wp\/v2\/types\/post"}],"author":[{"embeddable":true,"href":"https:\/\/europa-forum.org\/pl\/wp-json\/wp\/v2\/users\/34"}],"replies":[{"embeddable":true,"href":"https:\/\/europa-forum.org\/pl\/wp-json\/wp\/v2\/comments?post=25402"}],"version-history":[{"count":2,"href":"https:\/\/europa-forum.org\/pl\/wp-json\/wp\/v2\/posts\/25402\/revisions"}],"predecessor-version":[{"id":25404,"href":"https:\/\/europa-forum.org\/pl\/wp-json\/wp\/v2\/posts\/25402\/revisions\/25404"}],"wp:featuredmedia":[{"embeddable":true,"href":"https:\/\/europa-forum.org\/pl\/wp-json\/wp\/v2\/media\/25366"}],"wp:attachment":[{"href":"https:\/\/europa-forum.org\/pl\/wp-json\/wp\/v2\/media?parent=25402"}],"wp:term":[{"taxonomy":"category","embeddable":true,"href":"https:\/\/europa-forum.org\/pl\/wp-json\/wp\/v2\/categories?post=25402"},{"taxonomy":"post_tag","embeddable":true,"href":"https:\/\/europa-forum.org\/pl\/wp-json\/wp\/v2\/tags?post=25402"}],"curies":[{"name":"wp","href":"https:\/\/api.w.org\/{rel}","templated":true}]}}