{"id":24701,"date":"2021-04-01T08:55:31","date_gmt":"2021-04-01T08:55:31","guid":{"rendered":"https:\/\/europa-forum.org\/?p=24701"},"modified":"2021-04-02T10:01:40","modified_gmt":"2021-04-02T10:01:40","slug":"kolumb-plynie-czarostatkiem-aukcja-charytatywna-na-rzecz-kazia-wiecka","status":"publish","type":"post","link":"https:\/\/europa-forum.org\/pl\/2021\/04\/kolumb-plynie-czarostatkiem-aukcja-charytatywna-na-rzecz-kazia-wiecka\/","title":{"rendered":"Kolumb p\u0142ynie Czarostatkiem. Aukcja charytatywna na rzecz Kazia Wi\u0119cka"},"content":{"rendered":"<p>Szanowni Pa\u0144stwo,<br \/>\nmia ART GALLERY oraz Dom Aukcyjny DESA Unicum zapraszaj\u0105 do wzi\u0119cia udzia\u0142u w aukcji charytatywnej &#8222;Kolumb p\u0142ynie Czarostatkiem&#8221; na rzecz Kazia Wi\u0119cka.<br \/>\nAukcja potrwa do 9 kwietnia. Patronat nad wydarzeniem obj\u0119\u0142o Artinfo.pl Oferta dost\u0119pna jest na stronie internetowej <a href=\"https:\/\/bid.desa.pl\/\">Domu Aukcyjnego DESA Unicum<\/a> oraz na portalu<a href=\"https:\/\/artinfo.pl\/katalogi-aukcyjne\/kolumb-plynie-czarostatkiem-aukcja-charytatywna-na-rzecz-kazia-wiecka-aukcja-online\"> Artinfo.pl<\/a>.<\/p>\n<p>Celem jest zebranie \u015brodk\u00f3w na leczenie i rehabilitacj\u0119 5-letniego Kazika Wi\u0119cka, cierpi\u0105cego na czteroko\u0144czynowe dzieci\u0119ce pora\u017cenie m\u00f3zgowe oraz padaczk\u0105 lekooporn\u0105.<br \/>\nKazik to radosny pi\u0119cioletni ch\u0142opiec. Mimo to, na co dzie\u0144 musi si\u0119 zmaga\u0107 z problemami niewyobra\u017calnymi dla jego zdrowych r\u00f3wie\u015bnik\u00f3w. W wyniku komplikacji oko\u0142oporodowych dosz\u0142o do rozleg\u0142ego uszkodzenia m\u00f3zgu. Niedawno przeszed\u0142 skomplikowan\u0105 operacj\u0119 obustronnej rekonstrukcji staw\u00f3w biodrowych. Dalsze leczenie i rehabilitacja s\u0105 niezb\u0119dne.<\/p>\n<p>By wspom\u00f3c tego dzielnego ch\u0142opca w walce o radosne dzieci\u0144stwo, a przede wszystkim \u017cycie bez b\u00f3lu, mia ART GALLERY wraz z Desa Unicum zapraszaj\u0105 do udzia\u0142u w aukcji, na kt\u00f3rej znalaz\u0142y si\u0119 pi\u0119kne, sygnowane ilustracje w formie odr\u0119cznych prac na papierze i unikatowych wydruk\u00f3w autorstwa znanych wroc\u0142awskich ilustratorek i ilustrator\u00f3w: Ewy Kozyry-Pawlak, Paw\u0142a Pawlaka, Magdy Wosik, Piotra Rychela, Tomasza Brody, Gosi Herby, Paw\u0142a Mildnera i Roberta Romanowicza. S\u0105 to nazwiska tw\u00f3rczy\u0144 i tw\u00f3rc\u00f3w ilustracji i autorskich ksi\u0105\u017cek dla dzieci wielokrotnie nagradzanych, znanych nie tylko w Polsce, ale r\u00f3wnie\u017c za granic\u0105. Ich prace pokazywane by\u0142y w mia ART GALLERY w czerwcu 2019 roku na wystawie &#8222;Kolumb plynie Czarostatkiem (a Wroc\u0142aw ilustruje)&#8221;, kuratorowanej przez Anite Wincencjusz-Patyne.<\/p>\n<p>Na aukcji znalaz\u0142y si\u0119 r\u00f3wnie\u017c prace z kolekcji mia ART GALLERY: J\u00f3zefa Ha\u0142asa, Andrzeja Gieragi, Urszuli Madery, \u0141ukasza Huculaka, Mariana Michalika i Eugeniusza Gepperta.<br \/>\nTe dzie\u0142a sztuki maj\u0105 szans\u0119 sta\u0107 si\u0119 cennymi obiektami w Pa\u0144stwa kolekcji, a ich warto\u015b\u0107 \u2013 niezale\u017cnie od wylicytowanej kwoty \u2013 bezcenna. Aukcja online b\u0119dzie trwa\u0142a do 8 kwietnia 2021.<\/p>\n<p>Zesp\u00f3\u0142 Europa Forum<\/p>\n<p><img loading=\"lazy\" decoding=\"async\" srcset='https:\/\/storage.googleapis.com\/media-cloud-test-ef\/2021\/04\/478-europa-forum-560x373.jpg 560w, https:\/\/storage.googleapis.com\/media-cloud-test-ef\/2021\/04\/478-europa-forum.jpg 755w' sizes=\"auto, (max-width: 755px) 100vw, 755px\"   class=\"aligncenter size-full wp-image-24702\" src=\"https:\/\/storage.googleapis.com\/media-cloud-test-ef\/2021\/04\/478-europa-forum.jpg\"   alt=\"Kolumb p\u0142ynie Czarostatkiem. Aukcja charytatywna na rzecz Kazia Wi\u0119cka. \" width=\"755\" height=\"503\"><\/p>\n","protected":false},"excerpt":{"rendered":"<p>Szanowni Pa\u0144stwo, mia ART GALLERY oraz Dom Aukcyjny DESA Unicum zapraszaj\u0105 do wzi\u0119cia udzia\u0142u w aukcji charytatywnej &#8222;Kolumb p\u0142ynie Czarostatkiem&#8221; na rzecz Kazia Wi\u0119cka. Aukcja potrwa do 9 kwietnia. Patronat &#8230; <a class=\"read-more\" href=\"https:\/\/europa-forum.org\/pl\/2021\/04\/kolumb-plynie-czarostatkiem-aukcja-charytatywna-na-rzecz-kazia-wiecka\/\">Czytaj wi\u0119cej<\/a><\/p>\n","protected":false},"author":67,"featured_media":24705,"comment_status":"closed","ping_status":"open","sticky":false,"template":"","format":"standard","meta":{"ngg_post_thumbnail":0,"footnotes":""},"categories":[40],"tags":[213,53,148,182,181,180,69],"class_list":["post-24701","post","type-post","status-publish","format-standard","has-post-thumbnail","hentry","category-ef-czlonkowie-czlonkom","tag-2021-pl","tag-europa-forum-wroclaw","tag-gospodarka","tag-kolo-gospodarcze-pl","tag-polska-pl","tag-polsko-niemiecki-pl","tag-wroclaw"],"yoast_head":"<!-- This site is optimized with the Yoast SEO plugin v27.3 - https:\/\/yoast.com\/product\/yoast-seo-wordpress\/ -->\n<title>Kolumb p\u0142ynie Czarostatkiem. Aukcja charytatywna na rzecz Kazia Wi\u0119cka - EUROPA FORUM<\/title>\n<meta name=\"robots\" content=\"index, follow, max-snippet:-1, max-image-preview:large, max-video-preview:-1\" \/>\n<link rel=\"canonical\" href=\"https:\/\/europa-forum.org\/2021\/04\/kolumbus-segelt-mit-dem-czarostatek-wohltaetigkeitsauktion-zu-gunsten-von-kazio-wiecek\/\" \/>\n<meta property=\"og:locale\" content=\"pl_PL\" \/>\n<meta property=\"og:type\" content=\"article\" \/>\n<meta property=\"og:title\" content=\"Kolumb p\u0142ynie Czarostatkiem. Aukcja charytatywna na rzecz Kazia Wi\u0119cka - EUROPA FORUM\" \/>\n<meta property=\"og:description\" content=\"Szanowni Pa\u0144stwo, mia ART GALLERY oraz Dom Aukcyjny DESA Unicum zapraszaj\u0105 do wzi\u0119cia udzia\u0142u w aukcji charytatywnej &#8222;Kolumb p\u0142ynie Czarostatkiem&#8221; na rzecz Kazia Wi\u0119cka. Aukcja potrwa do 9 kwietnia. Patronat ... Czytaj wi\u0119cej\" \/>\n<meta property=\"og:url\" content=\"https:\/\/europa-forum.org\/2021\/04\/kolumbus-segelt-mit-dem-czarostatek-wohltaetigkeitsauktion-zu-gunsten-von-kazio-wiecek\/\" \/>\n<meta property=\"og:site_name\" content=\"EUROPA FORUM\" \/>\n<meta property=\"article:publisher\" content=\"https:\/\/www.facebook.com\/EuropaForum\/\" \/>\n<meta property=\"article:published_time\" content=\"2021-04-01T08:55:31+00:00\" \/>\n<meta property=\"article:modified_time\" content=\"2021-04-02T10:01:40+00:00\" \/>\n<meta property=\"og:image\" content=\"https:\/\/storage.googleapis.com\/media-cloud-test-ef\/2021\/04\/477-europa-forum.jpg\" \/>\n\t<meta property=\"og:image:width\" content=\"755\" \/>\n\t<meta property=\"og:image:height\" content=\"318\" \/>\n\t<meta property=\"og:image:type\" content=\"image\/jpeg\" \/>\n<meta name=\"author\" content=\"EUROPA FORUM\" \/>\n<meta name=\"twitter:card\" content=\"summary_large_image\" \/>\n<meta name=\"twitter:label1\" content=\"Napisane przez\" \/>\n\t<meta name=\"twitter:data1\" content=\"EUROPA FORUM\" \/>\n\t<meta name=\"twitter:label2\" content=\"Szacowany czas czytania\" \/>\n\t<meta name=\"twitter:data2\" content=\"2 minuty\" \/>\n<script type=\"application\/ld+json\" class=\"yoast-schema-graph\">{\"@context\":\"https:\\\/\\\/schema.org\",\"@graph\":[{\"@type\":\"Article\",\"@id\":\"https:\\\/\\\/europa-forum.org\\\/2021\\\/04\\\/kolumbus-segelt-mit-dem-czarostatek-wohltaetigkeitsauktion-zu-gunsten-von-kazio-wiecek\\\/#article\",\"isPartOf\":{\"@id\":\"https:\\\/\\\/europa-forum.org\\\/2021\\\/04\\\/kolumbus-segelt-mit-dem-czarostatek-wohltaetigkeitsauktion-zu-gunsten-von-kazio-wiecek\\\/\"},\"author\":{\"name\":\"EUROPA FORUM\",\"@id\":\"https:\\\/\\\/europa-forum.org\\\/#\\\/schema\\\/person\\\/fbb2c3378817155a7d7c5bac3c47cf73\"},\"headline\":\"Kolumb p\u0142ynie Czarostatkiem. Aukcja charytatywna na rzecz Kazia Wi\u0119cka\",\"datePublished\":\"2021-04-01T08:55:31+00:00\",\"dateModified\":\"2021-04-02T10:01:40+00:00\",\"mainEntityOfPage\":{\"@id\":\"https:\\\/\\\/europa-forum.org\\\/2021\\\/04\\\/kolumbus-segelt-mit-dem-czarostatek-wohltaetigkeitsauktion-zu-gunsten-von-kazio-wiecek\\\/\"},\"wordCount\":345,\"publisher\":{\"@id\":\"https:\\\/\\\/europa-forum.org\\\/#organization\"},\"image\":{\"@id\":\"https:\\\/\\\/europa-forum.org\\\/2021\\\/04\\\/kolumbus-segelt-mit-dem-czarostatek-wohltaetigkeitsauktion-zu-gunsten-von-kazio-wiecek\\\/#primaryimage\"},\"thumbnailUrl\":\"https:\\\/\\\/storage.googleapis.com\\\/media-cloud-test-ef\\\/2021\\\/04\\\/477-europa-forum.jpg\",\"keywords\":[\"2021\",\"Europa Forum Wroc\u0142aw\",\"Gospodarka\",\"Ko\u0142o gospodarcze\",\"Polska\",\"Polsko-Niemiecki\",\"Wroc\u0142aw\"],\"articleSection\":[\"EF Cz\u0142onkowie cz\u0142onkom\"],\"inLanguage\":\"pl-PL\"},{\"@type\":\"WebPage\",\"@id\":\"https:\\\/\\\/europa-forum.org\\\/2021\\\/04\\\/kolumbus-segelt-mit-dem-czarostatek-wohltaetigkeitsauktion-zu-gunsten-von-kazio-wiecek\\\/\",\"url\":\"https:\\\/\\\/europa-forum.org\\\/2021\\\/04\\\/kolumbus-segelt-mit-dem-czarostatek-wohltaetigkeitsauktion-zu-gunsten-von-kazio-wiecek\\\/\",\"name\":\"Kolumb p\u0142ynie Czarostatkiem. Aukcja charytatywna na rzecz Kazia Wi\u0119cka - EUROPA FORUM\",\"isPartOf\":{\"@id\":\"https:\\\/\\\/europa-forum.org\\\/#website\"},\"primaryImageOfPage\":{\"@id\":\"https:\\\/\\\/europa-forum.org\\\/2021\\\/04\\\/kolumbus-segelt-mit-dem-czarostatek-wohltaetigkeitsauktion-zu-gunsten-von-kazio-wiecek\\\/#primaryimage\"},\"image\":{\"@id\":\"https:\\\/\\\/europa-forum.org\\\/2021\\\/04\\\/kolumbus-segelt-mit-dem-czarostatek-wohltaetigkeitsauktion-zu-gunsten-von-kazio-wiecek\\\/#primaryimage\"},\"thumbnailUrl\":\"https:\\\/\\\/storage.googleapis.com\\\/media-cloud-test-ef\\\/2021\\\/04\\\/477-europa-forum.jpg\",\"datePublished\":\"2021-04-01T08:55:31+00:00\",\"dateModified\":\"2021-04-02T10:01:40+00:00\",\"breadcrumb\":{\"@id\":\"https:\\\/\\\/europa-forum.org\\\/2021\\\/04\\\/kolumbus-segelt-mit-dem-czarostatek-wohltaetigkeitsauktion-zu-gunsten-von-kazio-wiecek\\\/#breadcrumb\"},\"inLanguage\":\"pl-PL\",\"potentialAction\":[{\"@type\":\"ReadAction\",\"target\":[\"https:\\\/\\\/europa-forum.org\\\/2021\\\/04\\\/kolumbus-segelt-mit-dem-czarostatek-wohltaetigkeitsauktion-zu-gunsten-von-kazio-wiecek\\\/\"]}]},{\"@type\":\"ImageObject\",\"inLanguage\":\"pl-PL\",\"@id\":\"https:\\\/\\\/europa-forum.org\\\/2021\\\/04\\\/kolumbus-segelt-mit-dem-czarostatek-wohltaetigkeitsauktion-zu-gunsten-von-kazio-wiecek\\\/#primaryimage\",\"url\":\"https:\\\/\\\/storage.googleapis.com\\\/media-cloud-test-ef\\\/2021\\\/04\\\/477-europa-forum.jpg\",\"contentUrl\":\"https:\\\/\\\/storage.googleapis.com\\\/media-cloud-test-ef\\\/2021\\\/04\\\/477-europa-forum.jpg\",\"width\":755,\"height\":318,\"caption\":\"Kolumb p\u0142ynie Czarostatkiem. Aukcja charytatywna na rzecz Kazia Wi\u0119cka.\"},{\"@type\":\"BreadcrumbList\",\"@id\":\"https:\\\/\\\/europa-forum.org\\\/2021\\\/04\\\/kolumbus-segelt-mit-dem-czarostatek-wohltaetigkeitsauktion-zu-gunsten-von-kazio-wiecek\\\/#breadcrumb\",\"itemListElement\":[{\"@type\":\"ListItem\",\"position\":1,\"name\":\"Home\",\"item\":\"https:\\\/\\\/europa-forum.org\\\/pl\\\/\"},{\"@type\":\"ListItem\",\"position\":2,\"name\":\"Kolumb p\u0142ynie Czarostatkiem. Aukcja charytatywna na rzecz Kazia Wi\u0119cka\"}]},{\"@type\":\"WebSite\",\"@id\":\"https:\\\/\\\/europa-forum.org\\\/#website\",\"url\":\"https:\\\/\\\/europa-forum.org\\\/\",\"name\":\"EUROPA FORUM\",\"description\":\"Polsko-Niemieckie Ko\u0142o Gospodarcze we Wroc\u0142awiu\",\"publisher\":{\"@id\":\"https:\\\/\\\/europa-forum.org\\\/#organization\"},\"potentialAction\":[{\"@type\":\"SearchAction\",\"target\":{\"@type\":\"EntryPoint\",\"urlTemplate\":\"https:\\\/\\\/europa-forum.org\\\/?s={search_term_string}\"},\"query-input\":{\"@type\":\"PropertyValueSpecification\",\"valueRequired\":true,\"valueName\":\"search_term_string\"}}],\"inLanguage\":\"pl-PL\"},{\"@type\":\"Organization\",\"@id\":\"https:\\\/\\\/europa-forum.org\\\/#organization\",\"name\":\"EUROPA FORUM\",\"url\":\"https:\\\/\\\/europa-forum.org\\\/\",\"logo\":{\"@type\":\"ImageObject\",\"inLanguage\":\"pl-PL\",\"@id\":\"https:\\\/\\\/europa-forum.org\\\/#\\\/schema\\\/logo\\\/image\\\/\",\"url\":\"https:\\\/\\\/storage.googleapis.com\\\/media-cloud-test-ef\\\/2024\\\/12\\\/logo-square.png\",\"contentUrl\":\"https:\\\/\\\/storage.googleapis.com\\\/media-cloud-test-ef\\\/2024\\\/12\\\/logo-square.png\",\"width\":240,\"height\":240,\"caption\":\"EUROPA FORUM\"},\"image\":{\"@id\":\"https:\\\/\\\/europa-forum.org\\\/#\\\/schema\\\/logo\\\/image\\\/\"},\"sameAs\":[\"https:\\\/\\\/www.facebook.com\\\/EuropaForum\\\/\",\"https:\\\/\\\/www.linkedin.com\\\/company\\\/europa-forum\"]},{\"@type\":\"Person\",\"@id\":\"https:\\\/\\\/europa-forum.org\\\/#\\\/schema\\\/person\\\/fbb2c3378817155a7d7c5bac3c47cf73\",\"name\":\"EUROPA FORUM\",\"image\":{\"@type\":\"ImageObject\",\"inLanguage\":\"pl-PL\",\"@id\":\"https:\\\/\\\/secure.gravatar.com\\\/avatar\\\/9ff03a7733d0a0239bab9987b763539cc183bfa59f639c0994bb261f287bd4d6?s=96&d=mm&r=g\",\"url\":\"https:\\\/\\\/secure.gravatar.com\\\/avatar\\\/9ff03a7733d0a0239bab9987b763539cc183bfa59f639c0994bb261f287bd4d6?s=96&d=mm&r=g\",\"contentUrl\":\"https:\\\/\\\/secure.gravatar.com\\\/avatar\\\/9ff03a7733d0a0239bab9987b763539cc183bfa59f639c0994bb261f287bd4d6?s=96&d=mm&r=g\",\"caption\":\"EUROPA FORUM\"}}]}<\/script>\n<!-- \/ Yoast SEO plugin. -->","yoast_head_json":{"title":"Kolumb p\u0142ynie Czarostatkiem. Aukcja charytatywna na rzecz Kazia Wi\u0119cka - EUROPA FORUM","robots":{"index":"index","follow":"follow","max-snippet":"max-snippet:-1","max-image-preview":"max-image-preview:large","max-video-preview":"max-video-preview:-1"},"canonical":"https:\/\/europa-forum.org\/2021\/04\/kolumbus-segelt-mit-dem-czarostatek-wohltaetigkeitsauktion-zu-gunsten-von-kazio-wiecek\/","og_locale":"pl_PL","og_type":"article","og_title":"Kolumb p\u0142ynie Czarostatkiem. Aukcja charytatywna na rzecz Kazia Wi\u0119cka - EUROPA FORUM","og_description":"Szanowni Pa\u0144stwo, mia ART GALLERY oraz Dom Aukcyjny DESA Unicum zapraszaj\u0105 do wzi\u0119cia udzia\u0142u w aukcji charytatywnej &#8222;Kolumb p\u0142ynie Czarostatkiem&#8221; na rzecz Kazia Wi\u0119cka. Aukcja potrwa do 9 kwietnia. Patronat ... Czytaj wi\u0119cej","og_url":"https:\/\/europa-forum.org\/2021\/04\/kolumbus-segelt-mit-dem-czarostatek-wohltaetigkeitsauktion-zu-gunsten-von-kazio-wiecek\/","og_site_name":"EUROPA FORUM","article_publisher":"https:\/\/www.facebook.com\/EuropaForum\/","article_published_time":"2021-04-01T08:55:31+00:00","article_modified_time":"2021-04-02T10:01:40+00:00","og_image":[{"width":755,"height":318,"url":"https:\/\/storage.googleapis.com\/media-cloud-test-ef\/2021\/04\/477-europa-forum.jpg","type":"image\/jpeg"}],"author":"EUROPA FORUM","twitter_card":"summary_large_image","twitter_misc":{"Napisane przez":"EUROPA FORUM","Szacowany czas czytania":"2 minuty"},"schema":{"@context":"https:\/\/schema.org","@graph":[{"@type":"Article","@id":"https:\/\/europa-forum.org\/2021\/04\/kolumbus-segelt-mit-dem-czarostatek-wohltaetigkeitsauktion-zu-gunsten-von-kazio-wiecek\/#article","isPartOf":{"@id":"https:\/\/europa-forum.org\/2021\/04\/kolumbus-segelt-mit-dem-czarostatek-wohltaetigkeitsauktion-zu-gunsten-von-kazio-wiecek\/"},"author":{"name":"EUROPA FORUM","@id":"https:\/\/europa-forum.org\/#\/schema\/person\/fbb2c3378817155a7d7c5bac3c47cf73"},"headline":"Kolumb p\u0142ynie Czarostatkiem. Aukcja charytatywna na rzecz Kazia Wi\u0119cka","datePublished":"2021-04-01T08:55:31+00:00","dateModified":"2021-04-02T10:01:40+00:00","mainEntityOfPage":{"@id":"https:\/\/europa-forum.org\/2021\/04\/kolumbus-segelt-mit-dem-czarostatek-wohltaetigkeitsauktion-zu-gunsten-von-kazio-wiecek\/"},"wordCount":345,"publisher":{"@id":"https:\/\/europa-forum.org\/#organization"},"image":{"@id":"https:\/\/europa-forum.org\/2021\/04\/kolumbus-segelt-mit-dem-czarostatek-wohltaetigkeitsauktion-zu-gunsten-von-kazio-wiecek\/#primaryimage"},"thumbnailUrl":"https:\/\/storage.googleapis.com\/media-cloud-test-ef\/2021\/04\/477-europa-forum.jpg","keywords":["2021","Europa Forum Wroc\u0142aw","Gospodarka","Ko\u0142o gospodarcze","Polska","Polsko-Niemiecki","Wroc\u0142aw"],"articleSection":["EF Cz\u0142onkowie cz\u0142onkom"],"inLanguage":"pl-PL"},{"@type":"WebPage","@id":"https:\/\/europa-forum.org\/2021\/04\/kolumbus-segelt-mit-dem-czarostatek-wohltaetigkeitsauktion-zu-gunsten-von-kazio-wiecek\/","url":"https:\/\/europa-forum.org\/2021\/04\/kolumbus-segelt-mit-dem-czarostatek-wohltaetigkeitsauktion-zu-gunsten-von-kazio-wiecek\/","name":"Kolumb p\u0142ynie Czarostatkiem. Aukcja charytatywna na rzecz Kazia Wi\u0119cka - EUROPA FORUM","isPartOf":{"@id":"https:\/\/europa-forum.org\/#website"},"primaryImageOfPage":{"@id":"https:\/\/europa-forum.org\/2021\/04\/kolumbus-segelt-mit-dem-czarostatek-wohltaetigkeitsauktion-zu-gunsten-von-kazio-wiecek\/#primaryimage"},"image":{"@id":"https:\/\/europa-forum.org\/2021\/04\/kolumbus-segelt-mit-dem-czarostatek-wohltaetigkeitsauktion-zu-gunsten-von-kazio-wiecek\/#primaryimage"},"thumbnailUrl":"https:\/\/storage.googleapis.com\/media-cloud-test-ef\/2021\/04\/477-europa-forum.jpg","datePublished":"2021-04-01T08:55:31+00:00","dateModified":"2021-04-02T10:01:40+00:00","breadcrumb":{"@id":"https:\/\/europa-forum.org\/2021\/04\/kolumbus-segelt-mit-dem-czarostatek-wohltaetigkeitsauktion-zu-gunsten-von-kazio-wiecek\/#breadcrumb"},"inLanguage":"pl-PL","potentialAction":[{"@type":"ReadAction","target":["https:\/\/europa-forum.org\/2021\/04\/kolumbus-segelt-mit-dem-czarostatek-wohltaetigkeitsauktion-zu-gunsten-von-kazio-wiecek\/"]}]},{"@type":"ImageObject","inLanguage":"pl-PL","@id":"https:\/\/europa-forum.org\/2021\/04\/kolumbus-segelt-mit-dem-czarostatek-wohltaetigkeitsauktion-zu-gunsten-von-kazio-wiecek\/#primaryimage","url":"https:\/\/storage.googleapis.com\/media-cloud-test-ef\/2021\/04\/477-europa-forum.jpg","contentUrl":"https:\/\/storage.googleapis.com\/media-cloud-test-ef\/2021\/04\/477-europa-forum.jpg","width":755,"height":318,"caption":"Kolumb p\u0142ynie Czarostatkiem. Aukcja charytatywna na rzecz Kazia Wi\u0119cka."},{"@type":"BreadcrumbList","@id":"https:\/\/europa-forum.org\/2021\/04\/kolumbus-segelt-mit-dem-czarostatek-wohltaetigkeitsauktion-zu-gunsten-von-kazio-wiecek\/#breadcrumb","itemListElement":[{"@type":"ListItem","position":1,"name":"Home","item":"https:\/\/europa-forum.org\/pl\/"},{"@type":"ListItem","position":2,"name":"Kolumb p\u0142ynie Czarostatkiem. Aukcja charytatywna na rzecz Kazia Wi\u0119cka"}]},{"@type":"WebSite","@id":"https:\/\/europa-forum.org\/#website","url":"https:\/\/europa-forum.org\/","name":"EUROPA FORUM","description":"Polsko-Niemieckie Ko\u0142o Gospodarcze we Wroc\u0142awiu","publisher":{"@id":"https:\/\/europa-forum.org\/#organization"},"potentialAction":[{"@type":"SearchAction","target":{"@type":"EntryPoint","urlTemplate":"https:\/\/europa-forum.org\/?s={search_term_string}"},"query-input":{"@type":"PropertyValueSpecification","valueRequired":true,"valueName":"search_term_string"}}],"inLanguage":"pl-PL"},{"@type":"Organization","@id":"https:\/\/europa-forum.org\/#organization","name":"EUROPA FORUM","url":"https:\/\/europa-forum.org\/","logo":{"@type":"ImageObject","inLanguage":"pl-PL","@id":"https:\/\/europa-forum.org\/#\/schema\/logo\/image\/","url":"https:\/\/storage.googleapis.com\/media-cloud-test-ef\/2024\/12\/logo-square.png","contentUrl":"https:\/\/storage.googleapis.com\/media-cloud-test-ef\/2024\/12\/logo-square.png","width":240,"height":240,"caption":"EUROPA FORUM"},"image":{"@id":"https:\/\/europa-forum.org\/#\/schema\/logo\/image\/"},"sameAs":["https:\/\/www.facebook.com\/EuropaForum\/","https:\/\/www.linkedin.com\/company\/europa-forum"]},{"@type":"Person","@id":"https:\/\/europa-forum.org\/#\/schema\/person\/fbb2c3378817155a7d7c5bac3c47cf73","name":"EUROPA FORUM","image":{"@type":"ImageObject","inLanguage":"pl-PL","@id":"https:\/\/secure.gravatar.com\/avatar\/9ff03a7733d0a0239bab9987b763539cc183bfa59f639c0994bb261f287bd4d6?s=96&d=mm&r=g","url":"https:\/\/secure.gravatar.com\/avatar\/9ff03a7733d0a0239bab9987b763539cc183bfa59f639c0994bb261f287bd4d6?s=96&d=mm&r=g","contentUrl":"https:\/\/secure.gravatar.com\/avatar\/9ff03a7733d0a0239bab9987b763539cc183bfa59f639c0994bb261f287bd4d6?s=96&d=mm&r=g","caption":"EUROPA FORUM"}}]}},"_links":{"self":[{"href":"https:\/\/europa-forum.org\/pl\/wp-json\/wp\/v2\/posts\/24701","targetHints":{"allow":["GET"]}}],"collection":[{"href":"https:\/\/europa-forum.org\/pl\/wp-json\/wp\/v2\/posts"}],"about":[{"href":"https:\/\/europa-forum.org\/pl\/wp-json\/wp\/v2\/types\/post"}],"author":[{"embeddable":true,"href":"https:\/\/europa-forum.org\/pl\/wp-json\/wp\/v2\/users\/67"}],"replies":[{"embeddable":true,"href":"https:\/\/europa-forum.org\/pl\/wp-json\/wp\/v2\/comments?post=24701"}],"version-history":[{"count":3,"href":"https:\/\/europa-forum.org\/pl\/wp-json\/wp\/v2\/posts\/24701\/revisions"}],"predecessor-version":[{"id":24718,"href":"https:\/\/europa-forum.org\/pl\/wp-json\/wp\/v2\/posts\/24701\/revisions\/24718"}],"wp:featuredmedia":[{"embeddable":true,"href":"https:\/\/europa-forum.org\/pl\/wp-json\/wp\/v2\/media\/24705"}],"wp:attachment":[{"href":"https:\/\/europa-forum.org\/pl\/wp-json\/wp\/v2\/media?parent=24701"}],"wp:term":[{"taxonomy":"category","embeddable":true,"href":"https:\/\/europa-forum.org\/pl\/wp-json\/wp\/v2\/categories?post=24701"},{"taxonomy":"post_tag","embeddable":true,"href":"https:\/\/europa-forum.org\/pl\/wp-json\/wp\/v2\/tags?post=24701"}],"curies":[{"name":"wp","href":"https:\/\/api.w.org\/{rel}","templated":true}]}}