{"id":24594,"date":"2021-01-21T07:12:56","date_gmt":"2021-01-21T06:12:56","guid":{"rendered":"https:\/\/europa-forum.org\/?p=24594"},"modified":"2021-01-21T11:13:12","modified_gmt":"2021-01-21T10:13:12","slug":"zaproszenie-na-webinarium-przeglad-funduszy-unijnych-dla-dolnoslaskich-firm","status":"publish","type":"post","link":"https:\/\/europa-forum.org\/pl\/2021\/01\/zaproszenie-na-webinarium-przeglad-funduszy-unijnych-dla-dolnoslaskich-firm\/","title":{"rendered":"Zaproszenie na Webinarium \u201ePrzegl\u0105d funduszy unijnych dla dolno\u015bl\u0105skich firm\u201d"},"content":{"rendered":"<p><span style=\"font-weight:700;\">G\u0142\u00f3wny Punkt Informacyjny Funduszy Europejskich we Wroc\u0142awiu zaprasza na webinarium \u201ePrzegl\u0105d funduszy unijnych dla dolno\u015bl\u0105skich firm\u201d.<\/span><\/p>\n<p>W trakcie webinarium zostan\u0105 zaprezentowane informacje na temat aktualnych mo\u017cliwo\u015bci pozyskania dotacji  ze \u015brodk\u00f3w Unii Europejskiej dla przedsi\u0119biorc\u00f3w (g\u0142\u00f3wnie sektora M\u015aP) dost\u0119pne w bie\u017c\u0105cym roku. Webinarium skierowane jest do przedsi\u0119biorc\u00f3w z Dolnego \u015al\u0105ska.<\/p>\n<p>Webinarium odb\u0119dzie si\u0119 na platformie ZOOM. Zg\u0142oszenia prosimy kierowa\u0107 mailem na: <a href=\"font-weight:700;\">pife@dolnyslask.pl<\/a>. Po rejestracji otrzymacie Pa\u0144stwo indywidualny link do spotkania. <\/p>\n<p><!--more--><\/p>\n<p>Udzia\u0142 w webinarium jest bezp\u0142atny. Liczba miejsc jest ograniczona. O uczestnictwie decyduje kolejno\u015b\u0107 zg\u0142osze\u0144. Webinarium prowadzane jest w j\u0119zyku polskim. <\/p>\n<p><span style=\"font-weight:700;\">Termin:<\/span><br \/>\n<span style=\"font-weight:700;\">2 lutego 2021 r. (wtorek), w godz. 10:00-11.00<\/span><\/p>\n<p><span style=\"font-weight:700;\">Program webinarium:<\/span><br \/>\n<u>10.00 \u2013 10.10<\/u> &#8211; oferta Sieci Punkt\u00f3w Informacyjnych Funduszy Europejskich<br \/>\n<u>10.10 \u2013 11.00<\/u> &#8211; przegl\u0105d aktualnych i planowanych form wsparcia dla M\u015aP, w tym m.in. Dolno\u015bl\u0105ski Pakiet Gospodarczy, wsparcie  w ramach Covid-19, dofinansowania w zakresie B+R i innowacji, Programy STEP oraz Innovation Coach, wsparcie obszar\u00f3w wiejskich,  mo\u017cliwo\u015bci szkoleniowe i doradcze dla firm.<\/p>\n<p>\u0141\u0105czymy serdeczne pozdrowienia<br \/>\nZesp\u00f3\u0142 Europa Forum<\/p>\n","protected":false},"excerpt":{"rendered":"<p>G\u0142\u00f3wny Punkt Informacyjny Funduszy Europejskich we Wroc\u0142awiu zaprasza na webinarium \u201ePrzegl\u0105d funduszy unijnych dla dolno\u015bl\u0105skich firm\u201d. W trakcie webinarium zostan\u0105 zaprezentowane informacje na temat aktualnych mo\u017cliwo\u015bci pozyskania dotacji ze \u015brodk\u00f3w &#8230; <a class=\"read-more\" href=\"https:\/\/europa-forum.org\/pl\/2021\/01\/zaproszenie-na-webinarium-przeglad-funduszy-unijnych-dla-dolnoslaskich-firm\/\">Czytaj wi\u0119cej<\/a><\/p>\n","protected":false},"author":67,"featured_media":24592,"comment_status":"closed","ping_status":"open","sticky":false,"template":"","format":"standard","meta":{"ngg_post_thumbnail":0,"footnotes":""},"categories":[48],"tags":[213,182,181],"class_list":["post-24594","post","type-post","status-publish","format-standard","has-post-thumbnail","hentry","category-wydarzenia-partnerow","tag-2021-pl","tag-kolo-gospodarcze-pl","tag-polska-pl"],"yoast_head":"<!-- This site is optimized with the Yoast SEO plugin v27.3 - https:\/\/yoast.com\/product\/yoast-seo-wordpress\/ -->\n<title>Zaproszenie na Webinarium \u201ePrzegl\u0105d funduszy unijnych dla dolno\u015bl\u0105skich firm\u201d - EUROPA FORUM<\/title>\n<meta name=\"robots\" content=\"index, follow, max-snippet:-1, max-image-preview:large, max-video-preview:-1\" \/>\n<link rel=\"canonical\" href=\"https:\/\/europa-forum.org\/2021\/01\/einladung-zum-webinar-eu-fonds-fuer-niederschlesische-unternehmen\/\" \/>\n<meta property=\"og:locale\" content=\"pl_PL\" \/>\n<meta property=\"og:type\" content=\"article\" \/>\n<meta property=\"og:title\" content=\"Zaproszenie na Webinarium \u201ePrzegl\u0105d funduszy unijnych dla dolno\u015bl\u0105skich firm\u201d - EUROPA FORUM\" \/>\n<meta property=\"og:description\" content=\"G\u0142\u00f3wny Punkt Informacyjny Funduszy Europejskich we Wroc\u0142awiu zaprasza na webinarium \u201ePrzegl\u0105d funduszy unijnych dla dolno\u015bl\u0105skich firm\u201d. W trakcie webinarium zostan\u0105 zaprezentowane informacje na temat aktualnych mo\u017cliwo\u015bci pozyskania dotacji ze \u015brodk\u00f3w ... Czytaj wi\u0119cej\" \/>\n<meta property=\"og:url\" content=\"https:\/\/europa-forum.org\/2021\/01\/einladung-zum-webinar-eu-fonds-fuer-niederschlesische-unternehmen\/\" \/>\n<meta property=\"og:site_name\" content=\"EUROPA FORUM\" \/>\n<meta property=\"article:publisher\" content=\"https:\/\/www.facebook.com\/EuropaForum\/\" \/>\n<meta property=\"article:published_time\" content=\"2021-01-21T06:12:56+00:00\" \/>\n<meta property=\"article:modified_time\" content=\"2021-01-21T10:13:12+00:00\" \/>\n<meta property=\"og:image\" content=\"https:\/\/storage.googleapis.com\/media-cloud-test-ef\/2021\/01\/de\/470-europa-forum.png\" \/>\n\t<meta property=\"og:image:width\" content=\"755\" \/>\n\t<meta property=\"og:image:height\" content=\"472\" \/>\n\t<meta property=\"og:image:type\" content=\"image\/png\" \/>\n<meta name=\"author\" content=\"EUROPA FORUM\" \/>\n<meta name=\"twitter:card\" content=\"summary_large_image\" \/>\n<meta name=\"twitter:label1\" content=\"Napisane przez\" \/>\n\t<meta name=\"twitter:data1\" content=\"EUROPA FORUM\" \/>\n\t<meta name=\"twitter:label2\" content=\"Szacowany czas czytania\" \/>\n\t<meta name=\"twitter:data2\" content=\"1 minuta\" \/>\n<script type=\"application\/ld+json\" class=\"yoast-schema-graph\">{\"@context\":\"https:\\\/\\\/schema.org\",\"@graph\":[{\"@type\":\"Article\",\"@id\":\"https:\\\/\\\/europa-forum.org\\\/2021\\\/01\\\/einladung-zum-webinar-eu-fonds-fuer-niederschlesische-unternehmen\\\/#article\",\"isPartOf\":{\"@id\":\"https:\\\/\\\/europa-forum.org\\\/2021\\\/01\\\/einladung-zum-webinar-eu-fonds-fuer-niederschlesische-unternehmen\\\/\"},\"author\":{\"name\":\"EUROPA FORUM\",\"@id\":\"https:\\\/\\\/europa-forum.org\\\/#\\\/schema\\\/person\\\/fbb2c3378817155a7d7c5bac3c47cf73\"},\"headline\":\"Zaproszenie na Webinarium \u201ePrzegl\u0105d funduszy unijnych dla dolno\u015bl\u0105skich firm\u201d\",\"datePublished\":\"2021-01-21T06:12:56+00:00\",\"dateModified\":\"2021-01-21T10:13:12+00:00\",\"mainEntityOfPage\":{\"@id\":\"https:\\\/\\\/europa-forum.org\\\/2021\\\/01\\\/einladung-zum-webinar-eu-fonds-fuer-niederschlesische-unternehmen\\\/\"},\"wordCount\":197,\"publisher\":{\"@id\":\"https:\\\/\\\/europa-forum.org\\\/#organization\"},\"image\":{\"@id\":\"https:\\\/\\\/europa-forum.org\\\/2021\\\/01\\\/einladung-zum-webinar-eu-fonds-fuer-niederschlesische-unternehmen\\\/#primaryimage\"},\"thumbnailUrl\":\"https:\\\/\\\/storage.googleapis.com\\\/media-cloud-test-ef\\\/2021\\\/01\\\/de\\\/470-europa-forum.png\",\"keywords\":[\"2021\",\"Ko\u0142o gospodarcze\",\"Polska\"],\"articleSection\":[\"Wydarzenia partner\u00f3w\"],\"inLanguage\":\"pl-PL\"},{\"@type\":\"WebPage\",\"@id\":\"https:\\\/\\\/europa-forum.org\\\/2021\\\/01\\\/einladung-zum-webinar-eu-fonds-fuer-niederschlesische-unternehmen\\\/\",\"url\":\"https:\\\/\\\/europa-forum.org\\\/2021\\\/01\\\/einladung-zum-webinar-eu-fonds-fuer-niederschlesische-unternehmen\\\/\",\"name\":\"Zaproszenie na Webinarium \u201ePrzegl\u0105d funduszy unijnych dla dolno\u015bl\u0105skich firm\u201d - EUROPA FORUM\",\"isPartOf\":{\"@id\":\"https:\\\/\\\/europa-forum.org\\\/#website\"},\"primaryImageOfPage\":{\"@id\":\"https:\\\/\\\/europa-forum.org\\\/2021\\\/01\\\/einladung-zum-webinar-eu-fonds-fuer-niederschlesische-unternehmen\\\/#primaryimage\"},\"image\":{\"@id\":\"https:\\\/\\\/europa-forum.org\\\/2021\\\/01\\\/einladung-zum-webinar-eu-fonds-fuer-niederschlesische-unternehmen\\\/#primaryimage\"},\"thumbnailUrl\":\"https:\\\/\\\/storage.googleapis.com\\\/media-cloud-test-ef\\\/2021\\\/01\\\/de\\\/470-europa-forum.png\",\"datePublished\":\"2021-01-21T06:12:56+00:00\",\"dateModified\":\"2021-01-21T10:13:12+00:00\",\"breadcrumb\":{\"@id\":\"https:\\\/\\\/europa-forum.org\\\/2021\\\/01\\\/einladung-zum-webinar-eu-fonds-fuer-niederschlesische-unternehmen\\\/#breadcrumb\"},\"inLanguage\":\"pl-PL\",\"potentialAction\":[{\"@type\":\"ReadAction\",\"target\":[\"https:\\\/\\\/europa-forum.org\\\/2021\\\/01\\\/einladung-zum-webinar-eu-fonds-fuer-niederschlesische-unternehmen\\\/\"]}]},{\"@type\":\"ImageObject\",\"inLanguage\":\"pl-PL\",\"@id\":\"https:\\\/\\\/europa-forum.org\\\/2021\\\/01\\\/einladung-zum-webinar-eu-fonds-fuer-niederschlesische-unternehmen\\\/#primaryimage\",\"url\":\"https:\\\/\\\/storage.googleapis.com\\\/media-cloud-test-ef\\\/2021\\\/01\\\/de\\\/470-europa-forum.png\",\"contentUrl\":\"https:\\\/\\\/storage.googleapis.com\\\/media-cloud-test-ef\\\/2021\\\/01\\\/de\\\/470-europa-forum.png\",\"width\":755,\"height\":472,\"caption\":\"Einladung zum Webinar \\\" EU-Fonds f\u00fcr niederschlesische Unternehmen\\\"\"},{\"@type\":\"BreadcrumbList\",\"@id\":\"https:\\\/\\\/europa-forum.org\\\/2021\\\/01\\\/einladung-zum-webinar-eu-fonds-fuer-niederschlesische-unternehmen\\\/#breadcrumb\",\"itemListElement\":[{\"@type\":\"ListItem\",\"position\":1,\"name\":\"Home\",\"item\":\"https:\\\/\\\/europa-forum.org\\\/pl\\\/\"},{\"@type\":\"ListItem\",\"position\":2,\"name\":\"Zaproszenie na Webinarium \u201ePrzegl\u0105d funduszy unijnych dla dolno\u015bl\u0105skich firm\u201d\"}]},{\"@type\":\"WebSite\",\"@id\":\"https:\\\/\\\/europa-forum.org\\\/#website\",\"url\":\"https:\\\/\\\/europa-forum.org\\\/\",\"name\":\"EUROPA FORUM\",\"description\":\"Polsko-Niemieckie Ko\u0142o Gospodarcze we Wroc\u0142awiu\",\"publisher\":{\"@id\":\"https:\\\/\\\/europa-forum.org\\\/#organization\"},\"potentialAction\":[{\"@type\":\"SearchAction\",\"target\":{\"@type\":\"EntryPoint\",\"urlTemplate\":\"https:\\\/\\\/europa-forum.org\\\/?s={search_term_string}\"},\"query-input\":{\"@type\":\"PropertyValueSpecification\",\"valueRequired\":true,\"valueName\":\"search_term_string\"}}],\"inLanguage\":\"pl-PL\"},{\"@type\":\"Organization\",\"@id\":\"https:\\\/\\\/europa-forum.org\\\/#organization\",\"name\":\"EUROPA FORUM\",\"url\":\"https:\\\/\\\/europa-forum.org\\\/\",\"logo\":{\"@type\":\"ImageObject\",\"inLanguage\":\"pl-PL\",\"@id\":\"https:\\\/\\\/europa-forum.org\\\/#\\\/schema\\\/logo\\\/image\\\/\",\"url\":\"https:\\\/\\\/storage.googleapis.com\\\/media-cloud-test-ef\\\/2024\\\/12\\\/logo-square.png\",\"contentUrl\":\"https:\\\/\\\/storage.googleapis.com\\\/media-cloud-test-ef\\\/2024\\\/12\\\/logo-square.png\",\"width\":240,\"height\":240,\"caption\":\"EUROPA FORUM\"},\"image\":{\"@id\":\"https:\\\/\\\/europa-forum.org\\\/#\\\/schema\\\/logo\\\/image\\\/\"},\"sameAs\":[\"https:\\\/\\\/www.facebook.com\\\/EuropaForum\\\/\",\"https:\\\/\\\/www.linkedin.com\\\/company\\\/europa-forum\"]},{\"@type\":\"Person\",\"@id\":\"https:\\\/\\\/europa-forum.org\\\/#\\\/schema\\\/person\\\/fbb2c3378817155a7d7c5bac3c47cf73\",\"name\":\"EUROPA FORUM\",\"image\":{\"@type\":\"ImageObject\",\"inLanguage\":\"pl-PL\",\"@id\":\"https:\\\/\\\/secure.gravatar.com\\\/avatar\\\/9ff03a7733d0a0239bab9987b763539cc183bfa59f639c0994bb261f287bd4d6?s=96&d=mm&r=g\",\"url\":\"https:\\\/\\\/secure.gravatar.com\\\/avatar\\\/9ff03a7733d0a0239bab9987b763539cc183bfa59f639c0994bb261f287bd4d6?s=96&d=mm&r=g\",\"contentUrl\":\"https:\\\/\\\/secure.gravatar.com\\\/avatar\\\/9ff03a7733d0a0239bab9987b763539cc183bfa59f639c0994bb261f287bd4d6?s=96&d=mm&r=g\",\"caption\":\"EUROPA FORUM\"}}]}<\/script>\n<!-- \/ Yoast SEO plugin. -->","yoast_head_json":{"title":"Zaproszenie na Webinarium \u201ePrzegl\u0105d funduszy unijnych dla dolno\u015bl\u0105skich firm\u201d - EUROPA FORUM","robots":{"index":"index","follow":"follow","max-snippet":"max-snippet:-1","max-image-preview":"max-image-preview:large","max-video-preview":"max-video-preview:-1"},"canonical":"https:\/\/europa-forum.org\/2021\/01\/einladung-zum-webinar-eu-fonds-fuer-niederschlesische-unternehmen\/","og_locale":"pl_PL","og_type":"article","og_title":"Zaproszenie na Webinarium \u201ePrzegl\u0105d funduszy unijnych dla dolno\u015bl\u0105skich firm\u201d - EUROPA FORUM","og_description":"G\u0142\u00f3wny Punkt Informacyjny Funduszy Europejskich we Wroc\u0142awiu zaprasza na webinarium \u201ePrzegl\u0105d funduszy unijnych dla dolno\u015bl\u0105skich firm\u201d. W trakcie webinarium zostan\u0105 zaprezentowane informacje na temat aktualnych mo\u017cliwo\u015bci pozyskania dotacji ze \u015brodk\u00f3w ... Czytaj wi\u0119cej","og_url":"https:\/\/europa-forum.org\/2021\/01\/einladung-zum-webinar-eu-fonds-fuer-niederschlesische-unternehmen\/","og_site_name":"EUROPA FORUM","article_publisher":"https:\/\/www.facebook.com\/EuropaForum\/","article_published_time":"2021-01-21T06:12:56+00:00","article_modified_time":"2021-01-21T10:13:12+00:00","og_image":[{"width":755,"height":472,"url":"https:\/\/storage.googleapis.com\/media-cloud-test-ef\/2021\/01\/de\/470-europa-forum.png","type":"image\/png"}],"author":"EUROPA FORUM","twitter_card":"summary_large_image","twitter_misc":{"Napisane przez":"EUROPA FORUM","Szacowany czas czytania":"1 minuta"},"schema":{"@context":"https:\/\/schema.org","@graph":[{"@type":"Article","@id":"https:\/\/europa-forum.org\/2021\/01\/einladung-zum-webinar-eu-fonds-fuer-niederschlesische-unternehmen\/#article","isPartOf":{"@id":"https:\/\/europa-forum.org\/2021\/01\/einladung-zum-webinar-eu-fonds-fuer-niederschlesische-unternehmen\/"},"author":{"name":"EUROPA FORUM","@id":"https:\/\/europa-forum.org\/#\/schema\/person\/fbb2c3378817155a7d7c5bac3c47cf73"},"headline":"Zaproszenie na Webinarium \u201ePrzegl\u0105d funduszy unijnych dla dolno\u015bl\u0105skich firm\u201d","datePublished":"2021-01-21T06:12:56+00:00","dateModified":"2021-01-21T10:13:12+00:00","mainEntityOfPage":{"@id":"https:\/\/europa-forum.org\/2021\/01\/einladung-zum-webinar-eu-fonds-fuer-niederschlesische-unternehmen\/"},"wordCount":197,"publisher":{"@id":"https:\/\/europa-forum.org\/#organization"},"image":{"@id":"https:\/\/europa-forum.org\/2021\/01\/einladung-zum-webinar-eu-fonds-fuer-niederschlesische-unternehmen\/#primaryimage"},"thumbnailUrl":"https:\/\/storage.googleapis.com\/media-cloud-test-ef\/2021\/01\/de\/470-europa-forum.png","keywords":["2021","Ko\u0142o gospodarcze","Polska"],"articleSection":["Wydarzenia partner\u00f3w"],"inLanguage":"pl-PL"},{"@type":"WebPage","@id":"https:\/\/europa-forum.org\/2021\/01\/einladung-zum-webinar-eu-fonds-fuer-niederschlesische-unternehmen\/","url":"https:\/\/europa-forum.org\/2021\/01\/einladung-zum-webinar-eu-fonds-fuer-niederschlesische-unternehmen\/","name":"Zaproszenie na Webinarium \u201ePrzegl\u0105d funduszy unijnych dla dolno\u015bl\u0105skich firm\u201d - EUROPA FORUM","isPartOf":{"@id":"https:\/\/europa-forum.org\/#website"},"primaryImageOfPage":{"@id":"https:\/\/europa-forum.org\/2021\/01\/einladung-zum-webinar-eu-fonds-fuer-niederschlesische-unternehmen\/#primaryimage"},"image":{"@id":"https:\/\/europa-forum.org\/2021\/01\/einladung-zum-webinar-eu-fonds-fuer-niederschlesische-unternehmen\/#primaryimage"},"thumbnailUrl":"https:\/\/storage.googleapis.com\/media-cloud-test-ef\/2021\/01\/de\/470-europa-forum.png","datePublished":"2021-01-21T06:12:56+00:00","dateModified":"2021-01-21T10:13:12+00:00","breadcrumb":{"@id":"https:\/\/europa-forum.org\/2021\/01\/einladung-zum-webinar-eu-fonds-fuer-niederschlesische-unternehmen\/#breadcrumb"},"inLanguage":"pl-PL","potentialAction":[{"@type":"ReadAction","target":["https:\/\/europa-forum.org\/2021\/01\/einladung-zum-webinar-eu-fonds-fuer-niederschlesische-unternehmen\/"]}]},{"@type":"ImageObject","inLanguage":"pl-PL","@id":"https:\/\/europa-forum.org\/2021\/01\/einladung-zum-webinar-eu-fonds-fuer-niederschlesische-unternehmen\/#primaryimage","url":"https:\/\/storage.googleapis.com\/media-cloud-test-ef\/2021\/01\/de\/470-europa-forum.png","contentUrl":"https:\/\/storage.googleapis.com\/media-cloud-test-ef\/2021\/01\/de\/470-europa-forum.png","width":755,"height":472,"caption":"Einladung zum Webinar \" EU-Fonds f\u00fcr niederschlesische Unternehmen\""},{"@type":"BreadcrumbList","@id":"https:\/\/europa-forum.org\/2021\/01\/einladung-zum-webinar-eu-fonds-fuer-niederschlesische-unternehmen\/#breadcrumb","itemListElement":[{"@type":"ListItem","position":1,"name":"Home","item":"https:\/\/europa-forum.org\/pl\/"},{"@type":"ListItem","position":2,"name":"Zaproszenie na Webinarium \u201ePrzegl\u0105d funduszy unijnych dla dolno\u015bl\u0105skich firm\u201d"}]},{"@type":"WebSite","@id":"https:\/\/europa-forum.org\/#website","url":"https:\/\/europa-forum.org\/","name":"EUROPA FORUM","description":"Polsko-Niemieckie Ko\u0142o Gospodarcze we Wroc\u0142awiu","publisher":{"@id":"https:\/\/europa-forum.org\/#organization"},"potentialAction":[{"@type":"SearchAction","target":{"@type":"EntryPoint","urlTemplate":"https:\/\/europa-forum.org\/?s={search_term_string}"},"query-input":{"@type":"PropertyValueSpecification","valueRequired":true,"valueName":"search_term_string"}}],"inLanguage":"pl-PL"},{"@type":"Organization","@id":"https:\/\/europa-forum.org\/#organization","name":"EUROPA FORUM","url":"https:\/\/europa-forum.org\/","logo":{"@type":"ImageObject","inLanguage":"pl-PL","@id":"https:\/\/europa-forum.org\/#\/schema\/logo\/image\/","url":"https:\/\/storage.googleapis.com\/media-cloud-test-ef\/2024\/12\/logo-square.png","contentUrl":"https:\/\/storage.googleapis.com\/media-cloud-test-ef\/2024\/12\/logo-square.png","width":240,"height":240,"caption":"EUROPA FORUM"},"image":{"@id":"https:\/\/europa-forum.org\/#\/schema\/logo\/image\/"},"sameAs":["https:\/\/www.facebook.com\/EuropaForum\/","https:\/\/www.linkedin.com\/company\/europa-forum"]},{"@type":"Person","@id":"https:\/\/europa-forum.org\/#\/schema\/person\/fbb2c3378817155a7d7c5bac3c47cf73","name":"EUROPA FORUM","image":{"@type":"ImageObject","inLanguage":"pl-PL","@id":"https:\/\/secure.gravatar.com\/avatar\/9ff03a7733d0a0239bab9987b763539cc183bfa59f639c0994bb261f287bd4d6?s=96&d=mm&r=g","url":"https:\/\/secure.gravatar.com\/avatar\/9ff03a7733d0a0239bab9987b763539cc183bfa59f639c0994bb261f287bd4d6?s=96&d=mm&r=g","contentUrl":"https:\/\/secure.gravatar.com\/avatar\/9ff03a7733d0a0239bab9987b763539cc183bfa59f639c0994bb261f287bd4d6?s=96&d=mm&r=g","caption":"EUROPA FORUM"}}]}},"_links":{"self":[{"href":"https:\/\/europa-forum.org\/pl\/wp-json\/wp\/v2\/posts\/24594","targetHints":{"allow":["GET"]}}],"collection":[{"href":"https:\/\/europa-forum.org\/pl\/wp-json\/wp\/v2\/posts"}],"about":[{"href":"https:\/\/europa-forum.org\/pl\/wp-json\/wp\/v2\/types\/post"}],"author":[{"embeddable":true,"href":"https:\/\/europa-forum.org\/pl\/wp-json\/wp\/v2\/users\/67"}],"replies":[{"embeddable":true,"href":"https:\/\/europa-forum.org\/pl\/wp-json\/wp\/v2\/comments?post=24594"}],"version-history":[{"count":1,"href":"https:\/\/europa-forum.org\/pl\/wp-json\/wp\/v2\/posts\/24594\/revisions"}],"predecessor-version":[{"id":24595,"href":"https:\/\/europa-forum.org\/pl\/wp-json\/wp\/v2\/posts\/24594\/revisions\/24595"}],"wp:featuredmedia":[{"embeddable":true,"href":"https:\/\/europa-forum.org\/pl\/wp-json\/wp\/v2\/media\/24592"}],"wp:attachment":[{"href":"https:\/\/europa-forum.org\/pl\/wp-json\/wp\/v2\/media?parent=24594"}],"wp:term":[{"taxonomy":"category","embeddable":true,"href":"https:\/\/europa-forum.org\/pl\/wp-json\/wp\/v2\/categories?post=24594"},{"taxonomy":"post_tag","embeddable":true,"href":"https:\/\/europa-forum.org\/pl\/wp-json\/wp\/v2\/tags?post=24594"}],"curies":[{"name":"wp","href":"https:\/\/api.w.org\/{rel}","templated":true}]}}