{"id":24393,"date":"2020-11-10T07:08:44","date_gmt":"2020-11-10T06:08:44","guid":{"rendered":"https:\/\/europa-forum.org\/?p=24393"},"modified":"2020-11-10T12:15:33","modified_gmt":"2020-11-10T11:15:33","slug":"drugie-uderzenie-pandemii-w-gospodarke-ue-bruksela-temperuje-prognozy-co-do-wychodzenia-z-koronakryzysu","status":"publish","type":"post","link":"https:\/\/europa-forum.org\/pl\/2020\/11\/drugie-uderzenie-pandemii-w-gospodarke-ue-bruksela-temperuje-prognozy-co-do-wychodzenia-z-koronakryzysu\/","title":{"rendered":"Drugie uderzenie pandemii w gospodark\u0119 UE. Bruksela temperuje prognozy co do wychodzenia z koronakryzysu."},"content":{"rendered":"<p>Niemcy i Polska jako jedyne z wi\u0119kszych kraj\u00f3w UE do ko\u0144ca 2022 r. powr\u00f3c\u0105 lub przekrocz\u0105 poziom PKB sprzed pandemii &#8211; m\u00f3wi komisarz UE ds. gospodarczych Paolo Gentiloni.<\/p>\n<p>Komisja Europejska og\u0142osi\u0142a swe jesienne prognozy gospodarcze, kt\u00f3re w przypadku wielu kraj\u00f3w Unii s\u0105 nieco mniej dramatyczne dla obecnego roku w por\u00f3wnaniu z poprzednimi przewidywaniami z lipca, ale jednocze\u015bnie rozci\u0105gaj\u0105 przewidywan\u0105 unijn\u0105 odbudow\u0119 PKB po koronakryzysie na ponad dwa kolejne lata.<\/p>\n<p>Bardzo mocne odbicie gospodarcze ostatniego lata zosta\u0142o przerwane odrodzeniem si\u0119 pandemii. Wzrost gospodarczy zn\u00f3w ugrz\u0119\u017anie w czwartym kwartale, by ruszy\u0107 w g\u00f3r\u0119 dopiero w pierwszym kwartale 2021 r. \u2013 powiedzia\u0142  Paolo Gentiloni, komisarz UE ds. gospodarczych.<\/p>\n<p><!--more--><\/p>\n<p>Komisja Europejska wymienia Polsk\u0119 i Niemcy jako kraje, w kt\u00f3rych dor\u00f3wnanie do przedkryzysowego poziomu PKB powinno by\u0107 osi\u0105gni\u0119te ju\u017c 2022 r.<br \/>\nGospodarka ca\u0142ej Unii skurczy si\u0119 w tym roku o 7,4 proc. PKB, a polska recesja jest prognozowana na minus 3,6 proc. PKB (w Niemczech minus 5,6 proc. PKB), po czym w 2021 r. powinno nast\u0105pi\u0107 odbicie na poziomie 3,3 proc. PKB (w Niemczech 3,5 proc. PKB), a polski wzrost gospodarczy na 2022 r. jest przewidywany na poziomie 3,5 proc. PKB (w Niemczech 2,6 proc. PKB).<\/p>\n<p>Komisja Europejska przypisuje silne o\u017cywienie gospodarcze w Polsce w trzecim kwartale tego roku nadzwyczajnemu wsparciu pa\u0144stwa dla biznesu (szacowanemu na 5,25 proc. PKB w tym roku), a tak\u017ce m.in. silnemu wzrostowi sprzeda\u017cy detalicznej (r\u00f3wnie\u017c dzi\u0119ki oszcz\u0119dno\u015bciom od\u0142o\u017conym podczas blokady epidemicznej z drugiego kwarta\u0142u), a tak\u017ce \u201eprzedkryzysowemu\u201d ruchowi w bran\u017cach zwi\u0105zanych z wypoczynkiem, rozrywk\u0105, hotelami.<\/p>\n<p>Nowe wzmo\u017cenie pandemii czasowo wzrost w Polsce zatrzyma \u2013 t\u0142umacz\u0105 eksperci Komisji Europejskiej.<br \/>\nRecesja najci\u0119\u017cej dotknie w tym roku Hiszpani\u0119 (minus 12,4 proc. PKB), W\u0142ochy (minus 9,9), Chorwacj\u0119 (minus 9,6) i Francj\u0119 (minus 9,4), a najs\u0142abiej Litw\u0119 (minus 2,2), Irlandi\u0119 (minus 2,3), Szwecj\u0119 (minus 3,4) i Polsk\u0119 (minus 3,6).<\/p>\n<p>Komisja Europejska przewiduje, \u017ce bezrobocie w Polsce w tym roku wyniesie \u015brednio 4 proc. (wedle metodologii unijnej) oraz 5,3 proc. w 2021 r. (w Niemczech po 4 proc. w 2020 i 2021 r.). Polska inflacja (3,6 proc. w tym roku) zwolni do 2 proc. w przysz\u0142ym roku. Prognozowany deficyt sektora finans\u00f3w publicznych w Polsce to 8,8 proc. PKB w tym roku (6 proc. PKB w Niemczech) i 4,2 proc. PKB w 2021 r. (4 proc. w Niemczech).<\/p>\n<p>Komisarz Gentiloni, cho\u0107 w normalnych czasach z urz\u0119du powinien wzywa\u0107 do dyscypliny bud\u017cetowej w UE, dzi\u015b ostrzega\u0142 kraje Unii przed przedwczesnym wycofywaniem si\u0119 ze wsparcia bud\u017cetowego dla gospodarek, nawet je\u015bli prowadzi do znacznego wzrostu zad\u0142u\u017cenia. D\u0142ug W\u0142och, kt\u00f3rych premierem Gentiloni by\u0142 przed kilku laty, si\u0119gnie w tym roku blisko 160 proc. PKB. Polski d\u0142ug liczony wedle metodologii unijnej jest prognozowany na ok. 56-57 proc PKB w latach 2020-22.<\/p>\n<p>Komisja Europejska ostrzega, \u017ce jej prognozy s\u0105 nara\u017cone na \u201ewyj\u0105tkowo du\u017ce\u201d ryzyko b\u0142\u0119du w zwi\u0105zku z rozwijaj\u0105cym si\u0119 globalnym kryzysem zdrowotnym. Zaostrzenie si\u0119 pandemii mo\u017ce bowiem doprowadzi\u0107 do jeszcze \u201epowa\u017cniejszego i trwalszego wp\u0142ywu na gospodark\u0119\u201d.<br \/>\n&#8211; Istnieje ryzyko, \u017ce blizny pozostawione przez pandemi\u0119 w gospodarce, takie jak bankructwa, d\u0142ugotrwa\u0142e bezrobocie i zak\u0142\u00f3cenia w dostawach, mog\u0105 by\u0107 coraz g\u0142\u0119bsze\u201d \u2013 ostrzegaj\u0105 autorzy prognozy.<br \/>\nPrzewidywania oparte s\u0105 na za\u0142o\u017ceniu co do ogranicze\u0144 epidemicznych w ca\u0142ym 2021 r., cho\u0107 nie w najostrzejszej lockdownowej formie. Z drugiej strony w prognozie nie uwzgl\u0119dniono ewentualnych \u0142agodz\u0105cych skutk\u00f3w \u2013 wci\u0105\u017c niewynegocjowanej \u2013 pobrexitowej umowy handlowej mi\u0119dzy Londynem i Bruksel\u0105. <\/p>\n<p><span style=\"font-size:12px;font-style: italic;\">Gazeta Wyborcza\/Tomasz Bielecki, Bruksela, Deutsche Welle, 5 listopada 2020<\/span><\/p>\n","protected":false},"excerpt":{"rendered":"<p>Niemcy i Polska jako jedyne z wi\u0119kszych kraj\u00f3w UE do ko\u0144ca 2022 r. powr\u00f3c\u0105 lub przekrocz\u0105 poziom PKB sprzed pandemii &#8211; m\u00f3wi komisarz UE ds. gospodarczych Paolo Gentiloni. Komisja Europejska &#8230; <a class=\"read-more\" href=\"https:\/\/europa-forum.org\/pl\/2020\/11\/drugie-uderzenie-pandemii-w-gospodarke-ue-bruksela-temperuje-prognozy-co-do-wychodzenia-z-koronakryzysu\/\">Czytaj wi\u0119cej<\/a><\/p>\n","protected":false},"author":67,"featured_media":24397,"comment_status":"closed","ping_status":"open","sticky":false,"template":"","format":"standard","meta":{"ngg_post_thumbnail":0,"footnotes":""},"categories":[51],"tags":[204,53,148,182,181,180,69],"class_list":["post-24393","post","type-post","status-publish","format-standard","has-post-thumbnail","hentry","category-aktualnosci-gospodarcze","tag-2020-pl","tag-europa-forum-wroclaw","tag-gospodarka","tag-kolo-gospodarcze-pl","tag-polska-pl","tag-polsko-niemiecki-pl","tag-wroclaw"],"yoast_head":"<!-- This site is optimized with the Yoast SEO plugin v27.3 - https:\/\/yoast.com\/product\/yoast-seo-wordpress\/ -->\n<title>Drugie uderzenie pandemii w gospodark\u0119 UE. Bruksela temperuje prognozy co do wychodzenia z koronakryzysu. - EUROPA FORUM<\/title>\n<meta name=\"robots\" content=\"index, follow, max-snippet:-1, max-image-preview:large, max-video-preview:-1\" \/>\n<link rel=\"canonical\" href=\"https:\/\/europa-forum.org\/2020\/11\/zweite-pandemie-welle-bremst-eu-wirtschaft-die-corona-wirtschaftskrise-wird-sich-laut-der-neuen-eu-prognose-laenger-hinziehen-als-gedacht\/\" \/>\n<meta property=\"og:locale\" content=\"pl_PL\" \/>\n<meta property=\"og:type\" content=\"article\" \/>\n<meta property=\"og:title\" content=\"Drugie uderzenie pandemii w gospodark\u0119 UE. Bruksela temperuje prognozy co do wychodzenia z koronakryzysu. - EUROPA FORUM\" \/>\n<meta property=\"og:description\" content=\"Niemcy i Polska jako jedyne z wi\u0119kszych kraj\u00f3w UE do ko\u0144ca 2022 r. powr\u00f3c\u0105 lub przekrocz\u0105 poziom PKB sprzed pandemii &#8211; m\u00f3wi komisarz UE ds. gospodarczych Paolo Gentiloni. Komisja Europejska ... Czytaj wi\u0119cej\" \/>\n<meta property=\"og:url\" content=\"https:\/\/europa-forum.org\/2020\/11\/zweite-pandemie-welle-bremst-eu-wirtschaft-die-corona-wirtschaftskrise-wird-sich-laut-der-neuen-eu-prognose-laenger-hinziehen-als-gedacht\/\" \/>\n<meta property=\"og:site_name\" content=\"EUROPA FORUM\" \/>\n<meta property=\"article:publisher\" content=\"https:\/\/www.facebook.com\/EuropaForum\/\" \/>\n<meta property=\"article:published_time\" content=\"2020-11-10T06:08:44+00:00\" \/>\n<meta property=\"article:modified_time\" content=\"2020-11-10T11:15:33+00:00\" \/>\n<meta property=\"og:image\" content=\"https:\/\/storage.googleapis.com\/media-cloud-test-ef\/2020\/11\/europa-forum-zweite-pandemie-welle-bremst-EU-wirtschaft.jpg\" \/>\n\t<meta property=\"og:image:width\" content=\"760\" \/>\n\t<meta property=\"og:image:height\" content=\"507\" \/>\n\t<meta property=\"og:image:type\" content=\"image\/jpeg\" \/>\n<meta name=\"author\" content=\"EUROPA FORUM\" \/>\n<meta name=\"twitter:card\" content=\"summary_large_image\" \/>\n<meta name=\"twitter:label1\" content=\"Napisane przez\" \/>\n\t<meta name=\"twitter:data1\" content=\"EUROPA FORUM\" \/>\n\t<meta name=\"twitter:label2\" content=\"Szacowany czas czytania\" \/>\n\t<meta name=\"twitter:data2\" content=\"3 minuty\" \/>\n<script type=\"application\/ld+json\" class=\"yoast-schema-graph\">{\"@context\":\"https:\\\/\\\/schema.org\",\"@graph\":[{\"@type\":\"Article\",\"@id\":\"https:\\\/\\\/europa-forum.org\\\/2020\\\/11\\\/zweite-pandemie-welle-bremst-eu-wirtschaft-die-corona-wirtschaftskrise-wird-sich-laut-der-neuen-eu-prognose-laenger-hinziehen-als-gedacht\\\/#article\",\"isPartOf\":{\"@id\":\"https:\\\/\\\/europa-forum.org\\\/2020\\\/11\\\/zweite-pandemie-welle-bremst-eu-wirtschaft-die-corona-wirtschaftskrise-wird-sich-laut-der-neuen-eu-prognose-laenger-hinziehen-als-gedacht\\\/\"},\"author\":{\"name\":\"EUROPA FORUM\",\"@id\":\"https:\\\/\\\/europa-forum.org\\\/#\\\/schema\\\/person\\\/fbb2c3378817155a7d7c5bac3c47cf73\"},\"headline\":\"Drugie uderzenie pandemii w gospodark\u0119 UE. Bruksela temperuje prognozy co do wychodzenia z koronakryzysu.\",\"datePublished\":\"2020-11-10T06:08:44+00:00\",\"dateModified\":\"2020-11-10T11:15:33+00:00\",\"mainEntityOfPage\":{\"@id\":\"https:\\\/\\\/europa-forum.org\\\/2020\\\/11\\\/zweite-pandemie-welle-bremst-eu-wirtschaft-die-corona-wirtschaftskrise-wird-sich-laut-der-neuen-eu-prognose-laenger-hinziehen-als-gedacht\\\/\"},\"wordCount\":597,\"publisher\":{\"@id\":\"https:\\\/\\\/europa-forum.org\\\/#organization\"},\"image\":{\"@id\":\"https:\\\/\\\/europa-forum.org\\\/2020\\\/11\\\/zweite-pandemie-welle-bremst-eu-wirtschaft-die-corona-wirtschaftskrise-wird-sich-laut-der-neuen-eu-prognose-laenger-hinziehen-als-gedacht\\\/#primaryimage\"},\"thumbnailUrl\":\"https:\\\/\\\/storage.googleapis.com\\\/media-cloud-test-ef\\\/2020\\\/11\\\/europa-forum-zweite-pandemie-welle-bremst-EU-wirtschaft.jpg\",\"keywords\":[\"2020\",\"Europa Forum Wroc\u0142aw\",\"Gospodarka\",\"Ko\u0142o gospodarcze\",\"Polska\",\"Polsko-Niemiecki\",\"Wroc\u0142aw\"],\"articleSection\":[\"Aktualno\u015bci gospodarcze\"],\"inLanguage\":\"pl-PL\"},{\"@type\":\"WebPage\",\"@id\":\"https:\\\/\\\/europa-forum.org\\\/2020\\\/11\\\/zweite-pandemie-welle-bremst-eu-wirtschaft-die-corona-wirtschaftskrise-wird-sich-laut-der-neuen-eu-prognose-laenger-hinziehen-als-gedacht\\\/\",\"url\":\"https:\\\/\\\/europa-forum.org\\\/2020\\\/11\\\/zweite-pandemie-welle-bremst-eu-wirtschaft-die-corona-wirtschaftskrise-wird-sich-laut-der-neuen-eu-prognose-laenger-hinziehen-als-gedacht\\\/\",\"name\":\"Drugie uderzenie pandemii w gospodark\u0119 UE. Bruksela temperuje prognozy co do wychodzenia z koronakryzysu. - EUROPA FORUM\",\"isPartOf\":{\"@id\":\"https:\\\/\\\/europa-forum.org\\\/#website\"},\"primaryImageOfPage\":{\"@id\":\"https:\\\/\\\/europa-forum.org\\\/2020\\\/11\\\/zweite-pandemie-welle-bremst-eu-wirtschaft-die-corona-wirtschaftskrise-wird-sich-laut-der-neuen-eu-prognose-laenger-hinziehen-als-gedacht\\\/#primaryimage\"},\"image\":{\"@id\":\"https:\\\/\\\/europa-forum.org\\\/2020\\\/11\\\/zweite-pandemie-welle-bremst-eu-wirtschaft-die-corona-wirtschaftskrise-wird-sich-laut-der-neuen-eu-prognose-laenger-hinziehen-als-gedacht\\\/#primaryimage\"},\"thumbnailUrl\":\"https:\\\/\\\/storage.googleapis.com\\\/media-cloud-test-ef\\\/2020\\\/11\\\/europa-forum-zweite-pandemie-welle-bremst-EU-wirtschaft.jpg\",\"datePublished\":\"2020-11-10T06:08:44+00:00\",\"dateModified\":\"2020-11-10T11:15:33+00:00\",\"breadcrumb\":{\"@id\":\"https:\\\/\\\/europa-forum.org\\\/2020\\\/11\\\/zweite-pandemie-welle-bremst-eu-wirtschaft-die-corona-wirtschaftskrise-wird-sich-laut-der-neuen-eu-prognose-laenger-hinziehen-als-gedacht\\\/#breadcrumb\"},\"inLanguage\":\"pl-PL\",\"potentialAction\":[{\"@type\":\"ReadAction\",\"target\":[\"https:\\\/\\\/europa-forum.org\\\/2020\\\/11\\\/zweite-pandemie-welle-bremst-eu-wirtschaft-die-corona-wirtschaftskrise-wird-sich-laut-der-neuen-eu-prognose-laenger-hinziehen-als-gedacht\\\/\"]}]},{\"@type\":\"ImageObject\",\"inLanguage\":\"pl-PL\",\"@id\":\"https:\\\/\\\/europa-forum.org\\\/2020\\\/11\\\/zweite-pandemie-welle-bremst-eu-wirtschaft-die-corona-wirtschaftskrise-wird-sich-laut-der-neuen-eu-prognose-laenger-hinziehen-als-gedacht\\\/#primaryimage\",\"url\":\"https:\\\/\\\/storage.googleapis.com\\\/media-cloud-test-ef\\\/2020\\\/11\\\/europa-forum-zweite-pandemie-welle-bremst-EU-wirtschaft.jpg\",\"contentUrl\":\"https:\\\/\\\/storage.googleapis.com\\\/media-cloud-test-ef\\\/2020\\\/11\\\/europa-forum-zweite-pandemie-welle-bremst-EU-wirtschaft.jpg\",\"width\":760,\"height\":507,\"caption\":\"Zweite Pandemie-Welle bremst EU-Wirtschaft Die Corona-Wirtschaftskrise wird sich laut der neuen EU-Prognose l\u00e4nger hinziehen als gedacht.\"},{\"@type\":\"BreadcrumbList\",\"@id\":\"https:\\\/\\\/europa-forum.org\\\/2020\\\/11\\\/zweite-pandemie-welle-bremst-eu-wirtschaft-die-corona-wirtschaftskrise-wird-sich-laut-der-neuen-eu-prognose-laenger-hinziehen-als-gedacht\\\/#breadcrumb\",\"itemListElement\":[{\"@type\":\"ListItem\",\"position\":1,\"name\":\"Home\",\"item\":\"https:\\\/\\\/europa-forum.org\\\/pl\\\/\"},{\"@type\":\"ListItem\",\"position\":2,\"name\":\"Drugie uderzenie pandemii w gospodark\u0119 UE. Bruksela temperuje prognozy co do wychodzenia z koronakryzysu.\"}]},{\"@type\":\"WebSite\",\"@id\":\"https:\\\/\\\/europa-forum.org\\\/#website\",\"url\":\"https:\\\/\\\/europa-forum.org\\\/\",\"name\":\"EUROPA FORUM\",\"description\":\"Polsko-Niemieckie Ko\u0142o Gospodarcze we Wroc\u0142awiu\",\"publisher\":{\"@id\":\"https:\\\/\\\/europa-forum.org\\\/#organization\"},\"potentialAction\":[{\"@type\":\"SearchAction\",\"target\":{\"@type\":\"EntryPoint\",\"urlTemplate\":\"https:\\\/\\\/europa-forum.org\\\/?s={search_term_string}\"},\"query-input\":{\"@type\":\"PropertyValueSpecification\",\"valueRequired\":true,\"valueName\":\"search_term_string\"}}],\"inLanguage\":\"pl-PL\"},{\"@type\":\"Organization\",\"@id\":\"https:\\\/\\\/europa-forum.org\\\/#organization\",\"name\":\"EUROPA FORUM\",\"url\":\"https:\\\/\\\/europa-forum.org\\\/\",\"logo\":{\"@type\":\"ImageObject\",\"inLanguage\":\"pl-PL\",\"@id\":\"https:\\\/\\\/europa-forum.org\\\/#\\\/schema\\\/logo\\\/image\\\/\",\"url\":\"https:\\\/\\\/storage.googleapis.com\\\/media-cloud-test-ef\\\/2024\\\/12\\\/logo-square.png\",\"contentUrl\":\"https:\\\/\\\/storage.googleapis.com\\\/media-cloud-test-ef\\\/2024\\\/12\\\/logo-square.png\",\"width\":240,\"height\":240,\"caption\":\"EUROPA FORUM\"},\"image\":{\"@id\":\"https:\\\/\\\/europa-forum.org\\\/#\\\/schema\\\/logo\\\/image\\\/\"},\"sameAs\":[\"https:\\\/\\\/www.facebook.com\\\/EuropaForum\\\/\",\"https:\\\/\\\/www.linkedin.com\\\/company\\\/europa-forum\"]},{\"@type\":\"Person\",\"@id\":\"https:\\\/\\\/europa-forum.org\\\/#\\\/schema\\\/person\\\/fbb2c3378817155a7d7c5bac3c47cf73\",\"name\":\"EUROPA FORUM\",\"image\":{\"@type\":\"ImageObject\",\"inLanguage\":\"pl-PL\",\"@id\":\"https:\\\/\\\/secure.gravatar.com\\\/avatar\\\/9ff03a7733d0a0239bab9987b763539cc183bfa59f639c0994bb261f287bd4d6?s=96&d=mm&r=g\",\"url\":\"https:\\\/\\\/secure.gravatar.com\\\/avatar\\\/9ff03a7733d0a0239bab9987b763539cc183bfa59f639c0994bb261f287bd4d6?s=96&d=mm&r=g\",\"contentUrl\":\"https:\\\/\\\/secure.gravatar.com\\\/avatar\\\/9ff03a7733d0a0239bab9987b763539cc183bfa59f639c0994bb261f287bd4d6?s=96&d=mm&r=g\",\"caption\":\"EUROPA FORUM\"}}]}<\/script>\n<!-- \/ Yoast SEO plugin. -->","yoast_head_json":{"title":"Drugie uderzenie pandemii w gospodark\u0119 UE. Bruksela temperuje prognozy co do wychodzenia z koronakryzysu. - EUROPA FORUM","robots":{"index":"index","follow":"follow","max-snippet":"max-snippet:-1","max-image-preview":"max-image-preview:large","max-video-preview":"max-video-preview:-1"},"canonical":"https:\/\/europa-forum.org\/2020\/11\/zweite-pandemie-welle-bremst-eu-wirtschaft-die-corona-wirtschaftskrise-wird-sich-laut-der-neuen-eu-prognose-laenger-hinziehen-als-gedacht\/","og_locale":"pl_PL","og_type":"article","og_title":"Drugie uderzenie pandemii w gospodark\u0119 UE. Bruksela temperuje prognozy co do wychodzenia z koronakryzysu. - EUROPA FORUM","og_description":"Niemcy i Polska jako jedyne z wi\u0119kszych kraj\u00f3w UE do ko\u0144ca 2022 r. powr\u00f3c\u0105 lub przekrocz\u0105 poziom PKB sprzed pandemii &#8211; m\u00f3wi komisarz UE ds. gospodarczych Paolo Gentiloni. Komisja Europejska ... Czytaj wi\u0119cej","og_url":"https:\/\/europa-forum.org\/2020\/11\/zweite-pandemie-welle-bremst-eu-wirtschaft-die-corona-wirtschaftskrise-wird-sich-laut-der-neuen-eu-prognose-laenger-hinziehen-als-gedacht\/","og_site_name":"EUROPA FORUM","article_publisher":"https:\/\/www.facebook.com\/EuropaForum\/","article_published_time":"2020-11-10T06:08:44+00:00","article_modified_time":"2020-11-10T11:15:33+00:00","og_image":[{"width":760,"height":507,"url":"https:\/\/storage.googleapis.com\/media-cloud-test-ef\/2020\/11\/europa-forum-zweite-pandemie-welle-bremst-EU-wirtschaft.jpg","type":"image\/jpeg"}],"author":"EUROPA FORUM","twitter_card":"summary_large_image","twitter_misc":{"Napisane przez":"EUROPA FORUM","Szacowany czas czytania":"3 minuty"},"schema":{"@context":"https:\/\/schema.org","@graph":[{"@type":"Article","@id":"https:\/\/europa-forum.org\/2020\/11\/zweite-pandemie-welle-bremst-eu-wirtschaft-die-corona-wirtschaftskrise-wird-sich-laut-der-neuen-eu-prognose-laenger-hinziehen-als-gedacht\/#article","isPartOf":{"@id":"https:\/\/europa-forum.org\/2020\/11\/zweite-pandemie-welle-bremst-eu-wirtschaft-die-corona-wirtschaftskrise-wird-sich-laut-der-neuen-eu-prognose-laenger-hinziehen-als-gedacht\/"},"author":{"name":"EUROPA FORUM","@id":"https:\/\/europa-forum.org\/#\/schema\/person\/fbb2c3378817155a7d7c5bac3c47cf73"},"headline":"Drugie uderzenie pandemii w gospodark\u0119 UE. Bruksela temperuje prognozy co do wychodzenia z koronakryzysu.","datePublished":"2020-11-10T06:08:44+00:00","dateModified":"2020-11-10T11:15:33+00:00","mainEntityOfPage":{"@id":"https:\/\/europa-forum.org\/2020\/11\/zweite-pandemie-welle-bremst-eu-wirtschaft-die-corona-wirtschaftskrise-wird-sich-laut-der-neuen-eu-prognose-laenger-hinziehen-als-gedacht\/"},"wordCount":597,"publisher":{"@id":"https:\/\/europa-forum.org\/#organization"},"image":{"@id":"https:\/\/europa-forum.org\/2020\/11\/zweite-pandemie-welle-bremst-eu-wirtschaft-die-corona-wirtschaftskrise-wird-sich-laut-der-neuen-eu-prognose-laenger-hinziehen-als-gedacht\/#primaryimage"},"thumbnailUrl":"https:\/\/storage.googleapis.com\/media-cloud-test-ef\/2020\/11\/europa-forum-zweite-pandemie-welle-bremst-EU-wirtschaft.jpg","keywords":["2020","Europa Forum Wroc\u0142aw","Gospodarka","Ko\u0142o gospodarcze","Polska","Polsko-Niemiecki","Wroc\u0142aw"],"articleSection":["Aktualno\u015bci gospodarcze"],"inLanguage":"pl-PL"},{"@type":"WebPage","@id":"https:\/\/europa-forum.org\/2020\/11\/zweite-pandemie-welle-bremst-eu-wirtschaft-die-corona-wirtschaftskrise-wird-sich-laut-der-neuen-eu-prognose-laenger-hinziehen-als-gedacht\/","url":"https:\/\/europa-forum.org\/2020\/11\/zweite-pandemie-welle-bremst-eu-wirtschaft-die-corona-wirtschaftskrise-wird-sich-laut-der-neuen-eu-prognose-laenger-hinziehen-als-gedacht\/","name":"Drugie uderzenie pandemii w gospodark\u0119 UE. Bruksela temperuje prognozy co do wychodzenia z koronakryzysu. - EUROPA FORUM","isPartOf":{"@id":"https:\/\/europa-forum.org\/#website"},"primaryImageOfPage":{"@id":"https:\/\/europa-forum.org\/2020\/11\/zweite-pandemie-welle-bremst-eu-wirtschaft-die-corona-wirtschaftskrise-wird-sich-laut-der-neuen-eu-prognose-laenger-hinziehen-als-gedacht\/#primaryimage"},"image":{"@id":"https:\/\/europa-forum.org\/2020\/11\/zweite-pandemie-welle-bremst-eu-wirtschaft-die-corona-wirtschaftskrise-wird-sich-laut-der-neuen-eu-prognose-laenger-hinziehen-als-gedacht\/#primaryimage"},"thumbnailUrl":"https:\/\/storage.googleapis.com\/media-cloud-test-ef\/2020\/11\/europa-forum-zweite-pandemie-welle-bremst-EU-wirtschaft.jpg","datePublished":"2020-11-10T06:08:44+00:00","dateModified":"2020-11-10T11:15:33+00:00","breadcrumb":{"@id":"https:\/\/europa-forum.org\/2020\/11\/zweite-pandemie-welle-bremst-eu-wirtschaft-die-corona-wirtschaftskrise-wird-sich-laut-der-neuen-eu-prognose-laenger-hinziehen-als-gedacht\/#breadcrumb"},"inLanguage":"pl-PL","potentialAction":[{"@type":"ReadAction","target":["https:\/\/europa-forum.org\/2020\/11\/zweite-pandemie-welle-bremst-eu-wirtschaft-die-corona-wirtschaftskrise-wird-sich-laut-der-neuen-eu-prognose-laenger-hinziehen-als-gedacht\/"]}]},{"@type":"ImageObject","inLanguage":"pl-PL","@id":"https:\/\/europa-forum.org\/2020\/11\/zweite-pandemie-welle-bremst-eu-wirtschaft-die-corona-wirtschaftskrise-wird-sich-laut-der-neuen-eu-prognose-laenger-hinziehen-als-gedacht\/#primaryimage","url":"https:\/\/storage.googleapis.com\/media-cloud-test-ef\/2020\/11\/europa-forum-zweite-pandemie-welle-bremst-EU-wirtschaft.jpg","contentUrl":"https:\/\/storage.googleapis.com\/media-cloud-test-ef\/2020\/11\/europa-forum-zweite-pandemie-welle-bremst-EU-wirtschaft.jpg","width":760,"height":507,"caption":"Zweite Pandemie-Welle bremst EU-Wirtschaft Die Corona-Wirtschaftskrise wird sich laut der neuen EU-Prognose l\u00e4nger hinziehen als gedacht."},{"@type":"BreadcrumbList","@id":"https:\/\/europa-forum.org\/2020\/11\/zweite-pandemie-welle-bremst-eu-wirtschaft-die-corona-wirtschaftskrise-wird-sich-laut-der-neuen-eu-prognose-laenger-hinziehen-als-gedacht\/#breadcrumb","itemListElement":[{"@type":"ListItem","position":1,"name":"Home","item":"https:\/\/europa-forum.org\/pl\/"},{"@type":"ListItem","position":2,"name":"Drugie uderzenie pandemii w gospodark\u0119 UE. Bruksela temperuje prognozy co do wychodzenia z koronakryzysu."}]},{"@type":"WebSite","@id":"https:\/\/europa-forum.org\/#website","url":"https:\/\/europa-forum.org\/","name":"EUROPA FORUM","description":"Polsko-Niemieckie Ko\u0142o Gospodarcze we Wroc\u0142awiu","publisher":{"@id":"https:\/\/europa-forum.org\/#organization"},"potentialAction":[{"@type":"SearchAction","target":{"@type":"EntryPoint","urlTemplate":"https:\/\/europa-forum.org\/?s={search_term_string}"},"query-input":{"@type":"PropertyValueSpecification","valueRequired":true,"valueName":"search_term_string"}}],"inLanguage":"pl-PL"},{"@type":"Organization","@id":"https:\/\/europa-forum.org\/#organization","name":"EUROPA FORUM","url":"https:\/\/europa-forum.org\/","logo":{"@type":"ImageObject","inLanguage":"pl-PL","@id":"https:\/\/europa-forum.org\/#\/schema\/logo\/image\/","url":"https:\/\/storage.googleapis.com\/media-cloud-test-ef\/2024\/12\/logo-square.png","contentUrl":"https:\/\/storage.googleapis.com\/media-cloud-test-ef\/2024\/12\/logo-square.png","width":240,"height":240,"caption":"EUROPA FORUM"},"image":{"@id":"https:\/\/europa-forum.org\/#\/schema\/logo\/image\/"},"sameAs":["https:\/\/www.facebook.com\/EuropaForum\/","https:\/\/www.linkedin.com\/company\/europa-forum"]},{"@type":"Person","@id":"https:\/\/europa-forum.org\/#\/schema\/person\/fbb2c3378817155a7d7c5bac3c47cf73","name":"EUROPA FORUM","image":{"@type":"ImageObject","inLanguage":"pl-PL","@id":"https:\/\/secure.gravatar.com\/avatar\/9ff03a7733d0a0239bab9987b763539cc183bfa59f639c0994bb261f287bd4d6?s=96&d=mm&r=g","url":"https:\/\/secure.gravatar.com\/avatar\/9ff03a7733d0a0239bab9987b763539cc183bfa59f639c0994bb261f287bd4d6?s=96&d=mm&r=g","contentUrl":"https:\/\/secure.gravatar.com\/avatar\/9ff03a7733d0a0239bab9987b763539cc183bfa59f639c0994bb261f287bd4d6?s=96&d=mm&r=g","caption":"EUROPA FORUM"}}]}},"_links":{"self":[{"href":"https:\/\/europa-forum.org\/pl\/wp-json\/wp\/v2\/posts\/24393","targetHints":{"allow":["GET"]}}],"collection":[{"href":"https:\/\/europa-forum.org\/pl\/wp-json\/wp\/v2\/posts"}],"about":[{"href":"https:\/\/europa-forum.org\/pl\/wp-json\/wp\/v2\/types\/post"}],"author":[{"embeddable":true,"href":"https:\/\/europa-forum.org\/pl\/wp-json\/wp\/v2\/users\/67"}],"replies":[{"embeddable":true,"href":"https:\/\/europa-forum.org\/pl\/wp-json\/wp\/v2\/comments?post=24393"}],"version-history":[{"count":2,"href":"https:\/\/europa-forum.org\/pl\/wp-json\/wp\/v2\/posts\/24393\/revisions"}],"predecessor-version":[{"id":24406,"href":"https:\/\/europa-forum.org\/pl\/wp-json\/wp\/v2\/posts\/24393\/revisions\/24406"}],"wp:featuredmedia":[{"embeddable":true,"href":"https:\/\/europa-forum.org\/pl\/wp-json\/wp\/v2\/media\/24397"}],"wp:attachment":[{"href":"https:\/\/europa-forum.org\/pl\/wp-json\/wp\/v2\/media?parent=24393"}],"wp:term":[{"taxonomy":"category","embeddable":true,"href":"https:\/\/europa-forum.org\/pl\/wp-json\/wp\/v2\/categories?post=24393"},{"taxonomy":"post_tag","embeddable":true,"href":"https:\/\/europa-forum.org\/pl\/wp-json\/wp\/v2\/tags?post=24393"}],"curies":[{"name":"wp","href":"https:\/\/api.w.org\/{rel}","templated":true}]}}