{"id":23613,"date":"2020-04-23T13:18:03","date_gmt":"2020-04-23T12:18:03","guid":{"rendered":"https:\/\/europa-forum.org\/?p=23613"},"modified":"2020-04-23T13:26:05","modified_gmt":"2020-04-23T12:26:05","slug":"pomoc-dla-przedsiebiorcow-aktualne-informacje","status":"publish","type":"post","link":"https:\/\/europa-forum.org\/pl\/2020\/04\/pomoc-dla-przedsiebiorcow-aktualne-informacje\/","title":{"rendered":"Pomoc dla przedsi\u0119biorc\u00f3w- aktualne informacje"},"content":{"rendered":"<p>Drodzy cz\u0142onkowie Europa Forum,<br \/>\nSzanowni Pa\u0144stwo,<\/p>\n<p>Poni\u017cej przesy\u0142amy informacje dotycz\u0105ce aktualnej pomocy, o kt\u00f3r\u0105 mog\u0105 ubiega\u0107 si\u0119 przedsi\u0119biorcy.<\/p>\n<p>Polski Fundusz Rozwoju w ramach stworzonej przez rz\u0105d Tarczy Antykryzysowej uruchamia nowy program pomocowy skierowany do przedsi\u0119biorstw, kt\u00f3re ucierpia\u0142y wskutek pandemii koronawirusa.<\/p>\n<p><!--more--><\/p>\n<p>Wi\u0119cej informacji:<br \/>\n<a href=\"https:\/\/pfrsa.pl\/tarcza-finansowa-pfr.html\">https:\/\/pfrsa.pl\/tarcza-finansowa-pfr.html<\/a><\/p>\n<p><strong>Przewodnik Antykryzysowy dla Przedsi\u0119biorc\u00f3w<\/strong><br \/>\n<a href=\"https:\/\/pfr.pl\/dam\/pfr\/documents\/tarcza-antykryzysowa\/PFR-Przewodnik-Antykryzysowy-dla-Przedsiebiorcow.pdf\">https:\/\/pfr.pl\/dam\/pfr\/documents\/tarcza-antykryzysowa\/PFR-Przewodnik-Antykryzysowy-dla-Przedsiebiorcow.pdf<\/a><\/p>\n<p><strong>Dolno\u015bl\u0105ski Pakiet Gospodarczy<\/strong><br \/>\nsystem pomocy dedykowany mikro, ma\u0142ym i \u015brednim przedsi\u0119biorcom na Dolnym \u015al\u0105sku.<br \/>\nWi\u0119cej informacji: <a href=\"https:\/\/dolnoslaskipakiet.pl\">https:\/\/dolnoslaskipakiet.pl<\/a><\/p>\n<p><strong>Wroc\u0142awski Pakiet Pomocowy<\/strong><br \/>\nWi\u0119cej informacji: <a href=\"https:\/\/www.wroclaw.pl\/biznes\/wroclawski-pakiet-pomocowy-dla-przedsiebiorcow-zasady-ulgi-odroczenia-platnosci\">https:\/\/www.wroclaw.pl\/biznes\/wroclawski-pakiet-pomocowy-dla-przedsiebiorcow-zasady-ulgi-odroczenia-platnosci<\/a><\/p>\n<p><strong>Centrum Wsparcia Przedsi\u0119biorc\u00f3w w Urz\u0119dzie Miasta<\/strong><br \/>\nOd poniedzia\u0142ku do pi\u0105tku w godzinach 7.45 \u2013 15.45, urz\u0119dnicy i eksperci czekaj\u0105 na przedsi\u0119biorc\u00f3w pod numerami telefon\u00f3w: 71 777 72 87, 71 777 73 10, 71 777 74 26.<br \/>\nUruchomione zosta\u0142y tak\u017ce 2 dedykowane adresy mailowe:<br \/>\ndo sk\u0142adania wniosk\u00f3w: <a href=\"mailto:pomoc.firma@um.wroc.pl\">pomoc.firma@um.wroc.pl<\/a><br \/>\ndo udzielania informacji: <a href=\"mailto:centrum.firma@um.wroc.pl\">centrum.firma@um.wroc.pl<\/a><\/p>\n<p>Informacje o rozszerzonej tarczy, w spos\u00f3b przejrzysty, zosta\u0142y wypunktowane na stronie ministerialnej <a href=\"https:\/\/www.gov.pl\/web\/tarczaantykryzysowa\/rozszerzamy-tarcze-antykryzysowa-nowych-rozwiazan-dla-firm-pracownikow-i-rolnikow\">https:\/\/www.gov.pl\/web\/tarczaantykryzysowa\/rozszerzamy-tarcze-antykryzysowa-nowych-rozwiazan-dla-firm-pracownikow-i-rolnikow<\/a>.<\/p>\n<p>Prezydent Miasta zapowiedzia\u0142 utworzenie <strong>Wroc\u0142awskiego Programu Interwencji Spo\u0142ecznej<\/strong>, kt\u00f3ry b\u0119dzie pakietem dzia\u0142a\u0144 interwencyjnych na rzecz sektora NGO, kultury, spraw spo\u0142ecznych, sportu i rodziny. Prezentacja tego programu znajduje si\u0119 na stronie <a href=\"https:\/\/www.wroclaw.pl\/portal\/wroclawski-program-interwencji-spolecznej\">https:\/\/www.wroclaw.pl\/portal\/wroclawski-program-interwencji-spolecznej<\/a>.<\/p>\n<p>Aktualno\u015bci dla przedsi\u0119biorc\u00f3w dot. rz\u0105dowych narz\u0119dzi pomocowych znajduj\u0105 si\u0119 na stronie Ministerstwa Rozwoju <a href=\"https:\/\/www.gov.pl\/web\/tarczaantykryzysowa\/wyszukaj-wsparcie-dla-swojej-firmy\">https:\/\/www.gov.pl\/web\/tarczaantykryzysowa\/wyszukaj-wsparcie-dla-swojej-firmy<\/a>.<\/p>\n","protected":false},"excerpt":{"rendered":"<p>Drodzy cz\u0142onkowie Europa Forum, Szanowni Pa\u0144stwo, Poni\u017cej przesy\u0142amy informacje dotycz\u0105ce aktualnej pomocy, o kt\u00f3r\u0105 mog\u0105 ubiega\u0107 si\u0119 przedsi\u0119biorcy. Polski Fundusz Rozwoju w ramach stworzonej przez rz\u0105d Tarczy Antykryzysowej uruchamia nowy &#8230; <a class=\"read-more\" href=\"https:\/\/europa-forum.org\/pl\/2020\/04\/pomoc-dla-przedsiebiorcow-aktualne-informacje\/\">Czytaj wi\u0119cej<\/a><\/p>\n","protected":false},"author":67,"featured_media":23610,"comment_status":"closed","ping_status":"open","sticky":false,"template":"","format":"standard","meta":{"ngg_post_thumbnail":0,"footnotes":""},"categories":[36],"tags":[204,208,53,148,182,207,181,180,69],"class_list":["post-23613","post","type-post","status-publish","format-standard","has-post-thumbnail","hentry","category-aktualnosci-stowarzyszenia","tag-2020-pl","tag-covid-19-pl","tag-europa-forum-wroclaw","tag-gospodarka","tag-kolo-gospodarcze-pl","tag-koronawirus","tag-polska-pl","tag-polsko-niemiecki-pl","tag-wroclaw"],"yoast_head":"<!-- This site is optimized with the Yoast SEO plugin v27.3 - https:\/\/yoast.com\/product\/yoast-seo-wordpress\/ -->\n<title>Pomoc dla przedsi\u0119biorc\u00f3w- aktualne informacje - EUROPA FORUM<\/title>\n<meta name=\"robots\" content=\"index, follow, max-snippet:-1, max-image-preview:large, max-video-preview:-1\" \/>\n<link rel=\"canonical\" href=\"https:\/\/europa-forum.org\/2020\/04\/hilfe-fuer-unternehmer-aktuelle-informationen\/\" \/>\n<meta property=\"og:locale\" content=\"pl_PL\" \/>\n<meta property=\"og:type\" content=\"article\" \/>\n<meta property=\"og:title\" content=\"Pomoc dla przedsi\u0119biorc\u00f3w- aktualne informacje - EUROPA FORUM\" \/>\n<meta property=\"og:description\" content=\"Drodzy cz\u0142onkowie Europa Forum, Szanowni Pa\u0144stwo, Poni\u017cej przesy\u0142amy informacje dotycz\u0105ce aktualnej pomocy, o kt\u00f3r\u0105 mog\u0105 ubiega\u0107 si\u0119 przedsi\u0119biorcy. Polski Fundusz Rozwoju w ramach stworzonej przez rz\u0105d Tarczy Antykryzysowej uruchamia nowy ... Czytaj wi\u0119cej\" \/>\n<meta property=\"og:url\" content=\"https:\/\/europa-forum.org\/2020\/04\/hilfe-fuer-unternehmer-aktuelle-informationen\/\" \/>\n<meta property=\"og:site_name\" content=\"EUROPA FORUM\" \/>\n<meta property=\"article:publisher\" content=\"https:\/\/www.facebook.com\/EuropaForum\/\" \/>\n<meta property=\"article:published_time\" content=\"2020-04-23T12:18:03+00:00\" \/>\n<meta property=\"article:modified_time\" content=\"2020-04-23T12:26:05+00:00\" \/>\n<meta property=\"og:image\" content=\"https:\/\/storage.googleapis.com\/media-cloud-test-ef\/2020\/04\/pl\/europa-forum-post.jpg\" \/>\n\t<meta property=\"og:image:width\" content=\"730\" \/>\n\t<meta property=\"og:image:height\" content=\"486\" \/>\n\t<meta property=\"og:image:type\" content=\"image\/jpeg\" \/>\n<meta name=\"author\" content=\"EUROPA FORUM\" \/>\n<meta name=\"twitter:card\" content=\"summary_large_image\" \/>\n<meta name=\"twitter:label1\" content=\"Napisane przez\" \/>\n\t<meta name=\"twitter:data1\" content=\"EUROPA FORUM\" \/>\n\t<meta name=\"twitter:label2\" content=\"Szacowany czas czytania\" \/>\n\t<meta name=\"twitter:data2\" content=\"1 minuta\" \/>\n<script type=\"application\/ld+json\" class=\"yoast-schema-graph\">{\"@context\":\"https:\\\/\\\/schema.org\",\"@graph\":[{\"@type\":\"Article\",\"@id\":\"https:\\\/\\\/europa-forum.org\\\/2020\\\/04\\\/hilfe-fuer-unternehmer-aktuelle-informationen\\\/#article\",\"isPartOf\":{\"@id\":\"https:\\\/\\\/europa-forum.org\\\/2020\\\/04\\\/hilfe-fuer-unternehmer-aktuelle-informationen\\\/\"},\"author\":{\"name\":\"EUROPA FORUM\",\"@id\":\"https:\\\/\\\/europa-forum.org\\\/#\\\/schema\\\/person\\\/fbb2c3378817155a7d7c5bac3c47cf73\"},\"headline\":\"Pomoc dla przedsi\u0119biorc\u00f3w- aktualne informacje\",\"datePublished\":\"2020-04-23T12:18:03+00:00\",\"dateModified\":\"2020-04-23T12:26:05+00:00\",\"mainEntityOfPage\":{\"@id\":\"https:\\\/\\\/europa-forum.org\\\/2020\\\/04\\\/hilfe-fuer-unternehmer-aktuelle-informationen\\\/\"},\"wordCount\":263,\"publisher\":{\"@id\":\"https:\\\/\\\/europa-forum.org\\\/#organization\"},\"image\":{\"@id\":\"https:\\\/\\\/europa-forum.org\\\/2020\\\/04\\\/hilfe-fuer-unternehmer-aktuelle-informationen\\\/#primaryimage\"},\"thumbnailUrl\":\"https:\\\/\\\/storage.googleapis.com\\\/media-cloud-test-ef\\\/2020\\\/04\\\/pl\\\/europa-forum-post.jpg\",\"keywords\":[\"2020\",\"COVID-19\",\"Europa Forum Wroc\u0142aw\",\"Gospodarka\",\"Ko\u0142o gospodarcze\",\"Koronawirus\",\"Polska\",\"Polsko-Niemiecki\",\"Wroc\u0142aw\"],\"articleSection\":[\"AKTUALNO\u015aCI STOWARZYSZENIA\"],\"inLanguage\":\"pl-PL\"},{\"@type\":\"WebPage\",\"@id\":\"https:\\\/\\\/europa-forum.org\\\/2020\\\/04\\\/hilfe-fuer-unternehmer-aktuelle-informationen\\\/\",\"url\":\"https:\\\/\\\/europa-forum.org\\\/2020\\\/04\\\/hilfe-fuer-unternehmer-aktuelle-informationen\\\/\",\"name\":\"Pomoc dla przedsi\u0119biorc\u00f3w- aktualne informacje - EUROPA FORUM\",\"isPartOf\":{\"@id\":\"https:\\\/\\\/europa-forum.org\\\/#website\"},\"primaryImageOfPage\":{\"@id\":\"https:\\\/\\\/europa-forum.org\\\/2020\\\/04\\\/hilfe-fuer-unternehmer-aktuelle-informationen\\\/#primaryimage\"},\"image\":{\"@id\":\"https:\\\/\\\/europa-forum.org\\\/2020\\\/04\\\/hilfe-fuer-unternehmer-aktuelle-informationen\\\/#primaryimage\"},\"thumbnailUrl\":\"https:\\\/\\\/storage.googleapis.com\\\/media-cloud-test-ef\\\/2020\\\/04\\\/pl\\\/europa-forum-post.jpg\",\"datePublished\":\"2020-04-23T12:18:03+00:00\",\"dateModified\":\"2020-04-23T12:26:05+00:00\",\"breadcrumb\":{\"@id\":\"https:\\\/\\\/europa-forum.org\\\/2020\\\/04\\\/hilfe-fuer-unternehmer-aktuelle-informationen\\\/#breadcrumb\"},\"inLanguage\":\"pl-PL\",\"potentialAction\":[{\"@type\":\"ReadAction\",\"target\":[\"https:\\\/\\\/europa-forum.org\\\/2020\\\/04\\\/hilfe-fuer-unternehmer-aktuelle-informationen\\\/\"]}]},{\"@type\":\"ImageObject\",\"inLanguage\":\"pl-PL\",\"@id\":\"https:\\\/\\\/europa-forum.org\\\/2020\\\/04\\\/hilfe-fuer-unternehmer-aktuelle-informationen\\\/#primaryimage\",\"url\":\"https:\\\/\\\/storage.googleapis.com\\\/media-cloud-test-ef\\\/2020\\\/04\\\/pl\\\/europa-forum-post.jpg\",\"contentUrl\":\"https:\\\/\\\/storage.googleapis.com\\\/media-cloud-test-ef\\\/2020\\\/04\\\/pl\\\/europa-forum-post.jpg\",\"width\":730,\"height\":486},{\"@type\":\"BreadcrumbList\",\"@id\":\"https:\\\/\\\/europa-forum.org\\\/2020\\\/04\\\/hilfe-fuer-unternehmer-aktuelle-informationen\\\/#breadcrumb\",\"itemListElement\":[{\"@type\":\"ListItem\",\"position\":1,\"name\":\"Home\",\"item\":\"https:\\\/\\\/europa-forum.org\\\/pl\\\/\"},{\"@type\":\"ListItem\",\"position\":2,\"name\":\"Pomoc dla przedsi\u0119biorc\u00f3w- aktualne informacje\"}]},{\"@type\":\"WebSite\",\"@id\":\"https:\\\/\\\/europa-forum.org\\\/#website\",\"url\":\"https:\\\/\\\/europa-forum.org\\\/\",\"name\":\"EUROPA FORUM\",\"description\":\"Polsko-Niemieckie Ko\u0142o Gospodarcze we Wroc\u0142awiu\",\"publisher\":{\"@id\":\"https:\\\/\\\/europa-forum.org\\\/#organization\"},\"potentialAction\":[{\"@type\":\"SearchAction\",\"target\":{\"@type\":\"EntryPoint\",\"urlTemplate\":\"https:\\\/\\\/europa-forum.org\\\/?s={search_term_string}\"},\"query-input\":{\"@type\":\"PropertyValueSpecification\",\"valueRequired\":true,\"valueName\":\"search_term_string\"}}],\"inLanguage\":\"pl-PL\"},{\"@type\":\"Organization\",\"@id\":\"https:\\\/\\\/europa-forum.org\\\/#organization\",\"name\":\"EUROPA FORUM\",\"url\":\"https:\\\/\\\/europa-forum.org\\\/\",\"logo\":{\"@type\":\"ImageObject\",\"inLanguage\":\"pl-PL\",\"@id\":\"https:\\\/\\\/europa-forum.org\\\/#\\\/schema\\\/logo\\\/image\\\/\",\"url\":\"https:\\\/\\\/storage.googleapis.com\\\/media-cloud-test-ef\\\/2024\\\/12\\\/logo-square.png\",\"contentUrl\":\"https:\\\/\\\/storage.googleapis.com\\\/media-cloud-test-ef\\\/2024\\\/12\\\/logo-square.png\",\"width\":240,\"height\":240,\"caption\":\"EUROPA FORUM\"},\"image\":{\"@id\":\"https:\\\/\\\/europa-forum.org\\\/#\\\/schema\\\/logo\\\/image\\\/\"},\"sameAs\":[\"https:\\\/\\\/www.facebook.com\\\/EuropaForum\\\/\",\"https:\\\/\\\/www.linkedin.com\\\/company\\\/europa-forum\"]},{\"@type\":\"Person\",\"@id\":\"https:\\\/\\\/europa-forum.org\\\/#\\\/schema\\\/person\\\/fbb2c3378817155a7d7c5bac3c47cf73\",\"name\":\"EUROPA FORUM\",\"image\":{\"@type\":\"ImageObject\",\"inLanguage\":\"pl-PL\",\"@id\":\"https:\\\/\\\/secure.gravatar.com\\\/avatar\\\/9ff03a7733d0a0239bab9987b763539cc183bfa59f639c0994bb261f287bd4d6?s=96&d=mm&r=g\",\"url\":\"https:\\\/\\\/secure.gravatar.com\\\/avatar\\\/9ff03a7733d0a0239bab9987b763539cc183bfa59f639c0994bb261f287bd4d6?s=96&d=mm&r=g\",\"contentUrl\":\"https:\\\/\\\/secure.gravatar.com\\\/avatar\\\/9ff03a7733d0a0239bab9987b763539cc183bfa59f639c0994bb261f287bd4d6?s=96&d=mm&r=g\",\"caption\":\"EUROPA FORUM\"}}]}<\/script>\n<!-- \/ Yoast SEO plugin. -->","yoast_head_json":{"title":"Pomoc dla przedsi\u0119biorc\u00f3w- aktualne informacje - EUROPA FORUM","robots":{"index":"index","follow":"follow","max-snippet":"max-snippet:-1","max-image-preview":"max-image-preview:large","max-video-preview":"max-video-preview:-1"},"canonical":"https:\/\/europa-forum.org\/2020\/04\/hilfe-fuer-unternehmer-aktuelle-informationen\/","og_locale":"pl_PL","og_type":"article","og_title":"Pomoc dla przedsi\u0119biorc\u00f3w- aktualne informacje - EUROPA FORUM","og_description":"Drodzy cz\u0142onkowie Europa Forum, Szanowni Pa\u0144stwo, Poni\u017cej przesy\u0142amy informacje dotycz\u0105ce aktualnej pomocy, o kt\u00f3r\u0105 mog\u0105 ubiega\u0107 si\u0119 przedsi\u0119biorcy. Polski Fundusz Rozwoju w ramach stworzonej przez rz\u0105d Tarczy Antykryzysowej uruchamia nowy ... Czytaj wi\u0119cej","og_url":"https:\/\/europa-forum.org\/2020\/04\/hilfe-fuer-unternehmer-aktuelle-informationen\/","og_site_name":"EUROPA FORUM","article_publisher":"https:\/\/www.facebook.com\/EuropaForum\/","article_published_time":"2020-04-23T12:18:03+00:00","article_modified_time":"2020-04-23T12:26:05+00:00","og_image":[{"width":730,"height":486,"url":"https:\/\/storage.googleapis.com\/media-cloud-test-ef\/2020\/04\/pl\/europa-forum-post.jpg","type":"image\/jpeg"}],"author":"EUROPA FORUM","twitter_card":"summary_large_image","twitter_misc":{"Napisane przez":"EUROPA FORUM","Szacowany czas czytania":"1 minuta"},"schema":{"@context":"https:\/\/schema.org","@graph":[{"@type":"Article","@id":"https:\/\/europa-forum.org\/2020\/04\/hilfe-fuer-unternehmer-aktuelle-informationen\/#article","isPartOf":{"@id":"https:\/\/europa-forum.org\/2020\/04\/hilfe-fuer-unternehmer-aktuelle-informationen\/"},"author":{"name":"EUROPA FORUM","@id":"https:\/\/europa-forum.org\/#\/schema\/person\/fbb2c3378817155a7d7c5bac3c47cf73"},"headline":"Pomoc dla przedsi\u0119biorc\u00f3w- aktualne informacje","datePublished":"2020-04-23T12:18:03+00:00","dateModified":"2020-04-23T12:26:05+00:00","mainEntityOfPage":{"@id":"https:\/\/europa-forum.org\/2020\/04\/hilfe-fuer-unternehmer-aktuelle-informationen\/"},"wordCount":263,"publisher":{"@id":"https:\/\/europa-forum.org\/#organization"},"image":{"@id":"https:\/\/europa-forum.org\/2020\/04\/hilfe-fuer-unternehmer-aktuelle-informationen\/#primaryimage"},"thumbnailUrl":"https:\/\/storage.googleapis.com\/media-cloud-test-ef\/2020\/04\/pl\/europa-forum-post.jpg","keywords":["2020","COVID-19","Europa Forum Wroc\u0142aw","Gospodarka","Ko\u0142o gospodarcze","Koronawirus","Polska","Polsko-Niemiecki","Wroc\u0142aw"],"articleSection":["AKTUALNO\u015aCI STOWARZYSZENIA"],"inLanguage":"pl-PL"},{"@type":"WebPage","@id":"https:\/\/europa-forum.org\/2020\/04\/hilfe-fuer-unternehmer-aktuelle-informationen\/","url":"https:\/\/europa-forum.org\/2020\/04\/hilfe-fuer-unternehmer-aktuelle-informationen\/","name":"Pomoc dla przedsi\u0119biorc\u00f3w- aktualne informacje - EUROPA FORUM","isPartOf":{"@id":"https:\/\/europa-forum.org\/#website"},"primaryImageOfPage":{"@id":"https:\/\/europa-forum.org\/2020\/04\/hilfe-fuer-unternehmer-aktuelle-informationen\/#primaryimage"},"image":{"@id":"https:\/\/europa-forum.org\/2020\/04\/hilfe-fuer-unternehmer-aktuelle-informationen\/#primaryimage"},"thumbnailUrl":"https:\/\/storage.googleapis.com\/media-cloud-test-ef\/2020\/04\/pl\/europa-forum-post.jpg","datePublished":"2020-04-23T12:18:03+00:00","dateModified":"2020-04-23T12:26:05+00:00","breadcrumb":{"@id":"https:\/\/europa-forum.org\/2020\/04\/hilfe-fuer-unternehmer-aktuelle-informationen\/#breadcrumb"},"inLanguage":"pl-PL","potentialAction":[{"@type":"ReadAction","target":["https:\/\/europa-forum.org\/2020\/04\/hilfe-fuer-unternehmer-aktuelle-informationen\/"]}]},{"@type":"ImageObject","inLanguage":"pl-PL","@id":"https:\/\/europa-forum.org\/2020\/04\/hilfe-fuer-unternehmer-aktuelle-informationen\/#primaryimage","url":"https:\/\/storage.googleapis.com\/media-cloud-test-ef\/2020\/04\/pl\/europa-forum-post.jpg","contentUrl":"https:\/\/storage.googleapis.com\/media-cloud-test-ef\/2020\/04\/pl\/europa-forum-post.jpg","width":730,"height":486},{"@type":"BreadcrumbList","@id":"https:\/\/europa-forum.org\/2020\/04\/hilfe-fuer-unternehmer-aktuelle-informationen\/#breadcrumb","itemListElement":[{"@type":"ListItem","position":1,"name":"Home","item":"https:\/\/europa-forum.org\/pl\/"},{"@type":"ListItem","position":2,"name":"Pomoc dla przedsi\u0119biorc\u00f3w- aktualne informacje"}]},{"@type":"WebSite","@id":"https:\/\/europa-forum.org\/#website","url":"https:\/\/europa-forum.org\/","name":"EUROPA FORUM","description":"Polsko-Niemieckie Ko\u0142o Gospodarcze we Wroc\u0142awiu","publisher":{"@id":"https:\/\/europa-forum.org\/#organization"},"potentialAction":[{"@type":"SearchAction","target":{"@type":"EntryPoint","urlTemplate":"https:\/\/europa-forum.org\/?s={search_term_string}"},"query-input":{"@type":"PropertyValueSpecification","valueRequired":true,"valueName":"search_term_string"}}],"inLanguage":"pl-PL"},{"@type":"Organization","@id":"https:\/\/europa-forum.org\/#organization","name":"EUROPA FORUM","url":"https:\/\/europa-forum.org\/","logo":{"@type":"ImageObject","inLanguage":"pl-PL","@id":"https:\/\/europa-forum.org\/#\/schema\/logo\/image\/","url":"https:\/\/storage.googleapis.com\/media-cloud-test-ef\/2024\/12\/logo-square.png","contentUrl":"https:\/\/storage.googleapis.com\/media-cloud-test-ef\/2024\/12\/logo-square.png","width":240,"height":240,"caption":"EUROPA FORUM"},"image":{"@id":"https:\/\/europa-forum.org\/#\/schema\/logo\/image\/"},"sameAs":["https:\/\/www.facebook.com\/EuropaForum\/","https:\/\/www.linkedin.com\/company\/europa-forum"]},{"@type":"Person","@id":"https:\/\/europa-forum.org\/#\/schema\/person\/fbb2c3378817155a7d7c5bac3c47cf73","name":"EUROPA FORUM","image":{"@type":"ImageObject","inLanguage":"pl-PL","@id":"https:\/\/secure.gravatar.com\/avatar\/9ff03a7733d0a0239bab9987b763539cc183bfa59f639c0994bb261f287bd4d6?s=96&d=mm&r=g","url":"https:\/\/secure.gravatar.com\/avatar\/9ff03a7733d0a0239bab9987b763539cc183bfa59f639c0994bb261f287bd4d6?s=96&d=mm&r=g","contentUrl":"https:\/\/secure.gravatar.com\/avatar\/9ff03a7733d0a0239bab9987b763539cc183bfa59f639c0994bb261f287bd4d6?s=96&d=mm&r=g","caption":"EUROPA FORUM"}}]}},"_links":{"self":[{"href":"https:\/\/europa-forum.org\/pl\/wp-json\/wp\/v2\/posts\/23613","targetHints":{"allow":["GET"]}}],"collection":[{"href":"https:\/\/europa-forum.org\/pl\/wp-json\/wp\/v2\/posts"}],"about":[{"href":"https:\/\/europa-forum.org\/pl\/wp-json\/wp\/v2\/types\/post"}],"author":[{"embeddable":true,"href":"https:\/\/europa-forum.org\/pl\/wp-json\/wp\/v2\/users\/67"}],"replies":[{"embeddable":true,"href":"https:\/\/europa-forum.org\/pl\/wp-json\/wp\/v2\/comments?post=23613"}],"version-history":[{"count":4,"href":"https:\/\/europa-forum.org\/pl\/wp-json\/wp\/v2\/posts\/23613\/revisions"}],"predecessor-version":[{"id":23622,"href":"https:\/\/europa-forum.org\/pl\/wp-json\/wp\/v2\/posts\/23613\/revisions\/23622"}],"wp:featuredmedia":[{"embeddable":true,"href":"https:\/\/europa-forum.org\/pl\/wp-json\/wp\/v2\/media\/23610"}],"wp:attachment":[{"href":"https:\/\/europa-forum.org\/pl\/wp-json\/wp\/v2\/media?parent=23613"}],"wp:term":[{"taxonomy":"category","embeddable":true,"href":"https:\/\/europa-forum.org\/pl\/wp-json\/wp\/v2\/categories?post=23613"},{"taxonomy":"post_tag","embeddable":true,"href":"https:\/\/europa-forum.org\/pl\/wp-json\/wp\/v2\/tags?post=23613"}],"curies":[{"name":"wp","href":"https:\/\/api.w.org\/{rel}","templated":true}]}}