{"id":22022,"date":"2019-08-05T11:50:25","date_gmt":"2019-08-05T10:50:25","guid":{"rendered":"https:\/\/europa-forum.org\/?p=22022"},"modified":"2022-08-12T10:15:49","modified_gmt":"2022-08-12T10:15:49","slug":"misja-gospodarcza-do-serbii-juz-za-nami","status":"publish","type":"post","link":"https:\/\/europa-forum.org\/pl\/2019\/08\/misja-gospodarcza-do-serbii-juz-za-nami\/","title":{"rendered":"Misja gospodarcza do Serbii ju\u017c za nami!"},"content":{"rendered":"<p>W dniach 11-14 lipca 2019 firmy cz\u0142onkowskie EUROPA FORUM odby\u0142y misj\u0119 gospodarcz\u0105 do Republiki Serbii. Program pobytu przedsi\u0119biorc\u00f3w obejmowa\u0142 zar\u00f3wno aspekty gospodarcze jak i kulturalne oraz umo\u017cliwi\u0142 poznanie dziedzictwa narodowego Serbii.<\/p>\n<p>W ci\u0105gu czterech dni pobytu odby\u0142o si\u0119 szereg spotka\u0144, pocz\u0105wszy od wizyty w Ambasadzie Republiki Federalnej Niemiec w Belgradzie, gdzie przedstawiono uczestnikom szczeg\u00f3\u0142owo sytuacj\u0119 gospodarcz\u0105 i polityczn\u0105 kraju oraz obraz stosunk\u00f3w dwustronnych.<\/p>\n<p><!--more--><\/p>\n<p>Cz\u0142onkowie Europa Forum odbyli wizyt\u0119 w dw\u00f3ch fabrykach: w Fabryce Robert Bosh d.o.o. Srbija w miejscowo\u015bci \u0160imanovci i Schneider Elektric &nbsp;Srbija d.o.o. w Novi Beograd &nbsp;oraz odbyli spotkanie w Agencji Rozwoju Serbii w Belgradzie na temat mo\u017cliwo\u015bci inwestycyjnych.<\/p>\n<p>Atrakcyjnym punktem programu by\u0142 rejs statkiem&nbsp; po majestatycznym Dunaju oraz degustacja wy\u015bmienitych win serbskiej winnicy&nbsp;Podrum Panajotovic &#8211; Wine Cellar Panajotovicj, znajduj\u0105cej si\u0119 w wydr\u0105\u017conych w ska\u0142ach, podziemnych tunelach, kilkana\u015bcie metr\u00f3w pod \u015bcis\u0142ym centrum stolicy tego kraju a tak\u017ce degustacja lokalnej kuchni w&nbsp;Skadarlija, najpi\u0119kniejszej i najbardziej znanej dzielnicy belgradzkiego Starego Miasta.<\/p>\n<p>Bogaty program wizyty pozwoli\u0142 przedsi\u0119biorcom na nawi\u0105zanie nowych kontakt\u00f3w gospodarczych oraz poznanie kraju i jego kultury.<\/p>\n<p>Dzi\u0119kujemy firmie <a href=\"https:\/\/instytutintl.pl\/pl\/\">Instytut INTL,<\/a> cz\u0142onkowi EUROPA FORUM &nbsp;za zorganizowanie tegorocznej misji gospodarczej do Serbii.<\/p>\n<p>Galeria zdj\u0119\u0107:<\/p>\nngg_shortcode_0_placeholder\n","protected":false},"excerpt":{"rendered":"<p>W dniach 11-14 lipca 2019 firmy cz\u0142onkowskie EUROPA FORUM odby\u0142y misj\u0119 gospodarcz\u0105 do Republiki Serbii. Program pobytu przedsi\u0119biorc\u00f3w obejmowa\u0142 zar\u00f3wno aspekty gospodarcze jak i kulturalne oraz umo\u017cliwi\u0142 poznanie dziedzictwa narodowego &#8230; <a class=\"read-more\" href=\"https:\/\/europa-forum.org\/pl\/2019\/08\/misja-gospodarcza-do-serbii-juz-za-nami\/\">Czytaj wi\u0119cej<\/a><\/p>\n","protected":false},"author":67,"featured_media":22019,"comment_status":"closed","ping_status":"open","sticky":false,"template":"","format":"standard","meta":{"ngg_post_thumbnail":0,"footnotes":""},"categories":[42],"tags":[201,53,148,181,180,69,136],"class_list":["post-22022","post","type-post","status-publish","format-standard","has-post-thumbnail","hentry","category-ef-wyjazdy-przedsiebiorcow","tag-2019-pl","tag-europa-forum-wroclaw","tag-gospodarka","tag-polska-pl","tag-polsko-niemiecki-pl","tag-wroclaw","tag-wyjazdy-przedsiebiorcow"],"yoast_head":"<!-- This site is optimized with the Yoast SEO plugin v27.3 - https:\/\/yoast.com\/product\/yoast-seo-wordpress\/ -->\n<title>Misja gospodarcza do Serbii ju\u017c za nami! - EUROPA FORUM<\/title>\n<meta name=\"robots\" content=\"index, follow, max-snippet:-1, max-image-preview:large, max-video-preview:-1\" \/>\n<link rel=\"canonical\" href=\"https:\/\/europa-forum.org\/2019\/08\/das-war-ef-wirtschaftsreise-2019-nach-serbien\/\" \/>\n<meta property=\"og:locale\" content=\"pl_PL\" \/>\n<meta property=\"og:type\" content=\"article\" \/>\n<meta property=\"og:title\" content=\"Misja gospodarcza do Serbii ju\u017c za nami! - EUROPA FORUM\" \/>\n<meta property=\"og:description\" content=\"W dniach 11-14 lipca 2019 firmy cz\u0142onkowskie EUROPA FORUM odby\u0142y misj\u0119 gospodarcz\u0105 do Republiki Serbii. Program pobytu przedsi\u0119biorc\u00f3w obejmowa\u0142 zar\u00f3wno aspekty gospodarcze jak i kulturalne oraz umo\u017cliwi\u0142 poznanie dziedzictwa narodowego ... Czytaj wi\u0119cej\" \/>\n<meta property=\"og:url\" content=\"https:\/\/europa-forum.org\/2019\/08\/das-war-ef-wirtschaftsreise-2019-nach-serbien\/\" \/>\n<meta property=\"og:site_name\" content=\"EUROPA FORUM\" \/>\n<meta property=\"article:publisher\" content=\"https:\/\/www.facebook.com\/EuropaForum\/\" \/>\n<meta property=\"article:published_time\" content=\"2019-08-05T10:50:25+00:00\" \/>\n<meta property=\"article:modified_time\" content=\"2022-08-12T10:15:49+00:00\" \/>\n<meta property=\"og:image\" content=\"https:\/\/europa-forum.org\/wp-content\/uploads\/2019\/08\/ef-belgrade.jpg\" \/>\n\t<meta property=\"og:image:width\" content=\"760\" \/>\n\t<meta property=\"og:image:height\" content=\"460\" \/>\n\t<meta property=\"og:image:type\" content=\"image\/jpeg\" \/>\n<meta name=\"author\" content=\"EUROPA FORUM\" \/>\n<meta name=\"twitter:card\" content=\"summary_large_image\" \/>\n<meta name=\"twitter:label1\" content=\"Napisane przez\" \/>\n\t<meta name=\"twitter:data1\" content=\"EUROPA FORUM\" \/>\n\t<meta name=\"twitter:label2\" content=\"Szacowany czas czytania\" \/>\n\t<meta name=\"twitter:data2\" content=\"1 minuta\" \/>\n<script type=\"application\/ld+json\" class=\"yoast-schema-graph\">{\"@context\":\"https:\\\/\\\/schema.org\",\"@graph\":[{\"@type\":\"Article\",\"@id\":\"https:\\\/\\\/europa-forum.org\\\/2019\\\/08\\\/das-war-ef-wirtschaftsreise-2019-nach-serbien\\\/#article\",\"isPartOf\":{\"@id\":\"https:\\\/\\\/europa-forum.org\\\/2019\\\/08\\\/das-war-ef-wirtschaftsreise-2019-nach-serbien\\\/\"},\"author\":{\"name\":\"EUROPA FORUM\",\"@id\":\"https:\\\/\\\/europa-forum.org\\\/#\\\/schema\\\/person\\\/fbb2c3378817155a7d7c5bac3c47cf73\"},\"headline\":\"Misja gospodarcza do Serbii ju\u017c za nami!\",\"datePublished\":\"2019-08-05T10:50:25+00:00\",\"dateModified\":\"2022-08-12T10:15:49+00:00\",\"mainEntityOfPage\":{\"@id\":\"https:\\\/\\\/europa-forum.org\\\/2019\\\/08\\\/das-war-ef-wirtschaftsreise-2019-nach-serbien\\\/\"},\"wordCount\":240,\"publisher\":{\"@id\":\"https:\\\/\\\/europa-forum.org\\\/#organization\"},\"image\":{\"@id\":\"https:\\\/\\\/europa-forum.org\\\/2019\\\/08\\\/das-war-ef-wirtschaftsreise-2019-nach-serbien\\\/#primaryimage\"},\"thumbnailUrl\":\"https:\\\/\\\/europa-forum.org\\\/wp-content\\\/uploads\\\/2019\\\/08\\\/ef-belgrade.jpg\",\"keywords\":[\"2019\",\"Europa Forum Wroc\u0142aw\",\"Gospodarka\",\"Polska\",\"Polsko-Niemiecki\",\"Wroc\u0142aw\",\"Wyjazdy przedsi\u0119biorc\u00f3w\"],\"articleSection\":[\"EF Wyjazdy przedsi\u0119biorc\u00f3w\"],\"inLanguage\":\"pl-PL\"},{\"@type\":\"WebPage\",\"@id\":\"https:\\\/\\\/europa-forum.org\\\/2019\\\/08\\\/das-war-ef-wirtschaftsreise-2019-nach-serbien\\\/\",\"url\":\"https:\\\/\\\/europa-forum.org\\\/2019\\\/08\\\/das-war-ef-wirtschaftsreise-2019-nach-serbien\\\/\",\"name\":\"Misja gospodarcza do Serbii ju\u017c za nami! - EUROPA FORUM\",\"isPartOf\":{\"@id\":\"https:\\\/\\\/europa-forum.org\\\/#website\"},\"primaryImageOfPage\":{\"@id\":\"https:\\\/\\\/europa-forum.org\\\/2019\\\/08\\\/das-war-ef-wirtschaftsreise-2019-nach-serbien\\\/#primaryimage\"},\"image\":{\"@id\":\"https:\\\/\\\/europa-forum.org\\\/2019\\\/08\\\/das-war-ef-wirtschaftsreise-2019-nach-serbien\\\/#primaryimage\"},\"thumbnailUrl\":\"https:\\\/\\\/europa-forum.org\\\/wp-content\\\/uploads\\\/2019\\\/08\\\/ef-belgrade.jpg\",\"datePublished\":\"2019-08-05T10:50:25+00:00\",\"dateModified\":\"2022-08-12T10:15:49+00:00\",\"breadcrumb\":{\"@id\":\"https:\\\/\\\/europa-forum.org\\\/2019\\\/08\\\/das-war-ef-wirtschaftsreise-2019-nach-serbien\\\/#breadcrumb\"},\"inLanguage\":\"pl-PL\",\"potentialAction\":[{\"@type\":\"ReadAction\",\"target\":[\"https:\\\/\\\/europa-forum.org\\\/2019\\\/08\\\/das-war-ef-wirtschaftsreise-2019-nach-serbien\\\/\"]}]},{\"@type\":\"ImageObject\",\"inLanguage\":\"pl-PL\",\"@id\":\"https:\\\/\\\/europa-forum.org\\\/2019\\\/08\\\/das-war-ef-wirtschaftsreise-2019-nach-serbien\\\/#primaryimage\",\"url\":\"https:\\\/\\\/europa-forum.org\\\/wp-content\\\/uploads\\\/2019\\\/08\\\/ef-belgrade.jpg\",\"contentUrl\":\"https:\\\/\\\/europa-forum.org\\\/wp-content\\\/uploads\\\/2019\\\/08\\\/ef-belgrade.jpg\",\"width\":760,\"height\":460},{\"@type\":\"BreadcrumbList\",\"@id\":\"https:\\\/\\\/europa-forum.org\\\/2019\\\/08\\\/das-war-ef-wirtschaftsreise-2019-nach-serbien\\\/#breadcrumb\",\"itemListElement\":[{\"@type\":\"ListItem\",\"position\":1,\"name\":\"Home\",\"item\":\"https:\\\/\\\/europa-forum.org\\\/pl\\\/\"},{\"@type\":\"ListItem\",\"position\":2,\"name\":\"Misja gospodarcza do Serbii ju\u017c za nami!\"}]},{\"@type\":\"WebSite\",\"@id\":\"https:\\\/\\\/europa-forum.org\\\/#website\",\"url\":\"https:\\\/\\\/europa-forum.org\\\/\",\"name\":\"EUROPA FORUM\",\"description\":\"Polsko-Niemieckie Ko\u0142o Gospodarcze we Wroc\u0142awiu\",\"publisher\":{\"@id\":\"https:\\\/\\\/europa-forum.org\\\/#organization\"},\"potentialAction\":[{\"@type\":\"SearchAction\",\"target\":{\"@type\":\"EntryPoint\",\"urlTemplate\":\"https:\\\/\\\/europa-forum.org\\\/?s={search_term_string}\"},\"query-input\":{\"@type\":\"PropertyValueSpecification\",\"valueRequired\":true,\"valueName\":\"search_term_string\"}}],\"inLanguage\":\"pl-PL\"},{\"@type\":\"Organization\",\"@id\":\"https:\\\/\\\/europa-forum.org\\\/#organization\",\"name\":\"EUROPA FORUM\",\"url\":\"https:\\\/\\\/europa-forum.org\\\/\",\"logo\":{\"@type\":\"ImageObject\",\"inLanguage\":\"pl-PL\",\"@id\":\"https:\\\/\\\/europa-forum.org\\\/#\\\/schema\\\/logo\\\/image\\\/\",\"url\":\"https:\\\/\\\/storage.googleapis.com\\\/media-cloud-test-ef\\\/2024\\\/12\\\/logo-square.png\",\"contentUrl\":\"https:\\\/\\\/storage.googleapis.com\\\/media-cloud-test-ef\\\/2024\\\/12\\\/logo-square.png\",\"width\":240,\"height\":240,\"caption\":\"EUROPA FORUM\"},\"image\":{\"@id\":\"https:\\\/\\\/europa-forum.org\\\/#\\\/schema\\\/logo\\\/image\\\/\"},\"sameAs\":[\"https:\\\/\\\/www.facebook.com\\\/EuropaForum\\\/\",\"https:\\\/\\\/www.linkedin.com\\\/company\\\/europa-forum\"]},{\"@type\":\"Person\",\"@id\":\"https:\\\/\\\/europa-forum.org\\\/#\\\/schema\\\/person\\\/fbb2c3378817155a7d7c5bac3c47cf73\",\"name\":\"EUROPA FORUM\",\"image\":{\"@type\":\"ImageObject\",\"inLanguage\":\"pl-PL\",\"@id\":\"https:\\\/\\\/secure.gravatar.com\\\/avatar\\\/9ff03a7733d0a0239bab9987b763539cc183bfa59f639c0994bb261f287bd4d6?s=96&d=mm&r=g\",\"url\":\"https:\\\/\\\/secure.gravatar.com\\\/avatar\\\/9ff03a7733d0a0239bab9987b763539cc183bfa59f639c0994bb261f287bd4d6?s=96&d=mm&r=g\",\"contentUrl\":\"https:\\\/\\\/secure.gravatar.com\\\/avatar\\\/9ff03a7733d0a0239bab9987b763539cc183bfa59f639c0994bb261f287bd4d6?s=96&d=mm&r=g\",\"caption\":\"EUROPA FORUM\"}}]}<\/script>\n<!-- \/ Yoast SEO plugin. -->","yoast_head_json":{"title":"Misja gospodarcza do Serbii ju\u017c za nami! - EUROPA FORUM","robots":{"index":"index","follow":"follow","max-snippet":"max-snippet:-1","max-image-preview":"max-image-preview:large","max-video-preview":"max-video-preview:-1"},"canonical":"https:\/\/europa-forum.org\/2019\/08\/das-war-ef-wirtschaftsreise-2019-nach-serbien\/","og_locale":"pl_PL","og_type":"article","og_title":"Misja gospodarcza do Serbii ju\u017c za nami! - EUROPA FORUM","og_description":"W dniach 11-14 lipca 2019 firmy cz\u0142onkowskie EUROPA FORUM odby\u0142y misj\u0119 gospodarcz\u0105 do Republiki Serbii. Program pobytu przedsi\u0119biorc\u00f3w obejmowa\u0142 zar\u00f3wno aspekty gospodarcze jak i kulturalne oraz umo\u017cliwi\u0142 poznanie dziedzictwa narodowego ... Czytaj wi\u0119cej","og_url":"https:\/\/europa-forum.org\/2019\/08\/das-war-ef-wirtschaftsreise-2019-nach-serbien\/","og_site_name":"EUROPA FORUM","article_publisher":"https:\/\/www.facebook.com\/EuropaForum\/","article_published_time":"2019-08-05T10:50:25+00:00","article_modified_time":"2022-08-12T10:15:49+00:00","og_image":[{"width":760,"height":460,"url":"https:\/\/europa-forum.org\/wp-content\/uploads\/2019\/08\/ef-belgrade.jpg","type":"image\/jpeg"}],"author":"EUROPA FORUM","twitter_card":"summary_large_image","twitter_misc":{"Napisane przez":"EUROPA FORUM","Szacowany czas czytania":"1 minuta"},"schema":{"@context":"https:\/\/schema.org","@graph":[{"@type":"Article","@id":"https:\/\/europa-forum.org\/2019\/08\/das-war-ef-wirtschaftsreise-2019-nach-serbien\/#article","isPartOf":{"@id":"https:\/\/europa-forum.org\/2019\/08\/das-war-ef-wirtschaftsreise-2019-nach-serbien\/"},"author":{"name":"EUROPA FORUM","@id":"https:\/\/europa-forum.org\/#\/schema\/person\/fbb2c3378817155a7d7c5bac3c47cf73"},"headline":"Misja gospodarcza do Serbii ju\u017c za nami!","datePublished":"2019-08-05T10:50:25+00:00","dateModified":"2022-08-12T10:15:49+00:00","mainEntityOfPage":{"@id":"https:\/\/europa-forum.org\/2019\/08\/das-war-ef-wirtschaftsreise-2019-nach-serbien\/"},"wordCount":240,"publisher":{"@id":"https:\/\/europa-forum.org\/#organization"},"image":{"@id":"https:\/\/europa-forum.org\/2019\/08\/das-war-ef-wirtschaftsreise-2019-nach-serbien\/#primaryimage"},"thumbnailUrl":"https:\/\/europa-forum.org\/wp-content\/uploads\/2019\/08\/ef-belgrade.jpg","keywords":["2019","Europa Forum Wroc\u0142aw","Gospodarka","Polska","Polsko-Niemiecki","Wroc\u0142aw","Wyjazdy przedsi\u0119biorc\u00f3w"],"articleSection":["EF Wyjazdy przedsi\u0119biorc\u00f3w"],"inLanguage":"pl-PL"},{"@type":"WebPage","@id":"https:\/\/europa-forum.org\/2019\/08\/das-war-ef-wirtschaftsreise-2019-nach-serbien\/","url":"https:\/\/europa-forum.org\/2019\/08\/das-war-ef-wirtschaftsreise-2019-nach-serbien\/","name":"Misja gospodarcza do Serbii ju\u017c za nami! - EUROPA FORUM","isPartOf":{"@id":"https:\/\/europa-forum.org\/#website"},"primaryImageOfPage":{"@id":"https:\/\/europa-forum.org\/2019\/08\/das-war-ef-wirtschaftsreise-2019-nach-serbien\/#primaryimage"},"image":{"@id":"https:\/\/europa-forum.org\/2019\/08\/das-war-ef-wirtschaftsreise-2019-nach-serbien\/#primaryimage"},"thumbnailUrl":"https:\/\/europa-forum.org\/wp-content\/uploads\/2019\/08\/ef-belgrade.jpg","datePublished":"2019-08-05T10:50:25+00:00","dateModified":"2022-08-12T10:15:49+00:00","breadcrumb":{"@id":"https:\/\/europa-forum.org\/2019\/08\/das-war-ef-wirtschaftsreise-2019-nach-serbien\/#breadcrumb"},"inLanguage":"pl-PL","potentialAction":[{"@type":"ReadAction","target":["https:\/\/europa-forum.org\/2019\/08\/das-war-ef-wirtschaftsreise-2019-nach-serbien\/"]}]},{"@type":"ImageObject","inLanguage":"pl-PL","@id":"https:\/\/europa-forum.org\/2019\/08\/das-war-ef-wirtschaftsreise-2019-nach-serbien\/#primaryimage","url":"https:\/\/europa-forum.org\/wp-content\/uploads\/2019\/08\/ef-belgrade.jpg","contentUrl":"https:\/\/europa-forum.org\/wp-content\/uploads\/2019\/08\/ef-belgrade.jpg","width":760,"height":460},{"@type":"BreadcrumbList","@id":"https:\/\/europa-forum.org\/2019\/08\/das-war-ef-wirtschaftsreise-2019-nach-serbien\/#breadcrumb","itemListElement":[{"@type":"ListItem","position":1,"name":"Home","item":"https:\/\/europa-forum.org\/pl\/"},{"@type":"ListItem","position":2,"name":"Misja gospodarcza do Serbii ju\u017c za nami!"}]},{"@type":"WebSite","@id":"https:\/\/europa-forum.org\/#website","url":"https:\/\/europa-forum.org\/","name":"EUROPA FORUM","description":"Polsko-Niemieckie Ko\u0142o Gospodarcze we Wroc\u0142awiu","publisher":{"@id":"https:\/\/europa-forum.org\/#organization"},"potentialAction":[{"@type":"SearchAction","target":{"@type":"EntryPoint","urlTemplate":"https:\/\/europa-forum.org\/?s={search_term_string}"},"query-input":{"@type":"PropertyValueSpecification","valueRequired":true,"valueName":"search_term_string"}}],"inLanguage":"pl-PL"},{"@type":"Organization","@id":"https:\/\/europa-forum.org\/#organization","name":"EUROPA FORUM","url":"https:\/\/europa-forum.org\/","logo":{"@type":"ImageObject","inLanguage":"pl-PL","@id":"https:\/\/europa-forum.org\/#\/schema\/logo\/image\/","url":"https:\/\/storage.googleapis.com\/media-cloud-test-ef\/2024\/12\/logo-square.png","contentUrl":"https:\/\/storage.googleapis.com\/media-cloud-test-ef\/2024\/12\/logo-square.png","width":240,"height":240,"caption":"EUROPA FORUM"},"image":{"@id":"https:\/\/europa-forum.org\/#\/schema\/logo\/image\/"},"sameAs":["https:\/\/www.facebook.com\/EuropaForum\/","https:\/\/www.linkedin.com\/company\/europa-forum"]},{"@type":"Person","@id":"https:\/\/europa-forum.org\/#\/schema\/person\/fbb2c3378817155a7d7c5bac3c47cf73","name":"EUROPA FORUM","image":{"@type":"ImageObject","inLanguage":"pl-PL","@id":"https:\/\/secure.gravatar.com\/avatar\/9ff03a7733d0a0239bab9987b763539cc183bfa59f639c0994bb261f287bd4d6?s=96&d=mm&r=g","url":"https:\/\/secure.gravatar.com\/avatar\/9ff03a7733d0a0239bab9987b763539cc183bfa59f639c0994bb261f287bd4d6?s=96&d=mm&r=g","contentUrl":"https:\/\/secure.gravatar.com\/avatar\/9ff03a7733d0a0239bab9987b763539cc183bfa59f639c0994bb261f287bd4d6?s=96&d=mm&r=g","caption":"EUROPA FORUM"}}]}},"_links":{"self":[{"href":"https:\/\/europa-forum.org\/pl\/wp-json\/wp\/v2\/posts\/22022","targetHints":{"allow":["GET"]}}],"collection":[{"href":"https:\/\/europa-forum.org\/pl\/wp-json\/wp\/v2\/posts"}],"about":[{"href":"https:\/\/europa-forum.org\/pl\/wp-json\/wp\/v2\/types\/post"}],"author":[{"embeddable":true,"href":"https:\/\/europa-forum.org\/pl\/wp-json\/wp\/v2\/users\/67"}],"replies":[{"embeddable":true,"href":"https:\/\/europa-forum.org\/pl\/wp-json\/wp\/v2\/comments?post=22022"}],"version-history":[{"count":3,"href":"https:\/\/europa-forum.org\/pl\/wp-json\/wp\/v2\/posts\/22022\/revisions"}],"predecessor-version":[{"id":26379,"href":"https:\/\/europa-forum.org\/pl\/wp-json\/wp\/v2\/posts\/22022\/revisions\/26379"}],"wp:featuredmedia":[{"embeddable":true,"href":"https:\/\/europa-forum.org\/pl\/wp-json\/wp\/v2\/media\/22019"}],"wp:attachment":[{"href":"https:\/\/europa-forum.org\/pl\/wp-json\/wp\/v2\/media?parent=22022"}],"wp:term":[{"taxonomy":"category","embeddable":true,"href":"https:\/\/europa-forum.org\/pl\/wp-json\/wp\/v2\/categories?post=22022"},{"taxonomy":"post_tag","embeddable":true,"href":"https:\/\/europa-forum.org\/pl\/wp-json\/wp\/v2\/tags?post=22022"}],"curies":[{"name":"wp","href":"https:\/\/api.w.org\/{rel}","templated":true}]}}