{"id":21901,"date":"2019-07-04T13:43:42","date_gmt":"2019-07-04T12:43:42","guid":{"rendered":"https:\/\/europa-forum.org\/?p=21901"},"modified":"2019-07-11T11:57:03","modified_gmt":"2019-07-11T10:57:03","slug":"czerwcowe-spotkanie-europa-forum-juz-za-nami","status":"publish","type":"post","link":"https:\/\/europa-forum.org\/pl\/2019\/07\/czerwcowe-spotkanie-europa-forum-juz-za-nami\/","title":{"rendered":"Czerwcowe spotkanie EUROPA FORUM ju\u017c za nami"},"content":{"rendered":"<p><strong>\u201eInstytucje kultury jako czynnik rozwoju gospodarczego w aspekcie lokalnym i regionalnym\u201d<\/strong>, tak brzmia\u0142 temat czerwcowego spotkania Europa Forum, kt\u00f3re odby\u0142o si\u0119 27.06.2019 w Salonie Herz domu Oppenheim we Wroc\u0142awiu.<\/p>\n<p>Zaproszeni na spotkanie eksperci przybli\u017cyli uczestnikom znaczenie i rol\u0119 kultury w procesie rozwoju gospodarczego w aspekcie lokalnym i regionalnym.<\/p>\n<p>Dr. Matthias von H\u00fclsen, Dyrektor Generalny Krzy\u017cowa-Music gGmbH przedstawi\u0142 rol\u0119 kultury w procesie rozwoju gospodarczego opieraj\u0105c si\u0119 na konkretnych przyk\u0142adach instytucji kultury w Polsce i w Niemczech. Odpowiedzia\u0142 m.in. na pytania jak kultura zmienia infrastruktur\u0119 regionu, jak wp\u0142ywa na rozw\u00f3j spo\u0142eczny i lokalny, jak rozwija turystyk\u0119 i podnosi \u015bwiadomo\u015b\u0107 spo\u0142eczn\u0105. Przybli\u017cy\u0142 aspekt instytucji kultury jako lokalnego pracodawcy oraz czynnika podnosz\u0105cego atrakcyjno\u015b\u0107 inwestycyjn\u0105 w danym regionie.<\/p>\n<p><!--more--><\/p>\n<p>Dr. Annemarie Franke, reprezentuj\u0105ca Rad\u0119 Nadzorcz\u0105 Fundacji Krzy\u017cowa dla Porozumienia Europejskiego przybli\u017cy\u0142a znaczenie instytucji kultury w regionie i na arenie mi\u0119dzynarodowej oraz funkcjonowanie NGO bior\u0105c pod uwag\u0119 czynniki ekonomiczne oraz kwestie zwi\u0105zane z samym zatrudnieniem na wskazanym przyk\u0142adzie.<\/p>\n<p>Spotkanie mia\u0142o niezwyk\u0142y charakter. Na uczestnik\u00f3w spotkania czeka\u0142a niespodzianka muzyczna przygotowana przez Krzy\u017cow\u0105-Music. Specjalnie dla uczestnik\u00f3w spotkania wspania\u0142ym koncertem muzycznym wiecz\u00f3r ubogacili muzycy z Francji i Niemiec.<br \/>\nOlivier Robin, Francja, skrzypce<br \/>\nYannick Rafalimanana, Francja-Madagaskar, pianino<\/p>\n<p>Podczas spotkania swoje portfolio zaprezentowa\u0142y dwie firmy cz\u0142onkowskie EUROPA FORUM:<br \/>\nKrzy\u017cowa-Music gGmbH<br \/>\n1450 Smokehouse &amp; coctail<\/p>\n<p>Po spotkaniu go\u015bcie kontynuowali rozmowy podziwiaj\u0105c pi\u0119kny widok Wroc\u0142awia o zachodzie s\u0142o\u0144ca z tarasu widokowego przy Salonie Herz.<\/p>\n<p>Dzi\u0119kujemy sponsorom spotkania:<\/p>\n<p><img loading=\"lazy\" decoding=\"async\" class=\"aligncenter size-full wp-image-21896\" src=\"https:\/\/europa-forum.org\/wp-content\/uploads\/2019\/07\/loga-ef-1.jpg\" alt=\"\" width=\"400\" height=\"137\" srcset=\"https:\/\/europa-forum.org\/wp-content\/uploads\/2019\/07\/loga-ef-1-350x120.jpg 350w, https:\/\/europa-forum.org\/wp-content\/uploads\/2019\/07\/loga-ef-1.jpg 400w\" sizes=\"auto, (max-width: 400px) 100vw, 400px\" \/><\/p>\n<p><span style=\"color: red;\">SAVE THE DATE!:<\/span><br \/>\n29.08.2019 Rejs po Odrze z EUROPA FORUM<br \/>\n19.09.2019 kolacja degustacyjna w restauracji \u201e1450\u201d<br \/>\n1.09.2019 Koncert Muzyki Kameralnej Festiwalu Krzy\u017cowa Music w Krzy\u017cowej<br \/>\n26.09.2019 Spotkanie miesi\u0119czne<br \/>\n11.10.2019 EF Goes Konzert im NFM<br \/>\n24.10.2019 Spotkanie miesi\u0119czne EF<br \/>\n28.11.2019 Spotkanie miesi\u0119czne EF<\/p>\n<p>Galeria zdj\u0119\u0107:<\/p>\nngg_shortcode_0_placeholder\n","protected":false},"excerpt":{"rendered":"<p>\u201eInstytucje kultury jako czynnik rozwoju gospodarczego w aspekcie lokalnym i regionalnym\u201d, tak brzmia\u0142 temat czerwcowego spotkania Europa Forum, kt\u00f3re odby\u0142o si\u0119 27.06.2019 w Salonie Herz domu Oppenheim we Wroc\u0142awiu. Zaproszeni &#8230; <a class=\"read-more\" href=\"https:\/\/europa-forum.org\/pl\/2019\/07\/czerwcowe-spotkanie-europa-forum-juz-za-nami\/\">Czytaj wi\u0119cej<\/a><\/p>\n","protected":false},"author":67,"featured_media":21899,"comment_status":"closed","ping_status":"open","sticky":false,"template":"","format":"standard","meta":{"ngg_post_thumbnail":0,"footnotes":""},"categories":[36],"tags":[201,53,148,182,181,180,69],"class_list":["post-21901","post","type-post","status-publish","format-standard","has-post-thumbnail","hentry","category-aktualnosci-stowarzyszenia","tag-2019-pl","tag-europa-forum-wroclaw","tag-gospodarka","tag-kolo-gospodarcze-pl","tag-polska-pl","tag-polsko-niemiecki-pl","tag-wroclaw"],"yoast_head":"<!-- This site is optimized with the Yoast SEO plugin v27.3 - https:\/\/yoast.com\/product\/yoast-seo-wordpress\/ -->\n<title>Czerwcowe spotkanie EUROPA FORUM ju\u017c za nami - EUROPA FORUM<\/title>\n<meta name=\"robots\" content=\"index, follow, max-snippet:-1, max-image-preview:large, max-video-preview:-1\" \/>\n<link rel=\"canonical\" href=\"https:\/\/europa-forum.org\/2019\/07\/das-war-das-ef-treffen-im-juni\/\" \/>\n<meta property=\"og:locale\" content=\"pl_PL\" \/>\n<meta property=\"og:type\" content=\"article\" \/>\n<meta property=\"og:title\" content=\"Czerwcowe spotkanie EUROPA FORUM ju\u017c za nami - EUROPA FORUM\" \/>\n<meta property=\"og:description\" content=\"\u201eInstytucje kultury jako czynnik rozwoju gospodarczego w aspekcie lokalnym i regionalnym\u201d, tak brzmia\u0142 temat czerwcowego spotkania Europa Forum, kt\u00f3re odby\u0142o si\u0119 27.06.2019 w Salonie Herz domu Oppenheim we Wroc\u0142awiu. Zaproszeni ... Czytaj wi\u0119cej\" \/>\n<meta property=\"og:url\" content=\"https:\/\/europa-forum.org\/2019\/07\/das-war-das-ef-treffen-im-juni\/\" \/>\n<meta property=\"og:site_name\" content=\"EUROPA FORUM\" \/>\n<meta property=\"article:publisher\" content=\"https:\/\/www.facebook.com\/EuropaForum\/\" \/>\n<meta property=\"article:published_time\" content=\"2019-07-04T12:43:42+00:00\" \/>\n<meta property=\"article:modified_time\" content=\"2019-07-11T10:57:03+00:00\" \/>\n<meta property=\"og:image\" content=\"https:\/\/europa-forum.org\/wp-content\/uploads\/2019\/07\/f6.jpg\" \/>\n\t<meta property=\"og:image:width\" content=\"2016\" \/>\n\t<meta property=\"og:image:height\" content=\"1512\" \/>\n\t<meta property=\"og:image:type\" content=\"image\/jpeg\" \/>\n<meta name=\"author\" content=\"EUROPA FORUM\" \/>\n<meta name=\"twitter:card\" content=\"summary_large_image\" \/>\n<meta name=\"twitter:label1\" content=\"Napisane przez\" \/>\n\t<meta name=\"twitter:data1\" content=\"EUROPA FORUM\" \/>\n\t<meta name=\"twitter:label2\" content=\"Szacowany czas czytania\" \/>\n\t<meta name=\"twitter:data2\" content=\"2 minuty\" \/>\n<script type=\"application\/ld+json\" class=\"yoast-schema-graph\">{\"@context\":\"https:\\\/\\\/schema.org\",\"@graph\":[{\"@type\":\"Article\",\"@id\":\"https:\\\/\\\/europa-forum.org\\\/2019\\\/07\\\/das-war-das-ef-treffen-im-juni\\\/#article\",\"isPartOf\":{\"@id\":\"https:\\\/\\\/europa-forum.org\\\/2019\\\/07\\\/das-war-das-ef-treffen-im-juni\\\/\"},\"author\":{\"name\":\"EUROPA FORUM\",\"@id\":\"https:\\\/\\\/europa-forum.org\\\/#\\\/schema\\\/person\\\/fbb2c3378817155a7d7c5bac3c47cf73\"},\"headline\":\"Czerwcowe spotkanie EUROPA FORUM ju\u017c za nami\",\"datePublished\":\"2019-07-04T12:43:42+00:00\",\"dateModified\":\"2019-07-11T10:57:03+00:00\",\"mainEntityOfPage\":{\"@id\":\"https:\\\/\\\/europa-forum.org\\\/2019\\\/07\\\/das-war-das-ef-treffen-im-juni\\\/\"},\"wordCount\":320,\"publisher\":{\"@id\":\"https:\\\/\\\/europa-forum.org\\\/#organization\"},\"image\":{\"@id\":\"https:\\\/\\\/europa-forum.org\\\/2019\\\/07\\\/das-war-das-ef-treffen-im-juni\\\/#primaryimage\"},\"thumbnailUrl\":\"https:\\\/\\\/europa-forum.org\\\/wp-content\\\/uploads\\\/2019\\\/07\\\/f6.jpg\",\"keywords\":[\"2019\",\"Europa Forum Wroc\u0142aw\",\"Gospodarka\",\"Ko\u0142o gospodarcze\",\"Polska\",\"Polsko-Niemiecki\",\"Wroc\u0142aw\"],\"articleSection\":[\"AKTUALNO\u015aCI STOWARZYSZENIA\"],\"inLanguage\":\"pl-PL\"},{\"@type\":\"WebPage\",\"@id\":\"https:\\\/\\\/europa-forum.org\\\/2019\\\/07\\\/das-war-das-ef-treffen-im-juni\\\/\",\"url\":\"https:\\\/\\\/europa-forum.org\\\/2019\\\/07\\\/das-war-das-ef-treffen-im-juni\\\/\",\"name\":\"Czerwcowe spotkanie EUROPA FORUM ju\u017c za nami - EUROPA FORUM\",\"isPartOf\":{\"@id\":\"https:\\\/\\\/europa-forum.org\\\/#website\"},\"primaryImageOfPage\":{\"@id\":\"https:\\\/\\\/europa-forum.org\\\/2019\\\/07\\\/das-war-das-ef-treffen-im-juni\\\/#primaryimage\"},\"image\":{\"@id\":\"https:\\\/\\\/europa-forum.org\\\/2019\\\/07\\\/das-war-das-ef-treffen-im-juni\\\/#primaryimage\"},\"thumbnailUrl\":\"https:\\\/\\\/europa-forum.org\\\/wp-content\\\/uploads\\\/2019\\\/07\\\/f6.jpg\",\"datePublished\":\"2019-07-04T12:43:42+00:00\",\"dateModified\":\"2019-07-11T10:57:03+00:00\",\"breadcrumb\":{\"@id\":\"https:\\\/\\\/europa-forum.org\\\/2019\\\/07\\\/das-war-das-ef-treffen-im-juni\\\/#breadcrumb\"},\"inLanguage\":\"pl-PL\",\"potentialAction\":[{\"@type\":\"ReadAction\",\"target\":[\"https:\\\/\\\/europa-forum.org\\\/2019\\\/07\\\/das-war-das-ef-treffen-im-juni\\\/\"]}]},{\"@type\":\"ImageObject\",\"inLanguage\":\"pl-PL\",\"@id\":\"https:\\\/\\\/europa-forum.org\\\/2019\\\/07\\\/das-war-das-ef-treffen-im-juni\\\/#primaryimage\",\"url\":\"https:\\\/\\\/europa-forum.org\\\/wp-content\\\/uploads\\\/2019\\\/07\\\/f6.jpg\",\"contentUrl\":\"https:\\\/\\\/europa-forum.org\\\/wp-content\\\/uploads\\\/2019\\\/07\\\/f6.jpg\",\"width\":2016,\"height\":1512},{\"@type\":\"BreadcrumbList\",\"@id\":\"https:\\\/\\\/europa-forum.org\\\/2019\\\/07\\\/das-war-das-ef-treffen-im-juni\\\/#breadcrumb\",\"itemListElement\":[{\"@type\":\"ListItem\",\"position\":1,\"name\":\"Home\",\"item\":\"https:\\\/\\\/europa-forum.org\\\/pl\\\/\"},{\"@type\":\"ListItem\",\"position\":2,\"name\":\"Czerwcowe spotkanie EUROPA FORUM ju\u017c za nami\"}]},{\"@type\":\"WebSite\",\"@id\":\"https:\\\/\\\/europa-forum.org\\\/#website\",\"url\":\"https:\\\/\\\/europa-forum.org\\\/\",\"name\":\"EUROPA FORUM\",\"description\":\"Polsko-Niemieckie Ko\u0142o Gospodarcze we Wroc\u0142awiu\",\"publisher\":{\"@id\":\"https:\\\/\\\/europa-forum.org\\\/#organization\"},\"potentialAction\":[{\"@type\":\"SearchAction\",\"target\":{\"@type\":\"EntryPoint\",\"urlTemplate\":\"https:\\\/\\\/europa-forum.org\\\/?s={search_term_string}\"},\"query-input\":{\"@type\":\"PropertyValueSpecification\",\"valueRequired\":true,\"valueName\":\"search_term_string\"}}],\"inLanguage\":\"pl-PL\"},{\"@type\":\"Organization\",\"@id\":\"https:\\\/\\\/europa-forum.org\\\/#organization\",\"name\":\"EUROPA FORUM\",\"url\":\"https:\\\/\\\/europa-forum.org\\\/\",\"logo\":{\"@type\":\"ImageObject\",\"inLanguage\":\"pl-PL\",\"@id\":\"https:\\\/\\\/europa-forum.org\\\/#\\\/schema\\\/logo\\\/image\\\/\",\"url\":\"https:\\\/\\\/storage.googleapis.com\\\/media-cloud-test-ef\\\/2024\\\/12\\\/logo-square.png\",\"contentUrl\":\"https:\\\/\\\/storage.googleapis.com\\\/media-cloud-test-ef\\\/2024\\\/12\\\/logo-square.png\",\"width\":240,\"height\":240,\"caption\":\"EUROPA FORUM\"},\"image\":{\"@id\":\"https:\\\/\\\/europa-forum.org\\\/#\\\/schema\\\/logo\\\/image\\\/\"},\"sameAs\":[\"https:\\\/\\\/www.facebook.com\\\/EuropaForum\\\/\",\"https:\\\/\\\/www.linkedin.com\\\/company\\\/europa-forum\"]},{\"@type\":\"Person\",\"@id\":\"https:\\\/\\\/europa-forum.org\\\/#\\\/schema\\\/person\\\/fbb2c3378817155a7d7c5bac3c47cf73\",\"name\":\"EUROPA FORUM\",\"image\":{\"@type\":\"ImageObject\",\"inLanguage\":\"pl-PL\",\"@id\":\"https:\\\/\\\/secure.gravatar.com\\\/avatar\\\/9ff03a7733d0a0239bab9987b763539cc183bfa59f639c0994bb261f287bd4d6?s=96&d=mm&r=g\",\"url\":\"https:\\\/\\\/secure.gravatar.com\\\/avatar\\\/9ff03a7733d0a0239bab9987b763539cc183bfa59f639c0994bb261f287bd4d6?s=96&d=mm&r=g\",\"contentUrl\":\"https:\\\/\\\/secure.gravatar.com\\\/avatar\\\/9ff03a7733d0a0239bab9987b763539cc183bfa59f639c0994bb261f287bd4d6?s=96&d=mm&r=g\",\"caption\":\"EUROPA FORUM\"}}]}<\/script>\n<!-- \/ Yoast SEO plugin. -->","yoast_head_json":{"title":"Czerwcowe spotkanie EUROPA FORUM ju\u017c za nami - EUROPA FORUM","robots":{"index":"index","follow":"follow","max-snippet":"max-snippet:-1","max-image-preview":"max-image-preview:large","max-video-preview":"max-video-preview:-1"},"canonical":"https:\/\/europa-forum.org\/2019\/07\/das-war-das-ef-treffen-im-juni\/","og_locale":"pl_PL","og_type":"article","og_title":"Czerwcowe spotkanie EUROPA FORUM ju\u017c za nami - EUROPA FORUM","og_description":"\u201eInstytucje kultury jako czynnik rozwoju gospodarczego w aspekcie lokalnym i regionalnym\u201d, tak brzmia\u0142 temat czerwcowego spotkania Europa Forum, kt\u00f3re odby\u0142o si\u0119 27.06.2019 w Salonie Herz domu Oppenheim we Wroc\u0142awiu. Zaproszeni ... Czytaj wi\u0119cej","og_url":"https:\/\/europa-forum.org\/2019\/07\/das-war-das-ef-treffen-im-juni\/","og_site_name":"EUROPA FORUM","article_publisher":"https:\/\/www.facebook.com\/EuropaForum\/","article_published_time":"2019-07-04T12:43:42+00:00","article_modified_time":"2019-07-11T10:57:03+00:00","og_image":[{"width":2016,"height":1512,"url":"https:\/\/europa-forum.org\/wp-content\/uploads\/2019\/07\/f6.jpg","type":"image\/jpeg"}],"author":"EUROPA FORUM","twitter_card":"summary_large_image","twitter_misc":{"Napisane przez":"EUROPA FORUM","Szacowany czas czytania":"2 minuty"},"schema":{"@context":"https:\/\/schema.org","@graph":[{"@type":"Article","@id":"https:\/\/europa-forum.org\/2019\/07\/das-war-das-ef-treffen-im-juni\/#article","isPartOf":{"@id":"https:\/\/europa-forum.org\/2019\/07\/das-war-das-ef-treffen-im-juni\/"},"author":{"name":"EUROPA FORUM","@id":"https:\/\/europa-forum.org\/#\/schema\/person\/fbb2c3378817155a7d7c5bac3c47cf73"},"headline":"Czerwcowe spotkanie EUROPA FORUM ju\u017c za nami","datePublished":"2019-07-04T12:43:42+00:00","dateModified":"2019-07-11T10:57:03+00:00","mainEntityOfPage":{"@id":"https:\/\/europa-forum.org\/2019\/07\/das-war-das-ef-treffen-im-juni\/"},"wordCount":320,"publisher":{"@id":"https:\/\/europa-forum.org\/#organization"},"image":{"@id":"https:\/\/europa-forum.org\/2019\/07\/das-war-das-ef-treffen-im-juni\/#primaryimage"},"thumbnailUrl":"https:\/\/europa-forum.org\/wp-content\/uploads\/2019\/07\/f6.jpg","keywords":["2019","Europa Forum Wroc\u0142aw","Gospodarka","Ko\u0142o gospodarcze","Polska","Polsko-Niemiecki","Wroc\u0142aw"],"articleSection":["AKTUALNO\u015aCI STOWARZYSZENIA"],"inLanguage":"pl-PL"},{"@type":"WebPage","@id":"https:\/\/europa-forum.org\/2019\/07\/das-war-das-ef-treffen-im-juni\/","url":"https:\/\/europa-forum.org\/2019\/07\/das-war-das-ef-treffen-im-juni\/","name":"Czerwcowe spotkanie EUROPA FORUM ju\u017c za nami - EUROPA FORUM","isPartOf":{"@id":"https:\/\/europa-forum.org\/#website"},"primaryImageOfPage":{"@id":"https:\/\/europa-forum.org\/2019\/07\/das-war-das-ef-treffen-im-juni\/#primaryimage"},"image":{"@id":"https:\/\/europa-forum.org\/2019\/07\/das-war-das-ef-treffen-im-juni\/#primaryimage"},"thumbnailUrl":"https:\/\/europa-forum.org\/wp-content\/uploads\/2019\/07\/f6.jpg","datePublished":"2019-07-04T12:43:42+00:00","dateModified":"2019-07-11T10:57:03+00:00","breadcrumb":{"@id":"https:\/\/europa-forum.org\/2019\/07\/das-war-das-ef-treffen-im-juni\/#breadcrumb"},"inLanguage":"pl-PL","potentialAction":[{"@type":"ReadAction","target":["https:\/\/europa-forum.org\/2019\/07\/das-war-das-ef-treffen-im-juni\/"]}]},{"@type":"ImageObject","inLanguage":"pl-PL","@id":"https:\/\/europa-forum.org\/2019\/07\/das-war-das-ef-treffen-im-juni\/#primaryimage","url":"https:\/\/europa-forum.org\/wp-content\/uploads\/2019\/07\/f6.jpg","contentUrl":"https:\/\/europa-forum.org\/wp-content\/uploads\/2019\/07\/f6.jpg","width":2016,"height":1512},{"@type":"BreadcrumbList","@id":"https:\/\/europa-forum.org\/2019\/07\/das-war-das-ef-treffen-im-juni\/#breadcrumb","itemListElement":[{"@type":"ListItem","position":1,"name":"Home","item":"https:\/\/europa-forum.org\/pl\/"},{"@type":"ListItem","position":2,"name":"Czerwcowe spotkanie EUROPA FORUM ju\u017c za nami"}]},{"@type":"WebSite","@id":"https:\/\/europa-forum.org\/#website","url":"https:\/\/europa-forum.org\/","name":"EUROPA FORUM","description":"Polsko-Niemieckie Ko\u0142o Gospodarcze we Wroc\u0142awiu","publisher":{"@id":"https:\/\/europa-forum.org\/#organization"},"potentialAction":[{"@type":"SearchAction","target":{"@type":"EntryPoint","urlTemplate":"https:\/\/europa-forum.org\/?s={search_term_string}"},"query-input":{"@type":"PropertyValueSpecification","valueRequired":true,"valueName":"search_term_string"}}],"inLanguage":"pl-PL"},{"@type":"Organization","@id":"https:\/\/europa-forum.org\/#organization","name":"EUROPA FORUM","url":"https:\/\/europa-forum.org\/","logo":{"@type":"ImageObject","inLanguage":"pl-PL","@id":"https:\/\/europa-forum.org\/#\/schema\/logo\/image\/","url":"https:\/\/storage.googleapis.com\/media-cloud-test-ef\/2024\/12\/logo-square.png","contentUrl":"https:\/\/storage.googleapis.com\/media-cloud-test-ef\/2024\/12\/logo-square.png","width":240,"height":240,"caption":"EUROPA FORUM"},"image":{"@id":"https:\/\/europa-forum.org\/#\/schema\/logo\/image\/"},"sameAs":["https:\/\/www.facebook.com\/EuropaForum\/","https:\/\/www.linkedin.com\/company\/europa-forum"]},{"@type":"Person","@id":"https:\/\/europa-forum.org\/#\/schema\/person\/fbb2c3378817155a7d7c5bac3c47cf73","name":"EUROPA FORUM","image":{"@type":"ImageObject","inLanguage":"pl-PL","@id":"https:\/\/secure.gravatar.com\/avatar\/9ff03a7733d0a0239bab9987b763539cc183bfa59f639c0994bb261f287bd4d6?s=96&d=mm&r=g","url":"https:\/\/secure.gravatar.com\/avatar\/9ff03a7733d0a0239bab9987b763539cc183bfa59f639c0994bb261f287bd4d6?s=96&d=mm&r=g","contentUrl":"https:\/\/secure.gravatar.com\/avatar\/9ff03a7733d0a0239bab9987b763539cc183bfa59f639c0994bb261f287bd4d6?s=96&d=mm&r=g","caption":"EUROPA FORUM"}}]}},"_links":{"self":[{"href":"https:\/\/europa-forum.org\/pl\/wp-json\/wp\/v2\/posts\/21901","targetHints":{"allow":["GET"]}}],"collection":[{"href":"https:\/\/europa-forum.org\/pl\/wp-json\/wp\/v2\/posts"}],"about":[{"href":"https:\/\/europa-forum.org\/pl\/wp-json\/wp\/v2\/types\/post"}],"author":[{"embeddable":true,"href":"https:\/\/europa-forum.org\/pl\/wp-json\/wp\/v2\/users\/67"}],"replies":[{"embeddable":true,"href":"https:\/\/europa-forum.org\/pl\/wp-json\/wp\/v2\/comments?post=21901"}],"version-history":[{"count":3,"href":"https:\/\/europa-forum.org\/pl\/wp-json\/wp\/v2\/posts\/21901\/revisions"}],"predecessor-version":[{"id":21930,"href":"https:\/\/europa-forum.org\/pl\/wp-json\/wp\/v2\/posts\/21901\/revisions\/21930"}],"wp:featuredmedia":[{"embeddable":true,"href":"https:\/\/europa-forum.org\/pl\/wp-json\/wp\/v2\/media\/21899"}],"wp:attachment":[{"href":"https:\/\/europa-forum.org\/pl\/wp-json\/wp\/v2\/media?parent=21901"}],"wp:term":[{"taxonomy":"category","embeddable":true,"href":"https:\/\/europa-forum.org\/pl\/wp-json\/wp\/v2\/categories?post=21901"},{"taxonomy":"post_tag","embeddable":true,"href":"https:\/\/europa-forum.org\/pl\/wp-json\/wp\/v2\/tags?post=21901"}],"curies":[{"name":"wp","href":"https:\/\/api.w.org\/{rel}","templated":true}]}}