{"id":15666,"date":"2017-12-19T12:07:27","date_gmt":"2017-12-19T12:07:27","guid":{"rendered":"http:\/\/europa-forum.org\/?p=15666"},"modified":"2018-02-20T10:32:28","modified_gmt":"2018-02-20T09:32:28","slug":"witamy-nowa-firme-czlonkowska-avanta-audit","status":"publish","type":"post","link":"https:\/\/europa-forum.org\/pl\/2017\/12\/witamy-nowa-firme-czlonkowska-avanta-audit\/","title":{"rendered":"Witamy now\u0105 firm\u0119 cz\u0142onkowsk\u0105 \u2013 AVANTA AUDIT"},"content":{"rendered":"<p>EUROPA FORUM przedstawia:<\/p>\n<p><strong>Avanta Audit Sp. z o.o. Sp. k.<\/strong><\/p>\n<p>&nbsp;<\/p>\n<p>Od 09\/2017 mo\u017cemy powita\u0107 firm\u0119&nbsp;<em>Avanta Audit Sp. z o.o. Sp. k. <\/em>z siedzib\u0105 we Wroc\u0142awiu, jako nasz\u0105 now\u0105 firm\u0119 cz\u0142onkowsk\u0105.<\/p>\n<p>\u201eAVANTA jest nowoczesn\u0105 firm\u0105 audytorsko-doradcz\u0105, oferuj\u0105c\u0105 Pa\u0144stwu unikalny model wsp\u00f3\u0142pracy. \u0141\u0105czymy konserwatywne podej\u015bcie stawiaj\u0105ce sobie za cel odpowiednie zabezpieczenie interesu inwestor\u00f3w i wierzycieli oraz zindywidualizowany plan i proces obs\u0142ugi, dostosowany do skali i charakterystyki jednostki oraz formu\u0142owanych przez ni\u0105 oczekiwa\u0144.<\/p>\n<p><!--more--><\/p>\n<p>AVANTA to grupa specjalist\u00f3w wywodz\u0105cych si\u0119 z najwi\u0119kszych mi\u0119dzynarodowych firm doradczych, zesp\u00f3\u0142 ekspert\u00f3w dysponuj\u0105cych wieloletni\u0105 praktyk\u0105 i do\u015bwiadczeniem zawodowym oraz odpowiedni\u0105 wiedz\u0105 fachow\u0105, zdobyt\u0105 w trakcie realizacji projekt\u00f3w na rzecz najwi\u0119kszych podmiot\u00f3w krajowych i zagranicznych.<\/p>\n<p>Proponujemy Pa\u0144stwu filozofi\u0119 dzia\u0142ania, kt\u00f3rej podstaw\u0105 jest otwarta komunikacja oraz nieskr\u0119powany przep\u0142yw informacji. Stawiamy do Pa\u0144stwa dyspozycji doradc\u00f3w o najwy\u017cszych kompetencjach.<\/p>\n<p>Zapewniamy Pa\u0144stwu kompleksowe wsparcie merytoryczne poprzez wsp\u00f3\u0142prac\u0119 ze specjalistami z wiod\u0105cych kancelarii prawnych, firm doradztwa podatkowego, biur rachunkowych, ekspert\u00f3w wyceny nieruchomo\u015bci oraz innych dyscyplin.<\/p>\n<p>GERMAN DESK. Zesp\u00f3\u0142 German Desk to grupa specjalist\u00f3w dedykowana do obs\u0142ugi klient\u00f3w z kraj\u00f3w niemieckiego obszaru j\u0119zykowego. Pracownicy zespo\u0142u German Desk dysponuj\u0105 wieloletnim do\u015bwiadczeniem w obs\u0142udze przedsi\u0119biorstw z wielu bran\u017c. Swoje do\u015bwiadczenie zdobywali oni \u015bwiadcz\u0105c us\u0142ugi audytorskie i realizuj\u0105c projekty doradcze dla inwestor\u00f3w z Niemiec, Austrii i Szwajcarii w AVANTA Audit oraz w mi\u0119dzynarodowych firmach konsultingowych.\u201d<\/p>\n<p>Po dalsze informacje odsy\u0142amy na <a href=\"http:\/\/www.avanta-audit.pl\/\">stron\u0119 internetow\u0105 firmy<\/a>.<\/p>\n<p>W naszej sekcji <a href=\"\/?page_id=1582\">Nowi Cz\u0142onkowie<\/a> przedstawiamy Pa\u0144stwu partnera kancelarii i bieg\u0142ego rewidenta \u2013 p. Wojciecha Baucz, kt\u00f3ry jest r\u00f3wniez odpowiedzialny za <em>german desk<\/em>:<\/p>\n<p><a href=\"https:\/\/europa-forum.org\/wp-content\/uploads\/2017\/12\/avanta_logo_png.png\"><img loading=\"lazy\" decoding=\"async\" class=\"alignleft size-full wp-image-15568\" src=\"https:\/\/europa-forum.org\/wp-content\/uploads\/2017\/12\/avanta_logo_png.png\" alt=\"\" width=\"200\" height=\"122\"><\/a><\/p>\n<p>&nbsp;<\/p>\n<p>&nbsp;<\/p>\n<p>&nbsp;<\/p>\n<p>&nbsp;<\/p>\n<p><a href=\"https:\/\/europa-forum.org\/wp-content\/uploads\/2017\/12\/wojciech_baucz.jpg\"><img loading=\"lazy\" decoding=\"async\" class=\"alignleft size-full wp-image-15571\" src=\"https:\/\/europa-forum.org\/wp-content\/uploads\/2017\/12\/wojciech_baucz.jpg\" alt=\"\" width=\"200\" height=\"254\"><\/a><\/p>\n<p>&nbsp;<\/p>\n<p>&nbsp;<\/p>\n<p>&nbsp;<\/p>\n<p>&nbsp;<\/p>\n<p>&nbsp;<\/p>\n<p>&nbsp;<\/p>\n<p>&nbsp;<\/p>\n<p><em>\u201eJeste\u015bmy cz\u0142onkiem Europa Forum, poniewa\u017c&nbsp;to idealne forum do wymiany do\u015bwiadcze\u0144 i oraz poznania os\u00f3b, kt\u00f3re zwi\u0105zane s\u0105 z szeroko rozumian\u0105 wsp\u00f3\u0142prac\u0105 polsko-niemieck\u0105.\u201d<\/em><\/p>\n<p>Serdecznie witamy w naszym kr\u0119gu i \u017cyczymy owocnej wsp\u00f3\u0142pracy!<\/p>\n","protected":false},"excerpt":{"rendered":"<p>EUROPA FORUM przedstawia: Avanta Audit Sp. z o.o. Sp. k. &nbsp; Od 09\/2017 mo\u017cemy powita\u0107 firm\u0119&nbsp;Avanta Audit Sp. z o.o. Sp. k. z siedzib\u0105 we Wroc\u0142awiu, jako nasz\u0105 now\u0105 firm\u0119 &#8230; <a class=\"read-more\" href=\"https:\/\/europa-forum.org\/pl\/2017\/12\/witamy-nowa-firme-czlonkowska-avanta-audit\/\">Czytaj wi\u0119cej<\/a><\/p>\n","protected":false},"author":34,"featured_media":15570,"comment_status":"closed","ping_status":"open","sticky":false,"template":"","format":"standard","meta":{"ngg_post_thumbnail":0,"footnotes":""},"categories":[46,36],"tags":[168,182],"class_list":["post-15666","post","type-post","status-publish","format-standard","has-post-thumbnail","hentry","category-aktualnosci-czlonkow","category-aktualnosci-stowarzyszenia","tag-2017-pl","tag-kolo-gospodarcze-pl"],"yoast_head":"<!-- This site is optimized with the Yoast SEO plugin v27.3 - https:\/\/yoast.com\/product\/yoast-seo-wordpress\/ -->\n<title>Witamy now\u0105 firm\u0119 cz\u0142onkowsk\u0105 \u2013 AVANTA AUDIT - EUROPA FORUM<\/title>\n<meta name=\"robots\" content=\"index, follow, max-snippet:-1, max-image-preview:large, max-video-preview:-1\" \/>\n<link rel=\"canonical\" href=\"https:\/\/europa-forum.org\/2017\/12\/wir-begruessen-unsere-neue-mitgliedsfirma-avanta-audit\/\" \/>\n<meta property=\"og:locale\" content=\"pl_PL\" \/>\n<meta property=\"og:type\" content=\"article\" \/>\n<meta property=\"og:title\" content=\"Witamy now\u0105 firm\u0119 cz\u0142onkowsk\u0105 \u2013 AVANTA AUDIT - EUROPA FORUM\" \/>\n<meta property=\"og:description\" content=\"EUROPA FORUM przedstawia: Avanta Audit Sp. z o.o. Sp. k. &nbsp; Od 09\/2017 mo\u017cemy powita\u0107 firm\u0119&nbsp;Avanta Audit Sp. z o.o. Sp. k. z siedzib\u0105 we Wroc\u0142awiu, jako nasz\u0105 now\u0105 firm\u0119 ... Czytaj wi\u0119cej\" \/>\n<meta property=\"og:url\" content=\"https:\/\/europa-forum.org\/2017\/12\/wir-begruessen-unsere-neue-mitgliedsfirma-avanta-audit\/\" \/>\n<meta property=\"og:site_name\" content=\"EUROPA FORUM\" \/>\n<meta property=\"article:publisher\" content=\"https:\/\/www.facebook.com\/EuropaForum\/\" \/>\n<meta property=\"article:published_time\" content=\"2017-12-19T12:07:27+00:00\" \/>\n<meta property=\"article:modified_time\" content=\"2018-02-20T09:32:28+00:00\" \/>\n<meta property=\"og:image\" content=\"https:\/\/europa-forum.org\/wp-content\/uploads\/2017\/12\/avanta_logo_png.png\" \/>\n\t<meta property=\"og:image:width\" content=\"200\" \/>\n\t<meta property=\"og:image:height\" content=\"122\" \/>\n\t<meta property=\"og:image:type\" content=\"image\/png\" \/>\n<meta name=\"author\" content=\"Web EUROPA FORUM\" \/>\n<meta name=\"twitter:card\" content=\"summary_large_image\" \/>\n<meta name=\"twitter:label1\" content=\"Napisane przez\" \/>\n\t<meta name=\"twitter:data1\" content=\"Web EUROPA FORUM\" \/>\n\t<meta name=\"twitter:label2\" content=\"Szacowany czas czytania\" \/>\n\t<meta name=\"twitter:data2\" content=\"2 minuty\" \/>\n<script type=\"application\/ld+json\" class=\"yoast-schema-graph\">{\"@context\":\"https:\\\/\\\/schema.org\",\"@graph\":[{\"@type\":\"Article\",\"@id\":\"https:\\\/\\\/europa-forum.org\\\/2017\\\/12\\\/wir-begruessen-unsere-neue-mitgliedsfirma-avanta-audit\\\/#article\",\"isPartOf\":{\"@id\":\"https:\\\/\\\/europa-forum.org\\\/2017\\\/12\\\/wir-begruessen-unsere-neue-mitgliedsfirma-avanta-audit\\\/\"},\"author\":{\"name\":\"Web EUROPA FORUM\",\"@id\":\"https:\\\/\\\/europa-forum.org\\\/#\\\/schema\\\/person\\\/78941253d03fdc931167811f69ae5afc\"},\"headline\":\"Witamy now\u0105 firm\u0119 cz\u0142onkowsk\u0105 \u2013 AVANTA AUDIT\",\"datePublished\":\"2017-12-19T12:07:27+00:00\",\"dateModified\":\"2018-02-20T09:32:28+00:00\",\"mainEntityOfPage\":{\"@id\":\"https:\\\/\\\/europa-forum.org\\\/2017\\\/12\\\/wir-begruessen-unsere-neue-mitgliedsfirma-avanta-audit\\\/\"},\"wordCount\":355,\"publisher\":{\"@id\":\"https:\\\/\\\/europa-forum.org\\\/#organization\"},\"image\":{\"@id\":\"https:\\\/\\\/europa-forum.org\\\/2017\\\/12\\\/wir-begruessen-unsere-neue-mitgliedsfirma-avanta-audit\\\/#primaryimage\"},\"thumbnailUrl\":\"https:\\\/\\\/europa-forum.org\\\/wp-content\\\/uploads\\\/2017\\\/12\\\/avanta_logo_png.png\",\"keywords\":[\"2017\",\"Ko\u0142o gospodarcze\"],\"articleSection\":[\"Aktualno\u015bci cz\u0142onk\u00f3w\",\"AKTUALNO\u015aCI STOWARZYSZENIA\"],\"inLanguage\":\"pl-PL\"},{\"@type\":\"WebPage\",\"@id\":\"https:\\\/\\\/europa-forum.org\\\/2017\\\/12\\\/wir-begruessen-unsere-neue-mitgliedsfirma-avanta-audit\\\/\",\"url\":\"https:\\\/\\\/europa-forum.org\\\/2017\\\/12\\\/wir-begruessen-unsere-neue-mitgliedsfirma-avanta-audit\\\/\",\"name\":\"Witamy now\u0105 firm\u0119 cz\u0142onkowsk\u0105 \u2013 AVANTA AUDIT - EUROPA FORUM\",\"isPartOf\":{\"@id\":\"https:\\\/\\\/europa-forum.org\\\/#website\"},\"primaryImageOfPage\":{\"@id\":\"https:\\\/\\\/europa-forum.org\\\/2017\\\/12\\\/wir-begruessen-unsere-neue-mitgliedsfirma-avanta-audit\\\/#primaryimage\"},\"image\":{\"@id\":\"https:\\\/\\\/europa-forum.org\\\/2017\\\/12\\\/wir-begruessen-unsere-neue-mitgliedsfirma-avanta-audit\\\/#primaryimage\"},\"thumbnailUrl\":\"https:\\\/\\\/europa-forum.org\\\/wp-content\\\/uploads\\\/2017\\\/12\\\/avanta_logo_png.png\",\"datePublished\":\"2017-12-19T12:07:27+00:00\",\"dateModified\":\"2018-02-20T09:32:28+00:00\",\"breadcrumb\":{\"@id\":\"https:\\\/\\\/europa-forum.org\\\/2017\\\/12\\\/wir-begruessen-unsere-neue-mitgliedsfirma-avanta-audit\\\/#breadcrumb\"},\"inLanguage\":\"pl-PL\",\"potentialAction\":[{\"@type\":\"ReadAction\",\"target\":[\"https:\\\/\\\/europa-forum.org\\\/2017\\\/12\\\/wir-begruessen-unsere-neue-mitgliedsfirma-avanta-audit\\\/\"]}]},{\"@type\":\"ImageObject\",\"inLanguage\":\"pl-PL\",\"@id\":\"https:\\\/\\\/europa-forum.org\\\/2017\\\/12\\\/wir-begruessen-unsere-neue-mitgliedsfirma-avanta-audit\\\/#primaryimage\",\"url\":\"https:\\\/\\\/europa-forum.org\\\/wp-content\\\/uploads\\\/2017\\\/12\\\/avanta_logo_png.png\",\"contentUrl\":\"https:\\\/\\\/europa-forum.org\\\/wp-content\\\/uploads\\\/2017\\\/12\\\/avanta_logo_png.png\",\"width\":200,\"height\":122},{\"@type\":\"BreadcrumbList\",\"@id\":\"https:\\\/\\\/europa-forum.org\\\/2017\\\/12\\\/wir-begruessen-unsere-neue-mitgliedsfirma-avanta-audit\\\/#breadcrumb\",\"itemListElement\":[{\"@type\":\"ListItem\",\"position\":1,\"name\":\"Home\",\"item\":\"https:\\\/\\\/europa-forum.org\\\/pl\\\/\"},{\"@type\":\"ListItem\",\"position\":2,\"name\":\"Witamy now\u0105 firm\u0119 cz\u0142onkowsk\u0105 \u2013 AVANTA AUDIT\"}]},{\"@type\":\"WebSite\",\"@id\":\"https:\\\/\\\/europa-forum.org\\\/#website\",\"url\":\"https:\\\/\\\/europa-forum.org\\\/\",\"name\":\"EUROPA FORUM\",\"description\":\"Polsko-Niemieckie Ko\u0142o Gospodarcze we Wroc\u0142awiu\",\"publisher\":{\"@id\":\"https:\\\/\\\/europa-forum.org\\\/#organization\"},\"potentialAction\":[{\"@type\":\"SearchAction\",\"target\":{\"@type\":\"EntryPoint\",\"urlTemplate\":\"https:\\\/\\\/europa-forum.org\\\/?s={search_term_string}\"},\"query-input\":{\"@type\":\"PropertyValueSpecification\",\"valueRequired\":true,\"valueName\":\"search_term_string\"}}],\"inLanguage\":\"pl-PL\"},{\"@type\":\"Organization\",\"@id\":\"https:\\\/\\\/europa-forum.org\\\/#organization\",\"name\":\"EUROPA FORUM\",\"url\":\"https:\\\/\\\/europa-forum.org\\\/\",\"logo\":{\"@type\":\"ImageObject\",\"inLanguage\":\"pl-PL\",\"@id\":\"https:\\\/\\\/europa-forum.org\\\/#\\\/schema\\\/logo\\\/image\\\/\",\"url\":\"https:\\\/\\\/storage.googleapis.com\\\/media-cloud-test-ef\\\/2024\\\/12\\\/logo-square.png\",\"contentUrl\":\"https:\\\/\\\/storage.googleapis.com\\\/media-cloud-test-ef\\\/2024\\\/12\\\/logo-square.png\",\"width\":240,\"height\":240,\"caption\":\"EUROPA FORUM\"},\"image\":{\"@id\":\"https:\\\/\\\/europa-forum.org\\\/#\\\/schema\\\/logo\\\/image\\\/\"},\"sameAs\":[\"https:\\\/\\\/www.facebook.com\\\/EuropaForum\\\/\",\"https:\\\/\\\/www.linkedin.com\\\/company\\\/europa-forum\"]},{\"@type\":\"Person\",\"@id\":\"https:\\\/\\\/europa-forum.org\\\/#\\\/schema\\\/person\\\/78941253d03fdc931167811f69ae5afc\",\"name\":\"Web EUROPA FORUM\",\"image\":{\"@type\":\"ImageObject\",\"inLanguage\":\"pl-PL\",\"@id\":\"https:\\\/\\\/secure.gravatar.com\\\/avatar\\\/a0d9522a5e276ed089f6a92e55c96a108f9d763254edaa18f45f2cae401cb51d?s=96&d=mm&r=g\",\"url\":\"https:\\\/\\\/secure.gravatar.com\\\/avatar\\\/a0d9522a5e276ed089f6a92e55c96a108f9d763254edaa18f45f2cae401cb51d?s=96&d=mm&r=g\",\"contentUrl\":\"https:\\\/\\\/secure.gravatar.com\\\/avatar\\\/a0d9522a5e276ed089f6a92e55c96a108f9d763254edaa18f45f2cae401cb51d?s=96&d=mm&r=g\",\"caption\":\"Web EUROPA FORUM\"}}]}<\/script>\n<!-- \/ Yoast SEO plugin. -->","yoast_head_json":{"title":"Witamy now\u0105 firm\u0119 cz\u0142onkowsk\u0105 \u2013 AVANTA AUDIT - EUROPA FORUM","robots":{"index":"index","follow":"follow","max-snippet":"max-snippet:-1","max-image-preview":"max-image-preview:large","max-video-preview":"max-video-preview:-1"},"canonical":"https:\/\/europa-forum.org\/2017\/12\/wir-begruessen-unsere-neue-mitgliedsfirma-avanta-audit\/","og_locale":"pl_PL","og_type":"article","og_title":"Witamy now\u0105 firm\u0119 cz\u0142onkowsk\u0105 \u2013 AVANTA AUDIT - EUROPA FORUM","og_description":"EUROPA FORUM przedstawia: Avanta Audit Sp. z o.o. Sp. k. &nbsp; Od 09\/2017 mo\u017cemy powita\u0107 firm\u0119&nbsp;Avanta Audit Sp. z o.o. Sp. k. z siedzib\u0105 we Wroc\u0142awiu, jako nasz\u0105 now\u0105 firm\u0119 ... Czytaj wi\u0119cej","og_url":"https:\/\/europa-forum.org\/2017\/12\/wir-begruessen-unsere-neue-mitgliedsfirma-avanta-audit\/","og_site_name":"EUROPA FORUM","article_publisher":"https:\/\/www.facebook.com\/EuropaForum\/","article_published_time":"2017-12-19T12:07:27+00:00","article_modified_time":"2018-02-20T09:32:28+00:00","og_image":[{"width":200,"height":122,"url":"https:\/\/europa-forum.org\/wp-content\/uploads\/2017\/12\/avanta_logo_png.png","type":"image\/png"}],"author":"Web EUROPA FORUM","twitter_card":"summary_large_image","twitter_misc":{"Napisane przez":"Web EUROPA FORUM","Szacowany czas czytania":"2 minuty"},"schema":{"@context":"https:\/\/schema.org","@graph":[{"@type":"Article","@id":"https:\/\/europa-forum.org\/2017\/12\/wir-begruessen-unsere-neue-mitgliedsfirma-avanta-audit\/#article","isPartOf":{"@id":"https:\/\/europa-forum.org\/2017\/12\/wir-begruessen-unsere-neue-mitgliedsfirma-avanta-audit\/"},"author":{"name":"Web EUROPA FORUM","@id":"https:\/\/europa-forum.org\/#\/schema\/person\/78941253d03fdc931167811f69ae5afc"},"headline":"Witamy now\u0105 firm\u0119 cz\u0142onkowsk\u0105 \u2013 AVANTA AUDIT","datePublished":"2017-12-19T12:07:27+00:00","dateModified":"2018-02-20T09:32:28+00:00","mainEntityOfPage":{"@id":"https:\/\/europa-forum.org\/2017\/12\/wir-begruessen-unsere-neue-mitgliedsfirma-avanta-audit\/"},"wordCount":355,"publisher":{"@id":"https:\/\/europa-forum.org\/#organization"},"image":{"@id":"https:\/\/europa-forum.org\/2017\/12\/wir-begruessen-unsere-neue-mitgliedsfirma-avanta-audit\/#primaryimage"},"thumbnailUrl":"https:\/\/europa-forum.org\/wp-content\/uploads\/2017\/12\/avanta_logo_png.png","keywords":["2017","Ko\u0142o gospodarcze"],"articleSection":["Aktualno\u015bci cz\u0142onk\u00f3w","AKTUALNO\u015aCI STOWARZYSZENIA"],"inLanguage":"pl-PL"},{"@type":"WebPage","@id":"https:\/\/europa-forum.org\/2017\/12\/wir-begruessen-unsere-neue-mitgliedsfirma-avanta-audit\/","url":"https:\/\/europa-forum.org\/2017\/12\/wir-begruessen-unsere-neue-mitgliedsfirma-avanta-audit\/","name":"Witamy now\u0105 firm\u0119 cz\u0142onkowsk\u0105 \u2013 AVANTA AUDIT - EUROPA FORUM","isPartOf":{"@id":"https:\/\/europa-forum.org\/#website"},"primaryImageOfPage":{"@id":"https:\/\/europa-forum.org\/2017\/12\/wir-begruessen-unsere-neue-mitgliedsfirma-avanta-audit\/#primaryimage"},"image":{"@id":"https:\/\/europa-forum.org\/2017\/12\/wir-begruessen-unsere-neue-mitgliedsfirma-avanta-audit\/#primaryimage"},"thumbnailUrl":"https:\/\/europa-forum.org\/wp-content\/uploads\/2017\/12\/avanta_logo_png.png","datePublished":"2017-12-19T12:07:27+00:00","dateModified":"2018-02-20T09:32:28+00:00","breadcrumb":{"@id":"https:\/\/europa-forum.org\/2017\/12\/wir-begruessen-unsere-neue-mitgliedsfirma-avanta-audit\/#breadcrumb"},"inLanguage":"pl-PL","potentialAction":[{"@type":"ReadAction","target":["https:\/\/europa-forum.org\/2017\/12\/wir-begruessen-unsere-neue-mitgliedsfirma-avanta-audit\/"]}]},{"@type":"ImageObject","inLanguage":"pl-PL","@id":"https:\/\/europa-forum.org\/2017\/12\/wir-begruessen-unsere-neue-mitgliedsfirma-avanta-audit\/#primaryimage","url":"https:\/\/europa-forum.org\/wp-content\/uploads\/2017\/12\/avanta_logo_png.png","contentUrl":"https:\/\/europa-forum.org\/wp-content\/uploads\/2017\/12\/avanta_logo_png.png","width":200,"height":122},{"@type":"BreadcrumbList","@id":"https:\/\/europa-forum.org\/2017\/12\/wir-begruessen-unsere-neue-mitgliedsfirma-avanta-audit\/#breadcrumb","itemListElement":[{"@type":"ListItem","position":1,"name":"Home","item":"https:\/\/europa-forum.org\/pl\/"},{"@type":"ListItem","position":2,"name":"Witamy now\u0105 firm\u0119 cz\u0142onkowsk\u0105 \u2013 AVANTA AUDIT"}]},{"@type":"WebSite","@id":"https:\/\/europa-forum.org\/#website","url":"https:\/\/europa-forum.org\/","name":"EUROPA FORUM","description":"Polsko-Niemieckie Ko\u0142o Gospodarcze we Wroc\u0142awiu","publisher":{"@id":"https:\/\/europa-forum.org\/#organization"},"potentialAction":[{"@type":"SearchAction","target":{"@type":"EntryPoint","urlTemplate":"https:\/\/europa-forum.org\/?s={search_term_string}"},"query-input":{"@type":"PropertyValueSpecification","valueRequired":true,"valueName":"search_term_string"}}],"inLanguage":"pl-PL"},{"@type":"Organization","@id":"https:\/\/europa-forum.org\/#organization","name":"EUROPA FORUM","url":"https:\/\/europa-forum.org\/","logo":{"@type":"ImageObject","inLanguage":"pl-PL","@id":"https:\/\/europa-forum.org\/#\/schema\/logo\/image\/","url":"https:\/\/storage.googleapis.com\/media-cloud-test-ef\/2024\/12\/logo-square.png","contentUrl":"https:\/\/storage.googleapis.com\/media-cloud-test-ef\/2024\/12\/logo-square.png","width":240,"height":240,"caption":"EUROPA FORUM"},"image":{"@id":"https:\/\/europa-forum.org\/#\/schema\/logo\/image\/"},"sameAs":["https:\/\/www.facebook.com\/EuropaForum\/","https:\/\/www.linkedin.com\/company\/europa-forum"]},{"@type":"Person","@id":"https:\/\/europa-forum.org\/#\/schema\/person\/78941253d03fdc931167811f69ae5afc","name":"Web EUROPA FORUM","image":{"@type":"ImageObject","inLanguage":"pl-PL","@id":"https:\/\/secure.gravatar.com\/avatar\/a0d9522a5e276ed089f6a92e55c96a108f9d763254edaa18f45f2cae401cb51d?s=96&d=mm&r=g","url":"https:\/\/secure.gravatar.com\/avatar\/a0d9522a5e276ed089f6a92e55c96a108f9d763254edaa18f45f2cae401cb51d?s=96&d=mm&r=g","contentUrl":"https:\/\/secure.gravatar.com\/avatar\/a0d9522a5e276ed089f6a92e55c96a108f9d763254edaa18f45f2cae401cb51d?s=96&d=mm&r=g","caption":"Web EUROPA FORUM"}}]}},"_links":{"self":[{"href":"https:\/\/europa-forum.org\/pl\/wp-json\/wp\/v2\/posts\/15666","targetHints":{"allow":["GET"]}}],"collection":[{"href":"https:\/\/europa-forum.org\/pl\/wp-json\/wp\/v2\/posts"}],"about":[{"href":"https:\/\/europa-forum.org\/pl\/wp-json\/wp\/v2\/types\/post"}],"author":[{"embeddable":true,"href":"https:\/\/europa-forum.org\/pl\/wp-json\/wp\/v2\/users\/34"}],"replies":[{"embeddable":true,"href":"https:\/\/europa-forum.org\/pl\/wp-json\/wp\/v2\/comments?post=15666"}],"version-history":[{"count":5,"href":"https:\/\/europa-forum.org\/pl\/wp-json\/wp\/v2\/posts\/15666\/revisions"}],"predecessor-version":[{"id":16052,"href":"https:\/\/europa-forum.org\/pl\/wp-json\/wp\/v2\/posts\/15666\/revisions\/16052"}],"wp:featuredmedia":[{"embeddable":true,"href":"https:\/\/europa-forum.org\/pl\/wp-json\/wp\/v2\/media\/15570"}],"wp:attachment":[{"href":"https:\/\/europa-forum.org\/pl\/wp-json\/wp\/v2\/media?parent=15666"}],"wp:term":[{"taxonomy":"category","embeddable":true,"href":"https:\/\/europa-forum.org\/pl\/wp-json\/wp\/v2\/categories?post=15666"},{"taxonomy":"post_tag","embeddable":true,"href":"https:\/\/europa-forum.org\/pl\/wp-json\/wp\/v2\/tags?post=15666"}],"curies":[{"name":"wp","href":"https:\/\/api.w.org\/{rel}","templated":true}]}}