{"id":12696,"date":"2017-01-31T14:15:37","date_gmt":"2017-01-31T13:15:37","guid":{"rendered":"http:\/\/europa-forum.org\/?p=12696\/"},"modified":"2017-03-13T11:02:13","modified_gmt":"2017-03-13T10:02:13","slug":"nasza-firma-czlonkowska-sdzlegal-schindhelm-zaprasza-na-konferencje-27-02-2017","status":"publish","type":"post","link":"https:\/\/europa-forum.org\/pl\/2017\/01\/nasza-firma-czlonkowska-sdzlegal-schindhelm-zaprasza-na-konferencje-27-02-2017\/","title":{"rendered":"Nasza firma cz\u0142onkowska SDZLEGAL SCHINDHELM zaprasza na konferencj\u0119 | 27.02.2017"},"content":{"rendered":"<p><strong>Konferencja o zam\u00f3wieniach publicznych w Niemczech i Austrii | 27.02.2017<\/strong> <\/p>\n<p>Z kr\u0119gu naszych firm cz\u0142onkowskich:<\/p>\n<p><strong>SDZLEGAL SCHINDHELM we wsp\u00f3\u0142pracy z miesi\u0119cznikiem \u201ePrzetargi Publiczne\u201d ma zaszczyt zaprosi\u0107 Pa\u0144stwa na mi\u0119dzynarodow\u0105 konferencj\u0119 pt. \u201eZam\u00f3wienia publiczne w Niemczech i Austrii po implementacji nowych dyrektyw \u2013 analiza problem\u00f3w praktycznych w kontek\u015bcie polskich wykonawc\u00f3w\u201d.<\/strong><br \/>\nProgram po polsku &#8211; <a href=\"http:\/\/europa-forum.org\/wp-content\/uploads\/2017\/01\/Zaproszenie_konferencja_27.02.2017.pdf\"><strong>Zaproszenie_konferencja_27.02.2017<\/strong><\/a> <\/p>\n<p>Szczeg\u00f3\u0142owe warunki dotycz\u0105ce uczestnictwa w konferencji znajd\u0105 Pa\u0144stwo na stronie internetowej: <strong>http:\/\/www.zagraniczne.przetargipubliczne.pl\/<\/strong><!--more--> <\/p>\n<p>Podczas konferencji w bardzo praktyczny spos\u00f3b eksperci z Polski, Niemiec i Austrii przedstawi\u0105 mo\u017cliwo\u015bci rynku zam\u00f3wie\u0144 publicznych w Niemczech i Austrii pod k\u0105tem szans dla polskich przedsi\u0119biorc\u00f3w. Konferencja jest adresowana przede wszystkim do pracownik\u00f3w i w\u0142a\u015bcicieli przedsi\u0119biorstw, kt\u00f3re chcia\u0142yby realizowa\u0107 zam\u00f3wienia publiczne na terenie Niemiec i Austrii, ale r\u00f3wnie\u017c przedstawicieli przedsi\u0119biorstw, kt\u00f3re maj\u0105 ju\u017c do\u015bwiadczenie na zagranicznym rynku zam\u00f3wie\u0144 publicznych.<\/p>\n","protected":false},"excerpt":{"rendered":"<p>Konferencja o zam\u00f3wieniach publicznych w Niemczech i Austrii | 27.02.2017 Z kr\u0119gu naszych firm cz\u0142onkowskich: SDZLEGAL SCHINDHELM we wsp\u00f3\u0142pracy z miesi\u0119cznikiem \u201ePrzetargi Publiczne\u201d ma zaszczyt zaprosi\u0107 Pa\u0144stwa na mi\u0119dzynarodow\u0105 konferencj\u0119 &#8230; <a class=\"read-more\" href=\"https:\/\/europa-forum.org\/pl\/2017\/01\/nasza-firma-czlonkowska-sdzlegal-schindhelm-zaprasza-na-konferencje-27-02-2017\/\">Czytaj wi\u0119cej<\/a><\/p>\n","protected":false},"author":67,"featured_media":0,"comment_status":"closed","ping_status":"open","sticky":false,"template":"","format":"standard","meta":{"ngg_post_thumbnail":0,"footnotes":""},"categories":[46],"tags":[168,154,53,148,182,181,180,125,69],"class_list":["post-12696","post","type-post","status-publish","format-standard","hentry","category-aktualnosci-czlonkow","tag-2017-pl","tag-aktualnosci-czlonkow","tag-europa-forum-wroclaw","tag-gospodarka","tag-kolo-gospodarcze-pl","tag-polska-pl","tag-polsko-niemiecki-pl","tag-warsztaty","tag-wroclaw"],"yoast_head":"<!-- This site is optimized with the Yoast SEO plugin v27.3 - https:\/\/yoast.com\/product\/yoast-seo-wordpress\/ -->\n<title>Nasza firma cz\u0142onkowska SDZLEGAL SCHINDHELM zaprasza na konferencj\u0119 | 27.02.2017 - EUROPA FORUM<\/title>\n<meta name=\"robots\" content=\"index, follow, max-snippet:-1, max-image-preview:large, max-video-preview:-1\" \/>\n<link rel=\"canonical\" href=\"https:\/\/europa-forum.org\/2017\/01\/unsere-mitgliedsfirma-sdzlegal-schindhelm-laedt-ein-zur-konferenz-27-02-2017\/\" \/>\n<meta property=\"og:locale\" content=\"pl_PL\" \/>\n<meta property=\"og:type\" content=\"article\" \/>\n<meta property=\"og:title\" content=\"Nasza firma cz\u0142onkowska SDZLEGAL SCHINDHELM zaprasza na konferencj\u0119 | 27.02.2017 - EUROPA FORUM\" \/>\n<meta property=\"og:description\" content=\"Konferencja o zam\u00f3wieniach publicznych w Niemczech i Austrii | 27.02.2017 Z kr\u0119gu naszych firm cz\u0142onkowskich: SDZLEGAL SCHINDHELM we wsp\u00f3\u0142pracy z miesi\u0119cznikiem \u201ePrzetargi Publiczne\u201d ma zaszczyt zaprosi\u0107 Pa\u0144stwa na mi\u0119dzynarodow\u0105 konferencj\u0119 ... Czytaj wi\u0119cej\" \/>\n<meta property=\"og:url\" content=\"https:\/\/europa-forum.org\/2017\/01\/unsere-mitgliedsfirma-sdzlegal-schindhelm-laedt-ein-zur-konferenz-27-02-2017\/\" \/>\n<meta property=\"og:site_name\" content=\"EUROPA FORUM\" \/>\n<meta property=\"article:publisher\" content=\"https:\/\/www.facebook.com\/EuropaForum\/\" \/>\n<meta property=\"article:published_time\" content=\"2017-01-31T13:15:37+00:00\" \/>\n<meta property=\"article:modified_time\" content=\"2017-03-13T10:02:13+00:00\" \/>\n<meta name=\"author\" content=\"EUROPA FORUM\" \/>\n<meta name=\"twitter:card\" content=\"summary_large_image\" \/>\n<meta name=\"twitter:label1\" content=\"Napisane przez\" \/>\n\t<meta name=\"twitter:data1\" content=\"EUROPA FORUM\" \/>\n\t<meta name=\"twitter:label2\" content=\"Szacowany czas czytania\" \/>\n\t<meta name=\"twitter:data2\" content=\"1 minuta\" \/>\n<script type=\"application\/ld+json\" class=\"yoast-schema-graph\">{\"@context\":\"https:\\\/\\\/schema.org\",\"@graph\":[{\"@type\":\"Article\",\"@id\":\"https:\\\/\\\/europa-forum.org\\\/2017\\\/01\\\/unsere-mitgliedsfirma-sdzlegal-schindhelm-laedt-ein-zur-konferenz-27-02-2017\\\/#article\",\"isPartOf\":{\"@id\":\"https:\\\/\\\/europa-forum.org\\\/2017\\\/01\\\/unsere-mitgliedsfirma-sdzlegal-schindhelm-laedt-ein-zur-konferenz-27-02-2017\\\/\"},\"author\":{\"name\":\"EUROPA FORUM\",\"@id\":\"https:\\\/\\\/europa-forum.org\\\/#\\\/schema\\\/person\\\/fbb2c3378817155a7d7c5bac3c47cf73\"},\"headline\":\"Nasza firma cz\u0142onkowska SDZLEGAL SCHINDHELM zaprasza na konferencj\u0119 | 27.02.2017\",\"datePublished\":\"2017-01-31T13:15:37+00:00\",\"dateModified\":\"2017-03-13T10:02:13+00:00\",\"mainEntityOfPage\":{\"@id\":\"https:\\\/\\\/europa-forum.org\\\/2017\\\/01\\\/unsere-mitgliedsfirma-sdzlegal-schindhelm-laedt-ein-zur-konferenz-27-02-2017\\\/\"},\"wordCount\":170,\"publisher\":{\"@id\":\"https:\\\/\\\/europa-forum.org\\\/#organization\"},\"keywords\":[\"2017\",\"Aktualno\u015bci cz\u0142onk\u00f3w\",\"Europa Forum Wroc\u0142aw\",\"Gospodarka\",\"Ko\u0142o gospodarcze\",\"Polska\",\"Polsko-Niemiecki\",\"Warsztaty\",\"Wroc\u0142aw\"],\"articleSection\":[\"Aktualno\u015bci cz\u0142onk\u00f3w\"],\"inLanguage\":\"pl-PL\"},{\"@type\":\"WebPage\",\"@id\":\"https:\\\/\\\/europa-forum.org\\\/2017\\\/01\\\/unsere-mitgliedsfirma-sdzlegal-schindhelm-laedt-ein-zur-konferenz-27-02-2017\\\/\",\"url\":\"https:\\\/\\\/europa-forum.org\\\/2017\\\/01\\\/unsere-mitgliedsfirma-sdzlegal-schindhelm-laedt-ein-zur-konferenz-27-02-2017\\\/\",\"name\":\"Nasza firma cz\u0142onkowska SDZLEGAL SCHINDHELM zaprasza na konferencj\u0119 | 27.02.2017 - EUROPA FORUM\",\"isPartOf\":{\"@id\":\"https:\\\/\\\/europa-forum.org\\\/#website\"},\"datePublished\":\"2017-01-31T13:15:37+00:00\",\"dateModified\":\"2017-03-13T10:02:13+00:00\",\"breadcrumb\":{\"@id\":\"https:\\\/\\\/europa-forum.org\\\/2017\\\/01\\\/unsere-mitgliedsfirma-sdzlegal-schindhelm-laedt-ein-zur-konferenz-27-02-2017\\\/#breadcrumb\"},\"inLanguage\":\"pl-PL\",\"potentialAction\":[{\"@type\":\"ReadAction\",\"target\":[\"https:\\\/\\\/europa-forum.org\\\/2017\\\/01\\\/unsere-mitgliedsfirma-sdzlegal-schindhelm-laedt-ein-zur-konferenz-27-02-2017\\\/\"]}]},{\"@type\":\"BreadcrumbList\",\"@id\":\"https:\\\/\\\/europa-forum.org\\\/2017\\\/01\\\/unsere-mitgliedsfirma-sdzlegal-schindhelm-laedt-ein-zur-konferenz-27-02-2017\\\/#breadcrumb\",\"itemListElement\":[{\"@type\":\"ListItem\",\"position\":1,\"name\":\"Home\",\"item\":\"https:\\\/\\\/europa-forum.org\\\/pl\\\/\"},{\"@type\":\"ListItem\",\"position\":2,\"name\":\"Nasza firma cz\u0142onkowska SDZLEGAL SCHINDHELM zaprasza na konferencj\u0119 | 27.02.2017\"}]},{\"@type\":\"WebSite\",\"@id\":\"https:\\\/\\\/europa-forum.org\\\/#website\",\"url\":\"https:\\\/\\\/europa-forum.org\\\/\",\"name\":\"EUROPA FORUM\",\"description\":\"Polsko-Niemieckie Ko\u0142o Gospodarcze we Wroc\u0142awiu\",\"publisher\":{\"@id\":\"https:\\\/\\\/europa-forum.org\\\/#organization\"},\"potentialAction\":[{\"@type\":\"SearchAction\",\"target\":{\"@type\":\"EntryPoint\",\"urlTemplate\":\"https:\\\/\\\/europa-forum.org\\\/?s={search_term_string}\"},\"query-input\":{\"@type\":\"PropertyValueSpecification\",\"valueRequired\":true,\"valueName\":\"search_term_string\"}}],\"inLanguage\":\"pl-PL\"},{\"@type\":\"Organization\",\"@id\":\"https:\\\/\\\/europa-forum.org\\\/#organization\",\"name\":\"EUROPA FORUM\",\"url\":\"https:\\\/\\\/europa-forum.org\\\/\",\"logo\":{\"@type\":\"ImageObject\",\"inLanguage\":\"pl-PL\",\"@id\":\"https:\\\/\\\/europa-forum.org\\\/#\\\/schema\\\/logo\\\/image\\\/\",\"url\":\"https:\\\/\\\/storage.googleapis.com\\\/media-cloud-test-ef\\\/2024\\\/12\\\/logo-square.png\",\"contentUrl\":\"https:\\\/\\\/storage.googleapis.com\\\/media-cloud-test-ef\\\/2024\\\/12\\\/logo-square.png\",\"width\":240,\"height\":240,\"caption\":\"EUROPA FORUM\"},\"image\":{\"@id\":\"https:\\\/\\\/europa-forum.org\\\/#\\\/schema\\\/logo\\\/image\\\/\"},\"sameAs\":[\"https:\\\/\\\/www.facebook.com\\\/EuropaForum\\\/\",\"https:\\\/\\\/www.linkedin.com\\\/company\\\/europa-forum\"]},{\"@type\":\"Person\",\"@id\":\"https:\\\/\\\/europa-forum.org\\\/#\\\/schema\\\/person\\\/fbb2c3378817155a7d7c5bac3c47cf73\",\"name\":\"EUROPA FORUM\",\"image\":{\"@type\":\"ImageObject\",\"inLanguage\":\"pl-PL\",\"@id\":\"https:\\\/\\\/secure.gravatar.com\\\/avatar\\\/9ff03a7733d0a0239bab9987b763539cc183bfa59f639c0994bb261f287bd4d6?s=96&d=mm&r=g\",\"url\":\"https:\\\/\\\/secure.gravatar.com\\\/avatar\\\/9ff03a7733d0a0239bab9987b763539cc183bfa59f639c0994bb261f287bd4d6?s=96&d=mm&r=g\",\"contentUrl\":\"https:\\\/\\\/secure.gravatar.com\\\/avatar\\\/9ff03a7733d0a0239bab9987b763539cc183bfa59f639c0994bb261f287bd4d6?s=96&d=mm&r=g\",\"caption\":\"EUROPA FORUM\"}}]}<\/script>\n<!-- \/ Yoast SEO plugin. -->","yoast_head_json":{"title":"Nasza firma cz\u0142onkowska SDZLEGAL SCHINDHELM zaprasza na konferencj\u0119 | 27.02.2017 - EUROPA FORUM","robots":{"index":"index","follow":"follow","max-snippet":"max-snippet:-1","max-image-preview":"max-image-preview:large","max-video-preview":"max-video-preview:-1"},"canonical":"https:\/\/europa-forum.org\/2017\/01\/unsere-mitgliedsfirma-sdzlegal-schindhelm-laedt-ein-zur-konferenz-27-02-2017\/","og_locale":"pl_PL","og_type":"article","og_title":"Nasza firma cz\u0142onkowska SDZLEGAL SCHINDHELM zaprasza na konferencj\u0119 | 27.02.2017 - EUROPA FORUM","og_description":"Konferencja o zam\u00f3wieniach publicznych w Niemczech i Austrii | 27.02.2017 Z kr\u0119gu naszych firm cz\u0142onkowskich: SDZLEGAL SCHINDHELM we wsp\u00f3\u0142pracy z miesi\u0119cznikiem \u201ePrzetargi Publiczne\u201d ma zaszczyt zaprosi\u0107 Pa\u0144stwa na mi\u0119dzynarodow\u0105 konferencj\u0119 ... Czytaj wi\u0119cej","og_url":"https:\/\/europa-forum.org\/2017\/01\/unsere-mitgliedsfirma-sdzlegal-schindhelm-laedt-ein-zur-konferenz-27-02-2017\/","og_site_name":"EUROPA FORUM","article_publisher":"https:\/\/www.facebook.com\/EuropaForum\/","article_published_time":"2017-01-31T13:15:37+00:00","article_modified_time":"2017-03-13T10:02:13+00:00","author":"EUROPA FORUM","twitter_card":"summary_large_image","twitter_misc":{"Napisane przez":"EUROPA FORUM","Szacowany czas czytania":"1 minuta"},"schema":{"@context":"https:\/\/schema.org","@graph":[{"@type":"Article","@id":"https:\/\/europa-forum.org\/2017\/01\/unsere-mitgliedsfirma-sdzlegal-schindhelm-laedt-ein-zur-konferenz-27-02-2017\/#article","isPartOf":{"@id":"https:\/\/europa-forum.org\/2017\/01\/unsere-mitgliedsfirma-sdzlegal-schindhelm-laedt-ein-zur-konferenz-27-02-2017\/"},"author":{"name":"EUROPA FORUM","@id":"https:\/\/europa-forum.org\/#\/schema\/person\/fbb2c3378817155a7d7c5bac3c47cf73"},"headline":"Nasza firma cz\u0142onkowska SDZLEGAL SCHINDHELM zaprasza na konferencj\u0119 | 27.02.2017","datePublished":"2017-01-31T13:15:37+00:00","dateModified":"2017-03-13T10:02:13+00:00","mainEntityOfPage":{"@id":"https:\/\/europa-forum.org\/2017\/01\/unsere-mitgliedsfirma-sdzlegal-schindhelm-laedt-ein-zur-konferenz-27-02-2017\/"},"wordCount":170,"publisher":{"@id":"https:\/\/europa-forum.org\/#organization"},"keywords":["2017","Aktualno\u015bci cz\u0142onk\u00f3w","Europa Forum Wroc\u0142aw","Gospodarka","Ko\u0142o gospodarcze","Polska","Polsko-Niemiecki","Warsztaty","Wroc\u0142aw"],"articleSection":["Aktualno\u015bci cz\u0142onk\u00f3w"],"inLanguage":"pl-PL"},{"@type":"WebPage","@id":"https:\/\/europa-forum.org\/2017\/01\/unsere-mitgliedsfirma-sdzlegal-schindhelm-laedt-ein-zur-konferenz-27-02-2017\/","url":"https:\/\/europa-forum.org\/2017\/01\/unsere-mitgliedsfirma-sdzlegal-schindhelm-laedt-ein-zur-konferenz-27-02-2017\/","name":"Nasza firma cz\u0142onkowska SDZLEGAL SCHINDHELM zaprasza na konferencj\u0119 | 27.02.2017 - EUROPA FORUM","isPartOf":{"@id":"https:\/\/europa-forum.org\/#website"},"datePublished":"2017-01-31T13:15:37+00:00","dateModified":"2017-03-13T10:02:13+00:00","breadcrumb":{"@id":"https:\/\/europa-forum.org\/2017\/01\/unsere-mitgliedsfirma-sdzlegal-schindhelm-laedt-ein-zur-konferenz-27-02-2017\/#breadcrumb"},"inLanguage":"pl-PL","potentialAction":[{"@type":"ReadAction","target":["https:\/\/europa-forum.org\/2017\/01\/unsere-mitgliedsfirma-sdzlegal-schindhelm-laedt-ein-zur-konferenz-27-02-2017\/"]}]},{"@type":"BreadcrumbList","@id":"https:\/\/europa-forum.org\/2017\/01\/unsere-mitgliedsfirma-sdzlegal-schindhelm-laedt-ein-zur-konferenz-27-02-2017\/#breadcrumb","itemListElement":[{"@type":"ListItem","position":1,"name":"Home","item":"https:\/\/europa-forum.org\/pl\/"},{"@type":"ListItem","position":2,"name":"Nasza firma cz\u0142onkowska SDZLEGAL SCHINDHELM zaprasza na konferencj\u0119 | 27.02.2017"}]},{"@type":"WebSite","@id":"https:\/\/europa-forum.org\/#website","url":"https:\/\/europa-forum.org\/","name":"EUROPA FORUM","description":"Polsko-Niemieckie Ko\u0142o Gospodarcze we Wroc\u0142awiu","publisher":{"@id":"https:\/\/europa-forum.org\/#organization"},"potentialAction":[{"@type":"SearchAction","target":{"@type":"EntryPoint","urlTemplate":"https:\/\/europa-forum.org\/?s={search_term_string}"},"query-input":{"@type":"PropertyValueSpecification","valueRequired":true,"valueName":"search_term_string"}}],"inLanguage":"pl-PL"},{"@type":"Organization","@id":"https:\/\/europa-forum.org\/#organization","name":"EUROPA FORUM","url":"https:\/\/europa-forum.org\/","logo":{"@type":"ImageObject","inLanguage":"pl-PL","@id":"https:\/\/europa-forum.org\/#\/schema\/logo\/image\/","url":"https:\/\/storage.googleapis.com\/media-cloud-test-ef\/2024\/12\/logo-square.png","contentUrl":"https:\/\/storage.googleapis.com\/media-cloud-test-ef\/2024\/12\/logo-square.png","width":240,"height":240,"caption":"EUROPA FORUM"},"image":{"@id":"https:\/\/europa-forum.org\/#\/schema\/logo\/image\/"},"sameAs":["https:\/\/www.facebook.com\/EuropaForum\/","https:\/\/www.linkedin.com\/company\/europa-forum"]},{"@type":"Person","@id":"https:\/\/europa-forum.org\/#\/schema\/person\/fbb2c3378817155a7d7c5bac3c47cf73","name":"EUROPA FORUM","image":{"@type":"ImageObject","inLanguage":"pl-PL","@id":"https:\/\/secure.gravatar.com\/avatar\/9ff03a7733d0a0239bab9987b763539cc183bfa59f639c0994bb261f287bd4d6?s=96&d=mm&r=g","url":"https:\/\/secure.gravatar.com\/avatar\/9ff03a7733d0a0239bab9987b763539cc183bfa59f639c0994bb261f287bd4d6?s=96&d=mm&r=g","contentUrl":"https:\/\/secure.gravatar.com\/avatar\/9ff03a7733d0a0239bab9987b763539cc183bfa59f639c0994bb261f287bd4d6?s=96&d=mm&r=g","caption":"EUROPA FORUM"}}]}},"_links":{"self":[{"href":"https:\/\/europa-forum.org\/pl\/wp-json\/wp\/v2\/posts\/12696","targetHints":{"allow":["GET"]}}],"collection":[{"href":"https:\/\/europa-forum.org\/pl\/wp-json\/wp\/v2\/posts"}],"about":[{"href":"https:\/\/europa-forum.org\/pl\/wp-json\/wp\/v2\/types\/post"}],"author":[{"embeddable":true,"href":"https:\/\/europa-forum.org\/pl\/wp-json\/wp\/v2\/users\/67"}],"replies":[{"embeddable":true,"href":"https:\/\/europa-forum.org\/pl\/wp-json\/wp\/v2\/comments?post=12696"}],"version-history":[{"count":1,"href":"https:\/\/europa-forum.org\/pl\/wp-json\/wp\/v2\/posts\/12696\/revisions"}],"predecessor-version":[{"id":12697,"href":"https:\/\/europa-forum.org\/pl\/wp-json\/wp\/v2\/posts\/12696\/revisions\/12697"}],"wp:attachment":[{"href":"https:\/\/europa-forum.org\/pl\/wp-json\/wp\/v2\/media?parent=12696"}],"wp:term":[{"taxonomy":"category","embeddable":true,"href":"https:\/\/europa-forum.org\/pl\/wp-json\/wp\/v2\/categories?post=12696"},{"taxonomy":"post_tag","embeddable":true,"href":"https:\/\/europa-forum.org\/pl\/wp-json\/wp\/v2\/tags?post=12696"}],"curies":[{"name":"wp","href":"https:\/\/api.w.org\/{rel}","templated":true}]}}