{"id":11041,"date":"2016-11-21T21:56:47","date_gmt":"2016-11-21T20:56:47","guid":{"rendered":"http:\/\/europa-forum.org\/pl\/?p=11041"},"modified":"2016-11-21T21:56:47","modified_gmt":"2016-11-21T20:56:47","slug":"astana-ballet-uznany-zespol-baletowy-z-kazachstanu-po-raz-pierwszy-w-polsce","status":"publish","type":"post","link":"https:\/\/europa-forum.org\/pl\/2016\/11\/astana-ballet-uznany-zespol-baletowy-z-kazachstanu-po-raz-pierwszy-w-polsce\/","title":{"rendered":"ASTANA BALLET \u2013 uznany zesp\u00f3\u0142 baletowy z Kazachstanu po raz pierwszy w Polsce"},"content":{"rendered":"<p>23 listopada 2016 w Operze Wroc\u0142awskiej wyst\u0105pi Astana Ballet \u2013 m\u0142ody, ale ju\u017c uznany zesp\u00f3\u0142 baletowy z Kazachstanu. Gala baletowa organizowana przy udziale Ambasady Kazachstanu i wpisuje si\u0119 w obchody 25. rocznicy odzyskania niepodleg\u0142o\u015bci przez Kazachstan. Astana Ballet przedstawi trzycz\u0119\u015bciowy program z\u0142o\u017cony zar\u00f3wno z tradycyjnych kazachskich ta\u0144c\u00f3w narodowych, jak i wsp\u00f3\u0142czesnych choreografii do muzyki m.in. Edith Piaf i Jacquesa Brela, Astora Piazzolli. <!--more--><br \/>\nZesp\u00f3\u0142 powsta\u0142 w 2012 roku, od tego czasu przyci\u0105gn\u0105\u0142 ju\u017c uwag\u0119 mi\u0119dzynarodowej publiczno\u015bci. Wyr\u00f3\u017cnia go \u015bwie\u017ce i oryginalne podej\u015bcie do sztuki ta\u0144ca &#8211; tworzone dla niego choreografie powstaj\u0105 w odpowiedzi na aktualne trendy panuj\u0105ce zar\u00f3wno w ta\u0144cu, jak i codziennym \u017cyciu. Astana Ballet z powodzeniem \u0142\u0105czy tradycj\u0119 z nowoczesno\u015bci\u0105, buduj\u0105c most mi\u0119dzy przesz\u0142o\u015bci\u0105 a wsp\u00f3\u0142czesno\u015bci\u0105, mi\u0119dzy sztuk\u0105 ludow\u0105 a modern dance.<\/p>\n<p>Bilety do nabycia w kasie biletowej pod numerem tel. +48 71 344 57 79, +48 71 370 88 18 (pon.-sob. 12.00-19.00)<\/p>\n<p><strong>ASTANA BALLET<br \/>\n23 listopada 2016<br \/>\ngodz. 19:00<br \/>\nOpera Wroc\u0142awska<br \/>\nul. \u015awidnicka 35<\/strong><\/p>\n<p><a href=\"http:\/\/europa-forum.org\/wp-content\/uploads\/2016\/11\/Astana-Ballet_Programm-engl.-final.pdf\">Repertuar<\/a><br \/>\n<a href=\"http:\/\/europa-forum.org\/wp-content\/uploads\/2016\/11\/Astana-Ballet-we-Wroc\u0142awiu_informacja-prasowa.pdf\">Notka prasowa<\/a><br \/>\nLink &#8211; www.youtube.com\/results?search_query=astana+ballet<\/p>\n","protected":false},"excerpt":{"rendered":"<p>23 listopada 2016 w Operze Wroc\u0142awskiej wyst\u0105pi Astana Ballet \u2013 m\u0142ody, ale ju\u017c uznany zesp\u00f3\u0142 baletowy z Kazachstanu. Gala baletowa organizowana przy udziale Ambasady Kazachstanu i wpisuje si\u0119 w obchody &#8230; <a class=\"read-more\" href=\"https:\/\/europa-forum.org\/pl\/2016\/11\/astana-ballet-uznany-zespol-baletowy-z-kazachstanu-po-raz-pierwszy-w-polsce\/\">Czytaj wi\u0119cej<\/a><\/p>\n","protected":false},"author":34,"featured_media":11036,"comment_status":"closed","ping_status":"open","sticky":false,"template":"","format":"standard","meta":{"ngg_post_thumbnail":0,"footnotes":""},"categories":[50],"tags":[95,53,182,133],"class_list":["post-11041","post","type-post","status-publish","format-standard","has-post-thumbnail","hentry","category-polecamy-kulture","tag-2016-pl","tag-europa-forum-wroclaw","tag-kolo-gospodarcze-pl","tag-kultura"],"yoast_head":"<!-- This site is optimized with the Yoast SEO plugin v27.3 - https:\/\/yoast.com\/product\/yoast-seo-wordpress\/ -->\n<title>ASTANA BALLET \u2013 uznany zesp\u00f3\u0142 baletowy z Kazachstanu po raz pierwszy w Polsce - EUROPA FORUM<\/title>\n<meta name=\"robots\" content=\"index, follow, max-snippet:-1, max-image-preview:large, max-video-preview:-1\" \/>\n<link rel=\"canonical\" href=\"https:\/\/europa-forum.org\/2016\/11\/astana-ballett-renommiertes-junges-ensemble-aus-kasachstan-erstmalig-polen\/\" \/>\n<meta property=\"og:locale\" content=\"pl_PL\" \/>\n<meta property=\"og:type\" content=\"article\" \/>\n<meta property=\"og:title\" content=\"ASTANA BALLET \u2013 uznany zesp\u00f3\u0142 baletowy z Kazachstanu po raz pierwszy w Polsce - EUROPA FORUM\" \/>\n<meta property=\"og:description\" content=\"23 listopada 2016 w Operze Wroc\u0142awskiej wyst\u0105pi Astana Ballet \u2013 m\u0142ody, ale ju\u017c uznany zesp\u00f3\u0142 baletowy z Kazachstanu. Gala baletowa organizowana przy udziale Ambasady Kazachstanu i wpisuje si\u0119 w obchody ... Czytaj wi\u0119cej\" \/>\n<meta property=\"og:url\" content=\"https:\/\/europa-forum.org\/2016\/11\/astana-ballett-renommiertes-junges-ensemble-aus-kasachstan-erstmalig-polen\/\" \/>\n<meta property=\"og:site_name\" content=\"EUROPA FORUM\" \/>\n<meta property=\"article:publisher\" content=\"https:\/\/www.facebook.com\/EuropaForum\/\" \/>\n<meta property=\"article:published_time\" content=\"2016-11-21T20:56:47+00:00\" \/>\n<meta property=\"og:image\" content=\"https:\/\/europa-forum.org\/wp-content\/uploads\/2016\/11\/DSC3414-1024x683.jpg\" \/>\n\t<meta property=\"og:image:width\" content=\"1024\" \/>\n\t<meta property=\"og:image:height\" content=\"683\" \/>\n\t<meta property=\"og:image:type\" content=\"image\/jpeg\" \/>\n<meta name=\"author\" content=\"Web EUROPA FORUM\" \/>\n<meta name=\"twitter:card\" content=\"summary_large_image\" \/>\n<meta name=\"twitter:label1\" content=\"Napisane przez\" \/>\n\t<meta name=\"twitter:data1\" content=\"Web EUROPA FORUM\" \/>\n\t<meta name=\"twitter:label2\" content=\"Szacowany czas czytania\" \/>\n\t<meta name=\"twitter:data2\" content=\"1 minuta\" \/>\n<script type=\"application\/ld+json\" class=\"yoast-schema-graph\">{\"@context\":\"https:\\\/\\\/schema.org\",\"@graph\":[{\"@type\":\"Article\",\"@id\":\"https:\\\/\\\/europa-forum.org\\\/2016\\\/11\\\/astana-ballett-renommiertes-junges-ensemble-aus-kasachstan-erstmalig-polen\\\/#article\",\"isPartOf\":{\"@id\":\"https:\\\/\\\/europa-forum.org\\\/2016\\\/11\\\/astana-ballett-renommiertes-junges-ensemble-aus-kasachstan-erstmalig-polen\\\/\"},\"author\":{\"name\":\"Web EUROPA FORUM\",\"@id\":\"https:\\\/\\\/europa-forum.org\\\/#\\\/schema\\\/person\\\/78941253d03fdc931167811f69ae5afc\"},\"headline\":\"ASTANA BALLET \u2013 uznany zesp\u00f3\u0142 baletowy z Kazachstanu po raz pierwszy w Polsce\",\"datePublished\":\"2016-11-21T20:56:47+00:00\",\"mainEntityOfPage\":{\"@id\":\"https:\\\/\\\/europa-forum.org\\\/2016\\\/11\\\/astana-ballett-renommiertes-junges-ensemble-aus-kasachstan-erstmalig-polen\\\/\"},\"wordCount\":195,\"publisher\":{\"@id\":\"https:\\\/\\\/europa-forum.org\\\/#organization\"},\"image\":{\"@id\":\"https:\\\/\\\/europa-forum.org\\\/2016\\\/11\\\/astana-ballett-renommiertes-junges-ensemble-aus-kasachstan-erstmalig-polen\\\/#primaryimage\"},\"thumbnailUrl\":\"https:\\\/\\\/europa-forum.org\\\/wp-content\\\/uploads\\\/2016\\\/11\\\/DSC3414.jpg\",\"keywords\":[\"2016\",\"Europa Forum Wroc\u0142aw\",\"Ko\u0142o gospodarcze\",\"Kultura\"],\"articleSection\":[\"Polecamy kultur\u0119\"],\"inLanguage\":\"pl-PL\"},{\"@type\":\"WebPage\",\"@id\":\"https:\\\/\\\/europa-forum.org\\\/2016\\\/11\\\/astana-ballett-renommiertes-junges-ensemble-aus-kasachstan-erstmalig-polen\\\/\",\"url\":\"https:\\\/\\\/europa-forum.org\\\/2016\\\/11\\\/astana-ballett-renommiertes-junges-ensemble-aus-kasachstan-erstmalig-polen\\\/\",\"name\":\"ASTANA BALLET \u2013 uznany zesp\u00f3\u0142 baletowy z Kazachstanu po raz pierwszy w Polsce - EUROPA FORUM\",\"isPartOf\":{\"@id\":\"https:\\\/\\\/europa-forum.org\\\/#website\"},\"primaryImageOfPage\":{\"@id\":\"https:\\\/\\\/europa-forum.org\\\/2016\\\/11\\\/astana-ballett-renommiertes-junges-ensemble-aus-kasachstan-erstmalig-polen\\\/#primaryimage\"},\"image\":{\"@id\":\"https:\\\/\\\/europa-forum.org\\\/2016\\\/11\\\/astana-ballett-renommiertes-junges-ensemble-aus-kasachstan-erstmalig-polen\\\/#primaryimage\"},\"thumbnailUrl\":\"https:\\\/\\\/europa-forum.org\\\/wp-content\\\/uploads\\\/2016\\\/11\\\/DSC3414.jpg\",\"datePublished\":\"2016-11-21T20:56:47+00:00\",\"breadcrumb\":{\"@id\":\"https:\\\/\\\/europa-forum.org\\\/2016\\\/11\\\/astana-ballett-renommiertes-junges-ensemble-aus-kasachstan-erstmalig-polen\\\/#breadcrumb\"},\"inLanguage\":\"pl-PL\",\"potentialAction\":[{\"@type\":\"ReadAction\",\"target\":[\"https:\\\/\\\/europa-forum.org\\\/2016\\\/11\\\/astana-ballett-renommiertes-junges-ensemble-aus-kasachstan-erstmalig-polen\\\/\"]}]},{\"@type\":\"ImageObject\",\"inLanguage\":\"pl-PL\",\"@id\":\"https:\\\/\\\/europa-forum.org\\\/2016\\\/11\\\/astana-ballett-renommiertes-junges-ensemble-aus-kasachstan-erstmalig-polen\\\/#primaryimage\",\"url\":\"https:\\\/\\\/europa-forum.org\\\/wp-content\\\/uploads\\\/2016\\\/11\\\/DSC3414.jpg\",\"contentUrl\":\"https:\\\/\\\/europa-forum.org\\\/wp-content\\\/uploads\\\/2016\\\/11\\\/DSC3414.jpg\",\"width\":4352,\"height\":2901},{\"@type\":\"BreadcrumbList\",\"@id\":\"https:\\\/\\\/europa-forum.org\\\/2016\\\/11\\\/astana-ballett-renommiertes-junges-ensemble-aus-kasachstan-erstmalig-polen\\\/#breadcrumb\",\"itemListElement\":[{\"@type\":\"ListItem\",\"position\":1,\"name\":\"Home\",\"item\":\"https:\\\/\\\/europa-forum.org\\\/pl\\\/\"},{\"@type\":\"ListItem\",\"position\":2,\"name\":\"ASTANA BALLET \u2013 uznany zesp\u00f3\u0142 baletowy z Kazachstanu po raz pierwszy w Polsce\"}]},{\"@type\":\"WebSite\",\"@id\":\"https:\\\/\\\/europa-forum.org\\\/#website\",\"url\":\"https:\\\/\\\/europa-forum.org\\\/\",\"name\":\"EUROPA FORUM\",\"description\":\"Polsko-Niemieckie Ko\u0142o Gospodarcze we Wroc\u0142awiu\",\"publisher\":{\"@id\":\"https:\\\/\\\/europa-forum.org\\\/#organization\"},\"potentialAction\":[{\"@type\":\"SearchAction\",\"target\":{\"@type\":\"EntryPoint\",\"urlTemplate\":\"https:\\\/\\\/europa-forum.org\\\/?s={search_term_string}\"},\"query-input\":{\"@type\":\"PropertyValueSpecification\",\"valueRequired\":true,\"valueName\":\"search_term_string\"}}],\"inLanguage\":\"pl-PL\"},{\"@type\":\"Organization\",\"@id\":\"https:\\\/\\\/europa-forum.org\\\/#organization\",\"name\":\"EUROPA FORUM\",\"url\":\"https:\\\/\\\/europa-forum.org\\\/\",\"logo\":{\"@type\":\"ImageObject\",\"inLanguage\":\"pl-PL\",\"@id\":\"https:\\\/\\\/europa-forum.org\\\/#\\\/schema\\\/logo\\\/image\\\/\",\"url\":\"https:\\\/\\\/storage.googleapis.com\\\/media-cloud-test-ef\\\/2024\\\/12\\\/logo-square.png\",\"contentUrl\":\"https:\\\/\\\/storage.googleapis.com\\\/media-cloud-test-ef\\\/2024\\\/12\\\/logo-square.png\",\"width\":240,\"height\":240,\"caption\":\"EUROPA FORUM\"},\"image\":{\"@id\":\"https:\\\/\\\/europa-forum.org\\\/#\\\/schema\\\/logo\\\/image\\\/\"},\"sameAs\":[\"https:\\\/\\\/www.facebook.com\\\/EuropaForum\\\/\",\"https:\\\/\\\/www.linkedin.com\\\/company\\\/europa-forum\"]},{\"@type\":\"Person\",\"@id\":\"https:\\\/\\\/europa-forum.org\\\/#\\\/schema\\\/person\\\/78941253d03fdc931167811f69ae5afc\",\"name\":\"Web EUROPA FORUM\",\"image\":{\"@type\":\"ImageObject\",\"inLanguage\":\"pl-PL\",\"@id\":\"https:\\\/\\\/secure.gravatar.com\\\/avatar\\\/a0d9522a5e276ed089f6a92e55c96a108f9d763254edaa18f45f2cae401cb51d?s=96&d=mm&r=g\",\"url\":\"https:\\\/\\\/secure.gravatar.com\\\/avatar\\\/a0d9522a5e276ed089f6a92e55c96a108f9d763254edaa18f45f2cae401cb51d?s=96&d=mm&r=g\",\"contentUrl\":\"https:\\\/\\\/secure.gravatar.com\\\/avatar\\\/a0d9522a5e276ed089f6a92e55c96a108f9d763254edaa18f45f2cae401cb51d?s=96&d=mm&r=g\",\"caption\":\"Web EUROPA FORUM\"}}]}<\/script>\n<!-- \/ Yoast SEO plugin. -->","yoast_head_json":{"title":"ASTANA BALLET \u2013 uznany zesp\u00f3\u0142 baletowy z Kazachstanu po raz pierwszy w Polsce - EUROPA FORUM","robots":{"index":"index","follow":"follow","max-snippet":"max-snippet:-1","max-image-preview":"max-image-preview:large","max-video-preview":"max-video-preview:-1"},"canonical":"https:\/\/europa-forum.org\/2016\/11\/astana-ballett-renommiertes-junges-ensemble-aus-kasachstan-erstmalig-polen\/","og_locale":"pl_PL","og_type":"article","og_title":"ASTANA BALLET \u2013 uznany zesp\u00f3\u0142 baletowy z Kazachstanu po raz pierwszy w Polsce - EUROPA FORUM","og_description":"23 listopada 2016 w Operze Wroc\u0142awskiej wyst\u0105pi Astana Ballet \u2013 m\u0142ody, ale ju\u017c uznany zesp\u00f3\u0142 baletowy z Kazachstanu. Gala baletowa organizowana przy udziale Ambasady Kazachstanu i wpisuje si\u0119 w obchody ... Czytaj wi\u0119cej","og_url":"https:\/\/europa-forum.org\/2016\/11\/astana-ballett-renommiertes-junges-ensemble-aus-kasachstan-erstmalig-polen\/","og_site_name":"EUROPA FORUM","article_publisher":"https:\/\/www.facebook.com\/EuropaForum\/","article_published_time":"2016-11-21T20:56:47+00:00","og_image":[{"width":1024,"height":683,"url":"https:\/\/europa-forum.org\/wp-content\/uploads\/2016\/11\/DSC3414-1024x683.jpg","type":"image\/jpeg"}],"author":"Web EUROPA FORUM","twitter_card":"summary_large_image","twitter_misc":{"Napisane przez":"Web EUROPA FORUM","Szacowany czas czytania":"1 minuta"},"schema":{"@context":"https:\/\/schema.org","@graph":[{"@type":"Article","@id":"https:\/\/europa-forum.org\/2016\/11\/astana-ballett-renommiertes-junges-ensemble-aus-kasachstan-erstmalig-polen\/#article","isPartOf":{"@id":"https:\/\/europa-forum.org\/2016\/11\/astana-ballett-renommiertes-junges-ensemble-aus-kasachstan-erstmalig-polen\/"},"author":{"name":"Web EUROPA FORUM","@id":"https:\/\/europa-forum.org\/#\/schema\/person\/78941253d03fdc931167811f69ae5afc"},"headline":"ASTANA BALLET \u2013 uznany zesp\u00f3\u0142 baletowy z Kazachstanu po raz pierwszy w Polsce","datePublished":"2016-11-21T20:56:47+00:00","mainEntityOfPage":{"@id":"https:\/\/europa-forum.org\/2016\/11\/astana-ballett-renommiertes-junges-ensemble-aus-kasachstan-erstmalig-polen\/"},"wordCount":195,"publisher":{"@id":"https:\/\/europa-forum.org\/#organization"},"image":{"@id":"https:\/\/europa-forum.org\/2016\/11\/astana-ballett-renommiertes-junges-ensemble-aus-kasachstan-erstmalig-polen\/#primaryimage"},"thumbnailUrl":"https:\/\/europa-forum.org\/wp-content\/uploads\/2016\/11\/DSC3414.jpg","keywords":["2016","Europa Forum Wroc\u0142aw","Ko\u0142o gospodarcze","Kultura"],"articleSection":["Polecamy kultur\u0119"],"inLanguage":"pl-PL"},{"@type":"WebPage","@id":"https:\/\/europa-forum.org\/2016\/11\/astana-ballett-renommiertes-junges-ensemble-aus-kasachstan-erstmalig-polen\/","url":"https:\/\/europa-forum.org\/2016\/11\/astana-ballett-renommiertes-junges-ensemble-aus-kasachstan-erstmalig-polen\/","name":"ASTANA BALLET \u2013 uznany zesp\u00f3\u0142 baletowy z Kazachstanu po raz pierwszy w Polsce - EUROPA FORUM","isPartOf":{"@id":"https:\/\/europa-forum.org\/#website"},"primaryImageOfPage":{"@id":"https:\/\/europa-forum.org\/2016\/11\/astana-ballett-renommiertes-junges-ensemble-aus-kasachstan-erstmalig-polen\/#primaryimage"},"image":{"@id":"https:\/\/europa-forum.org\/2016\/11\/astana-ballett-renommiertes-junges-ensemble-aus-kasachstan-erstmalig-polen\/#primaryimage"},"thumbnailUrl":"https:\/\/europa-forum.org\/wp-content\/uploads\/2016\/11\/DSC3414.jpg","datePublished":"2016-11-21T20:56:47+00:00","breadcrumb":{"@id":"https:\/\/europa-forum.org\/2016\/11\/astana-ballett-renommiertes-junges-ensemble-aus-kasachstan-erstmalig-polen\/#breadcrumb"},"inLanguage":"pl-PL","potentialAction":[{"@type":"ReadAction","target":["https:\/\/europa-forum.org\/2016\/11\/astana-ballett-renommiertes-junges-ensemble-aus-kasachstan-erstmalig-polen\/"]}]},{"@type":"ImageObject","inLanguage":"pl-PL","@id":"https:\/\/europa-forum.org\/2016\/11\/astana-ballett-renommiertes-junges-ensemble-aus-kasachstan-erstmalig-polen\/#primaryimage","url":"https:\/\/europa-forum.org\/wp-content\/uploads\/2016\/11\/DSC3414.jpg","contentUrl":"https:\/\/europa-forum.org\/wp-content\/uploads\/2016\/11\/DSC3414.jpg","width":4352,"height":2901},{"@type":"BreadcrumbList","@id":"https:\/\/europa-forum.org\/2016\/11\/astana-ballett-renommiertes-junges-ensemble-aus-kasachstan-erstmalig-polen\/#breadcrumb","itemListElement":[{"@type":"ListItem","position":1,"name":"Home","item":"https:\/\/europa-forum.org\/pl\/"},{"@type":"ListItem","position":2,"name":"ASTANA BALLET \u2013 uznany zesp\u00f3\u0142 baletowy z Kazachstanu po raz pierwszy w Polsce"}]},{"@type":"WebSite","@id":"https:\/\/europa-forum.org\/#website","url":"https:\/\/europa-forum.org\/","name":"EUROPA FORUM","description":"Polsko-Niemieckie Ko\u0142o Gospodarcze we Wroc\u0142awiu","publisher":{"@id":"https:\/\/europa-forum.org\/#organization"},"potentialAction":[{"@type":"SearchAction","target":{"@type":"EntryPoint","urlTemplate":"https:\/\/europa-forum.org\/?s={search_term_string}"},"query-input":{"@type":"PropertyValueSpecification","valueRequired":true,"valueName":"search_term_string"}}],"inLanguage":"pl-PL"},{"@type":"Organization","@id":"https:\/\/europa-forum.org\/#organization","name":"EUROPA FORUM","url":"https:\/\/europa-forum.org\/","logo":{"@type":"ImageObject","inLanguage":"pl-PL","@id":"https:\/\/europa-forum.org\/#\/schema\/logo\/image\/","url":"https:\/\/storage.googleapis.com\/media-cloud-test-ef\/2024\/12\/logo-square.png","contentUrl":"https:\/\/storage.googleapis.com\/media-cloud-test-ef\/2024\/12\/logo-square.png","width":240,"height":240,"caption":"EUROPA FORUM"},"image":{"@id":"https:\/\/europa-forum.org\/#\/schema\/logo\/image\/"},"sameAs":["https:\/\/www.facebook.com\/EuropaForum\/","https:\/\/www.linkedin.com\/company\/europa-forum"]},{"@type":"Person","@id":"https:\/\/europa-forum.org\/#\/schema\/person\/78941253d03fdc931167811f69ae5afc","name":"Web EUROPA FORUM","image":{"@type":"ImageObject","inLanguage":"pl-PL","@id":"https:\/\/secure.gravatar.com\/avatar\/a0d9522a5e276ed089f6a92e55c96a108f9d763254edaa18f45f2cae401cb51d?s=96&d=mm&r=g","url":"https:\/\/secure.gravatar.com\/avatar\/a0d9522a5e276ed089f6a92e55c96a108f9d763254edaa18f45f2cae401cb51d?s=96&d=mm&r=g","contentUrl":"https:\/\/secure.gravatar.com\/avatar\/a0d9522a5e276ed089f6a92e55c96a108f9d763254edaa18f45f2cae401cb51d?s=96&d=mm&r=g","caption":"Web EUROPA FORUM"}}]}},"_links":{"self":[{"href":"https:\/\/europa-forum.org\/pl\/wp-json\/wp\/v2\/posts\/11041","targetHints":{"allow":["GET"]}}],"collection":[{"href":"https:\/\/europa-forum.org\/pl\/wp-json\/wp\/v2\/posts"}],"about":[{"href":"https:\/\/europa-forum.org\/pl\/wp-json\/wp\/v2\/types\/post"}],"author":[{"embeddable":true,"href":"https:\/\/europa-forum.org\/pl\/wp-json\/wp\/v2\/users\/34"}],"replies":[{"embeddable":true,"href":"https:\/\/europa-forum.org\/pl\/wp-json\/wp\/v2\/comments?post=11041"}],"version-history":[{"count":0,"href":"https:\/\/europa-forum.org\/pl\/wp-json\/wp\/v2\/posts\/11041\/revisions"}],"wp:featuredmedia":[{"embeddable":true,"href":"https:\/\/europa-forum.org\/pl\/wp-json\/wp\/v2\/media\/11036"}],"wp:attachment":[{"href":"https:\/\/europa-forum.org\/pl\/wp-json\/wp\/v2\/media?parent=11041"}],"wp:term":[{"taxonomy":"category","embeddable":true,"href":"https:\/\/europa-forum.org\/pl\/wp-json\/wp\/v2\/categories?post=11041"},{"taxonomy":"post_tag","embeddable":true,"href":"https:\/\/europa-forum.org\/pl\/wp-json\/wp\/v2\/tags?post=11041"}],"curies":[{"name":"wp","href":"https:\/\/api.w.org\/{rel}","templated":true}]}}